{"id":627,"date":"2012-03-19T23:37:44","date_gmt":"2012-03-19T21:37:44","guid":{"rendered":"http:\/\/agora.xtec.cat\/escolafmistral\/general\/concurs-d-avions-de-paper-al-menjador-escolar\/"},"modified":"2012-03-19T23:37:44","modified_gmt":"2012-03-19T21:37:44","slug":"concurs-d-avions-de-paper-al-menjador-escolar","status":"publish","type":"post","link":"https:\/\/agora.xtec.cat\/escolafmistral\/general\/concurs-d-avions-de-paper-al-menjador-escolar\/","title":{"rendered":"CONCURS D\u2019 AVIONS DE PAPER AL MENJADOR ESCOLAR!"},"content":{"rendered":"<p><font face=\"verdana,arial,helvetica,sans-serif\">El passat dia 9 de mar\u00e7 vam fer un <strong>concurs d\u2019avions<\/strong> de paper al menjador de l\u2019escola. <\/font><\/p>\n<p><font face=\"verdana,arial,helvetica,sans-serif\"> <\/font> <\/p>\n<p><font face=\"verdana,arial,helvetica,sans-serif\">Els nens\/es del menjador van passar tota la setmana preparant els seus avions, estaven molt il\u2022lusionats ja que el divendres far\u00edem la gran competici\u00f3.<br \/>\nEl concurs va ser tot un \u00e8xit, van participar molts nens i nenes, fins i tot alg\u00fa va implicar a pares, mares i germans per fer el seu avi\u00f3.<br \/>\nTots vam ser guanyadors ja que participant ens ho vam passar d\u2019 all\u00f2 m\u00e9s b\u00e9.<br \/>\nTamb\u00e9 us dir\u00e9 que vam tenir uns espectadors de luxe, tots els petits del parvulari van gaudir del concurs veient con els seus companys grans feien volar les seves creacions.<br \/>\n<\/font><\/p>\n<p><font face=\"verdana,arial,helvetica,sans-serif\"> <\/font> <\/p>\n<p><font face=\"verdana,arial,helvetica,sans-serif\">Gr\u00e0cies a tots per participar i esperem que el proper concurs tingui la mateixa participaci\u00f3 i il\u2022lusi\u00f3 que els nens\/es i monitors hem posat en aquest esdeveniment.<\/font> <\/p>\n<p align=\"center\"><img loading=\"lazy\" decoding=\"async\" width=\"621\" height=\"456\" <img loading=\"lazy\" decoding=\"async\" src=\"http:\/\/agora.xtec.cat\/escolafmistral\/wp-content\/uploads\/usu688\/2016\/10\/avions.jpg\" \/> <\/p>\n<div align=\"left\"><\/div>\n<p>&nbsp;<\/p>\n<p align=\"center\"><font face=\"verdana,arial,helvetica,sans-serif\"><strong><a target=\"_blank\" href=\"https:\/\/picasaweb.google.com\/ceipfredericmistral\/March192012#slideshow\/5721739625944652802\">VEURE M\u00c9S FOTOS<\/a><\/strong><\/font><\/p>\n","protected":false},"excerpt":{"rendered":"<p>El passat dia 9 de mar\u00e7 vam fer un concurs d\u2019avions de paper al menjador de l\u2019escola. Els nens\/es del menjador van passar tota la setmana preparant els seus avions, estaven molt il\u2022lusionats ja que el divendres far\u00edem la gran competici\u00f3. El concurs va ser tot un \u00e8xit, van participar molts nens i nenes, fins [&hellip;]<\/p>\n","protected":false},"author":1,"featured_media":0,"comment_status":"open","ping_status":"open","sticky":false,"template":"","format":"standard","meta":{"_bbp_topic_count":0,"_bbp_reply_count":0,"_bbp_total_topic_count":0,"_bbp_total_reply_count":0,"_bbp_voice_count":0,"_bbp_anonymous_reply_count":0,"_bbp_topic_count_hidden":0,"_bbp_reply_count_hidden":0,"_bbp_forum_subforum_count":0,"site-sidebar-layout":"default","site-content-layout":"","ast-site-content-layout":"","site-content-style":"default","site-sidebar-style":"default","ast-global-header-display":"","ast-banner-title-visibility":"","ast-main-header-display":"","ast-hfb-above-header-display":"","ast-hfb-below-header-display":"","ast-hfb-mobile-header-display":"","site-post-title":"","ast-breadcrumbs-content":"","ast-featured-img":"","footer-sml-layout":"","theme-transparent-header-meta":"","adv-header-id-meta":"","stick-header-meta":"","header-above-stick-meta":"","header-main-stick-meta":"","header-below-stick-meta":"","astra-migrate-meta-layouts":"default","ast-page-background-enabled":"default","ast-page-background-meta":{"desktop":{"background-color":"var(--ast-global-color-4)","background-image":"","background-repeat":"repeat","background-position":"center center","background-size":"auto","background-attachment":"scroll","background-type":"","background-media":"","overlay-type":"","overlay-color":"","overlay-opacity":"","overlay-gradient":""},"tablet":{"background-color":"","background-image":"","background-repeat":"repeat","background-position":"center center","background-size":"auto","background-attachment":"scroll","background-type":"","background-media":"","overlay-type":"","overlay-color":"","overlay-opacity":"","overlay-gradient":""},"mobile":{"background-color":"","background-image":"","background-repeat":"repeat","background-position":"center center","background-size":"auto","background-attachment":"scroll","background-type":"","background-media":"","overlay-type":"","overlay-color":"","overlay-opacity":"","overlay-gradient":""}},"ast-content-background-meta":{"desktop":{"background-color":"var(--ast-global-color-5)","background-image":"","background-repeat":"repeat","background-position":"center center","background-size":"auto","background-attachment":"scroll","background-type":"","background-media":"","overlay-type":"","overlay-color":"","overlay-opacity":"","overlay-gradient":""},"tablet":{"background-color":"var(--ast-global-color-5)","background-image":"","background-repeat":"repeat","background-position":"center center","background-size":"auto","background-attachment":"scroll","background-type":"","background-media":"","overlay-type":"","overlay-color":"","overlay-opacity":"","overlay-gradient":""},"mobile":{"background-color":"var(--ast-global-color-5)","background-image":"","background-repeat":"repeat","background-position":"center center","background-size":"auto","background-attachment":"scroll","background-type":"","background-media":"","overlay-type":"","overlay-color":"","overlay-opacity":"","overlay-gradient":""}},"footnotes":""},"categories":[1],"tags":[64,67],"class_list":["post-627","post","type-post","status-publish","format-standard","hentry","category-general","tag-intraweb","tag-noticies"],"post_mailing_queue_ids":[],"_links":{"self":[{"href":"https:\/\/agora.xtec.cat\/escolafmistral\/wp-json\/wp\/v2\/posts\/627","targetHints":{"allow":["GET"]}}],"collection":[{"href":"https:\/\/agora.xtec.cat\/escolafmistral\/wp-json\/wp\/v2\/posts"}],"about":[{"href":"https:\/\/agora.xtec.cat\/escolafmistral\/wp-json\/wp\/v2\/types\/post"}],"author":[{"embeddable":true,"href":"https:\/\/agora.xtec.cat\/escolafmistral\/wp-json\/wp\/v2\/users\/1"}],"replies":[{"embeddable":true,"href":"https:\/\/agora.xtec.cat\/escolafmistral\/wp-json\/wp\/v2\/comments?post=627"}],"version-history":[{"count":0,"href":"https:\/\/agora.xtec.cat\/escolafmistral\/wp-json\/wp\/v2\/posts\/627\/revisions"}],"wp:attachment":[{"href":"https:\/\/agora.xtec.cat\/escolafmistral\/wp-json\/wp\/v2\/media?parent=627"}],"wp:term":[{"taxonomy":"category","embeddable":true,"href":"https:\/\/agora.xtec.cat\/escolafmistral\/wp-json\/wp\/v2\/categories?post=627"},{"taxonomy":"post_tag","embeddable":true,"href":"https:\/\/agora.xtec.cat\/escolafmistral\/wp-json\/wp\/v2\/tags?post=627"}],"curies":[{"name":"wp","href":"https:\/\/api.w.org\/{rel}","templated":true}]}}