{"id":613,"date":"2012-01-31T23:08:14","date_gmt":"2012-01-31T21:08:14","guid":{"rendered":"http:\/\/agora.xtec.cat\/escolafmistral\/general\/experimentem-amb-lantoni-tapies\/"},"modified":"2012-01-31T23:08:14","modified_gmt":"2012-01-31T21:08:14","slug":"experimentem-amb-lantoni-tapies","status":"publish","type":"post","link":"https:\/\/agora.xtec.cat\/escolafmistral\/general\/experimentem-amb-lantoni-tapies\/","title":{"rendered":"EXPERIMENTEM AMB L&#8217;ANTONI TAPIES"},"content":{"rendered":"<p><font face=\"verdana,arial,helvetica,sans-serif\">La setmana passada els nens i nenes de les classes dels <strong>TIGRES<\/strong> i de les <strong>GIRAFES<\/strong> vam iniciar un projecte per con\u00e8ixer a l&#8217;Antoni i Tapies. <\/font><\/p>\n<p><font face=\"verdana,arial,helvetica,sans-serif\">El primer dia vam veure un power point on vam veure diferents fotos de la seva vida i con\u00e8ixer quan va comen\u00e7ar a pintar, com ho feia i algunes de les seves obres. Ens va sorprendre molt veure que feia quadres barrejant pintura amb altres materials; per aix\u00f2 aquesta setmana hem fet com l&#8217;Antoni i hem barrejat pintura vermella amb sorra per veure que passava. Per fer-ho aquesta vegada els nostres mestres ens han deixat fer-ho amb les mans !!!. Que b\u00e9 que ho hem passat<\/font> <font face=\"verdana,arial,helvetica,sans-serif\">i<\/font><font face=\"verdana,arial,helvetica,sans-serif\">&nbsp;com ens hem embrutat, per\u00f2 d\u00f3na igual p\u00e8rqu\u00e8 ha estat molt divertit !!!<\/font><\/p>\n<p align=\"center\"><font face=\"Verdana\"><img loading=\"lazy\" decoding=\"async\" width=\"680\" height=\"459\" <img loading=\"lazy\" decoding=\"async\" src=\"http:\/\/agora.xtec.cat\/escolafmistral\/wp-content\/uploads\/usu688\/2016\/10\/tapies2.jpg\"><\/p>\n<div align=\"left\"><\/div>\n<p><\/img><\/font><\/p>\n<p align=\"center\"><strong><font face=\"verdana,arial,helvetica,sans-serif\"><font><a href=\"https:\/\/picasaweb.google.com\/ceipfredericmistral\/TAPIES#slideshow\/5703924403002115298\" target=\"_blank\">VEURE M\u00c9S FOTOS<\/a><\/font><\/font><\/strong><\/p>\n<p align=\"center\">\n","protected":false},"excerpt":{"rendered":"<p>La setmana passada els nens i nenes de les classes dels TIGRES i de les GIRAFES vam iniciar un projecte per con\u00e8ixer a l&#8217;Antoni i Tapies. El primer dia vam veure un power point on vam veure diferents fotos de la seva vida i con\u00e8ixer quan va comen\u00e7ar a pintar, com ho feia i algunes [&hellip;]<\/p>\n","protected":false},"author":1,"featured_media":0,"comment_status":"open","ping_status":"open","sticky":false,"template":"","format":"standard","meta":{"_bbp_topic_count":0,"_bbp_reply_count":0,"_bbp_total_topic_count":0,"_bbp_total_reply_count":0,"_bbp_voice_count":0,"_bbp_anonymous_reply_count":0,"_bbp_topic_count_hidden":0,"_bbp_reply_count_hidden":0,"_bbp_forum_subforum_count":0,"site-sidebar-layout":"default","site-content-layout":"","ast-site-content-layout":"","site-content-style":"default","site-sidebar-style":"default","ast-global-header-display":"","ast-banner-title-visibility":"","ast-main-header-display":"","ast-hfb-above-header-display":"","ast-hfb-below-header-display":"","ast-hfb-mobile-header-display":"","site-post-title":"","ast-breadcrumbs-content":"","ast-featured-img":"","footer-sml-layout":"","theme-transparent-header-meta":"","adv-header-id-meta":"","stick-header-meta":"","header-above-stick-meta":"","header-main-stick-meta":"","header-below-stick-meta":"","astra-migrate-meta-layouts":"default","ast-page-background-enabled":"default","ast-page-background-meta":{"desktop":{"background-color":"var(--ast-global-color-4)","background-image":"","background-repeat":"repeat","background-position":"center center","background-size":"auto","background-attachment":"scroll","background-type":"","background-media":"","overlay-type":"","overlay-color":"","overlay-opacity":"","overlay-gradient":""},"tablet":{"background-color":"","background-image":"","background-repeat":"repeat","background-position":"center center","background-size":"auto","background-attachment":"scroll","background-type":"","background-media":"","overlay-type":"","overlay-color":"","overlay-opacity":"","overlay-gradient":""},"mobile":{"background-color":"","background-image":"","background-repeat":"repeat","background-position":"center center","background-size":"auto","background-attachment":"scroll","background-type":"","background-media":"","overlay-type":"","overlay-color":"","overlay-opacity":"","overlay-gradient":""}},"ast-content-background-meta":{"desktop":{"background-color":"var(--ast-global-color-5)","background-image":"","background-repeat":"repeat","background-position":"center center","background-size":"auto","background-attachment":"scroll","background-type":"","background-media":"","overlay-type":"","overlay-color":"","overlay-opacity":"","overlay-gradient":""},"tablet":{"background-color":"var(--ast-global-color-5)","background-image":"","background-repeat":"repeat","background-position":"center center","background-size":"auto","background-attachment":"scroll","background-type":"","background-media":"","overlay-type":"","overlay-color":"","overlay-opacity":"","overlay-gradient":""},"mobile":{"background-color":"var(--ast-global-color-5)","background-image":"","background-repeat":"repeat","background-position":"center center","background-size":"auto","background-attachment":"scroll","background-type":"","background-media":"","overlay-type":"","overlay-color":"","overlay-opacity":"","overlay-gradient":""}},"footnotes":""},"categories":[1],"tags":[64,67],"class_list":["post-613","post","type-post","status-publish","format-standard","hentry","category-general","tag-intraweb","tag-noticies"],"post_mailing_queue_ids":[],"_links":{"self":[{"href":"https:\/\/agora.xtec.cat\/escolafmistral\/wp-json\/wp\/v2\/posts\/613","targetHints":{"allow":["GET"]}}],"collection":[{"href":"https:\/\/agora.xtec.cat\/escolafmistral\/wp-json\/wp\/v2\/posts"}],"about":[{"href":"https:\/\/agora.xtec.cat\/escolafmistral\/wp-json\/wp\/v2\/types\/post"}],"author":[{"embeddable":true,"href":"https:\/\/agora.xtec.cat\/escolafmistral\/wp-json\/wp\/v2\/users\/1"}],"replies":[{"embeddable":true,"href":"https:\/\/agora.xtec.cat\/escolafmistral\/wp-json\/wp\/v2\/comments?post=613"}],"version-history":[{"count":0,"href":"https:\/\/agora.xtec.cat\/escolafmistral\/wp-json\/wp\/v2\/posts\/613\/revisions"}],"wp:attachment":[{"href":"https:\/\/agora.xtec.cat\/escolafmistral\/wp-json\/wp\/v2\/media?parent=613"}],"wp:term":[{"taxonomy":"category","embeddable":true,"href":"https:\/\/agora.xtec.cat\/escolafmistral\/wp-json\/wp\/v2\/categories?post=613"},{"taxonomy":"post_tag","embeddable":true,"href":"https:\/\/agora.xtec.cat\/escolafmistral\/wp-json\/wp\/v2\/tags?post=613"}],"curies":[{"name":"wp","href":"https:\/\/api.w.org\/{rel}","templated":true}]}}