{"id":607,"date":"2011-12-28T23:52:58","date_gmt":"2011-12-28T21:52:58","guid":{"rendered":"http:\/\/agora.xtec.cat\/escolafmistral\/general\/els-festivals-de-nadal\/"},"modified":"2011-12-28T23:52:58","modified_gmt":"2011-12-28T21:52:58","slug":"els-festivals-de-nadal","status":"publish","type":"post","link":"https:\/\/agora.xtec.cat\/escolafmistral\/general\/els-festivals-de-nadal\/","title":{"rendered":"ELS FESTIVALS DE NADAL"},"content":{"rendered":"<p><font face=\"verdana,arial,helvetica,sans-serif\">Els passats dies <strong>15 i 16 de desembre<\/strong> els nens i nenes d\u2019Infantil i de Prim\u00e0ria van oferir el tradicional <strong>concert de Nadal<\/strong> a les fam\u00edlies de l\u2019escola.<br \/>\n<\/font><\/p>\n<p><font face=\"verdana,arial,helvetica,sans-serif\">Les portes del gimn\u00e0s s\u2019obrien i les fam\u00edlies, amb c\u00e0meres de v\u00eddeo i fotografia per captar les millors instant\u00e0nies,  entraven amb la il\u00b7lusi\u00f3 de veure els seus fills i filles a l\u2019escenari .<\/font><\/p>\n<p><font face=\"verdana,arial,helvetica,sans-serif\"><br \/>\nEls nens i nenes dels diferents cursos despr\u00e9s d\u2019intensos dies  d\u2019assaig van anar pujant a l\u2019escenari per dur a terme les seves actuacions. Els nervis inicials i una relativa por esc\u00e8nica van desapar\u00e8ixer r\u00e0pidament i els nostres alumnes van oferir unes actuacions d\u2019all\u00f2 m\u00e9s entranyables i commovedores . A m\u00e9s d\u2019un pare, mare, avi i avia se li va veure amb els ulls inundats de ll\u00e0grimes.<br \/>\n<\/font><\/p>\n<p><font face=\"verdana,arial,helvetica,sans-serif\">Per finalitzar els dos actes, es van enlairar dos globus que portaven les dues cartes que els alumnes de Prim\u00e0ria i Infantil havien escrit pels Reis Mags d\u2019Orient. Esperem de tot cor, que els globus i les cartes arribin al seu dest\u00ed i que les seves Majestats Reials puguin llegir els desitjos dels nostres alumnes i fer tot el que estigui a les seves mans perqu\u00e8 es compleixin.<\/font> <\/p>\n<p align=\"center\"><img loading=\"lazy\" decoding=\"async\" width=\"562\" height=\"421\" <img loading=\"lazy\" decoding=\"async\" src=\"http:\/\/agora.xtec.cat\/escolafmistral\/wp-content\/uploads\/usu688\/2016\/10\/festival11.jpg\"><\/p>\n<div align=\"left\"><\/div>\n<p><\/img><\/p>\n<div align=\"center\"> <strong><font face=\"verdana,arial,helvetica,sans-serif\" style=\"verdana,arial,helvetica,sans-serif\" style=\"background-color: rgb(255, 255, 46);\"><a href=\"https:\/\/picasaweb.google.com\/ceipfredericmistral\/FestivalNadal2011#slideshow\/5698355329936585410\" target=\"_blank\">VEURE M\u00c9S FOTOS<\/a><\/font><\/strong><\/div>\n","protected":false},"excerpt":{"rendered":"<p>Els passats dies 15 i 16 de desembre els nens i nenes d\u2019Infantil i de Prim\u00e0ria van oferir el tradicional concert de Nadal a les fam\u00edlies de l\u2019escola. Les portes del gimn\u00e0s s\u2019obrien i les fam\u00edlies, amb c\u00e0meres de v\u00eddeo i fotografia per captar les millors instant\u00e0nies, entraven amb la il\u00b7lusi\u00f3 de veure els seus [&hellip;]<\/p>\n","protected":false},"author":1,"featured_media":0,"comment_status":"open","ping_status":"open","sticky":false,"template":"","format":"standard","meta":{"_bbp_topic_count":0,"_bbp_reply_count":0,"_bbp_total_topic_count":0,"_bbp_total_reply_count":0,"_bbp_voice_count":0,"_bbp_anonymous_reply_count":0,"_bbp_topic_count_hidden":0,"_bbp_reply_count_hidden":0,"_bbp_forum_subforum_count":0,"site-sidebar-layout":"default","site-content-layout":"","ast-site-content-layout":"","site-content-style":"default","site-sidebar-style":"default","ast-global-header-display":"","ast-banner-title-visibility":"","ast-main-header-display":"","ast-hfb-above-header-display":"","ast-hfb-below-header-display":"","ast-hfb-mobile-header-display":"","site-post-title":"","ast-breadcrumbs-content":"","ast-featured-img":"","footer-sml-layout":"","theme-transparent-header-meta":"","adv-header-id-meta":"","stick-header-meta":"","header-above-stick-meta":"","header-main-stick-meta":"","header-below-stick-meta":"","astra-migrate-meta-layouts":"default","ast-page-background-enabled":"default","ast-page-background-meta":{"desktop":{"background-color":"var(--ast-global-color-4)","background-image":"","background-repeat":"repeat","background-position":"center center","background-size":"auto","background-attachment":"scroll","background-type":"","background-media":"","overlay-type":"","overlay-color":"","overlay-opacity":"","overlay-gradient":""},"tablet":{"background-color":"","background-image":"","background-repeat":"repeat","background-position":"center center","background-size":"auto","background-attachment":"scroll","background-type":"","background-media":"","overlay-type":"","overlay-color":"","overlay-opacity":"","overlay-gradient":""},"mobile":{"background-color":"","background-image":"","background-repeat":"repeat","background-position":"center center","background-size":"auto","background-attachment":"scroll","background-type":"","background-media":"","overlay-type":"","overlay-color":"","overlay-opacity":"","overlay-gradient":""}},"ast-content-background-meta":{"desktop":{"background-color":"var(--ast-global-color-5)","background-image":"","background-repeat":"repeat","background-position":"center center","background-size":"auto","background-attachment":"scroll","background-type":"","background-media":"","overlay-type":"","overlay-color":"","overlay-opacity":"","overlay-gradient":""},"tablet":{"background-color":"var(--ast-global-color-5)","background-image":"","background-repeat":"repeat","background-position":"center center","background-size":"auto","background-attachment":"scroll","background-type":"","background-media":"","overlay-type":"","overlay-color":"","overlay-opacity":"","overlay-gradient":""},"mobile":{"background-color":"var(--ast-global-color-5)","background-image":"","background-repeat":"repeat","background-position":"center center","background-size":"auto","background-attachment":"scroll","background-type":"","background-media":"","overlay-type":"","overlay-color":"","overlay-opacity":"","overlay-gradient":""}},"footnotes":""},"categories":[1],"tags":[64,67],"class_list":["post-607","post","type-post","status-publish","format-standard","hentry","category-general","tag-intraweb","tag-noticies"],"post_mailing_queue_ids":[],"_links":{"self":[{"href":"https:\/\/agora.xtec.cat\/escolafmistral\/wp-json\/wp\/v2\/posts\/607","targetHints":{"allow":["GET"]}}],"collection":[{"href":"https:\/\/agora.xtec.cat\/escolafmistral\/wp-json\/wp\/v2\/posts"}],"about":[{"href":"https:\/\/agora.xtec.cat\/escolafmistral\/wp-json\/wp\/v2\/types\/post"}],"author":[{"embeddable":true,"href":"https:\/\/agora.xtec.cat\/escolafmistral\/wp-json\/wp\/v2\/users\/1"}],"replies":[{"embeddable":true,"href":"https:\/\/agora.xtec.cat\/escolafmistral\/wp-json\/wp\/v2\/comments?post=607"}],"version-history":[{"count":0,"href":"https:\/\/agora.xtec.cat\/escolafmistral\/wp-json\/wp\/v2\/posts\/607\/revisions"}],"wp:attachment":[{"href":"https:\/\/agora.xtec.cat\/escolafmistral\/wp-json\/wp\/v2\/media?parent=607"}],"wp:term":[{"taxonomy":"category","embeddable":true,"href":"https:\/\/agora.xtec.cat\/escolafmistral\/wp-json\/wp\/v2\/categories?post=607"},{"taxonomy":"post_tag","embeddable":true,"href":"https:\/\/agora.xtec.cat\/escolafmistral\/wp-json\/wp\/v2\/tags?post=607"}],"curies":[{"name":"wp","href":"https:\/\/api.w.org\/{rel}","templated":true}]}}