{"id":605,"date":"2011-12-14T20:49:20","date_gmt":"2011-12-14T18:49:20","guid":{"rendered":"http:\/\/agora.xtec.cat\/escolafmistral\/general\/1a-jornada-gastronomica-del-menjador\/"},"modified":"2011-12-14T20:49:20","modified_gmt":"2011-12-14T18:49:20","slug":"1a-jornada-gastronomica-del-menjador","status":"publish","type":"post","link":"https:\/\/agora.xtec.cat\/escolafmistral\/general\/1a-jornada-gastronomica-del-menjador\/","title":{"rendered":"1a JORNADA GASTRON\u00d2MICA DEL MENJADOR !"},"content":{"rendered":"<p><font face=\"verdana,arial,helvetica,sans-serif\">El passat  2 de desembre,com ja sabeu, vam celebrar al menjador de  l\u2019escola la <strong>1a JORNADA GASTRON\u00d2MICA<\/strong>. Aquesta jornada ha estat la primera de les tres que realitzarem durant el curs coincidint amb cada trimestre escolar. Per aquesta primera jornada el pais triat va ser <strong>Italia<\/strong>. <\/font><\/p>\n<p><font face=\"verdana,arial,helvetica,sans-serif\">Els nens\/es del menjador van gaudir d\u2019un dinar especial i despr\u00e9s de la gimcana que els hi hav\u00edem preparat. Van participar tots, petits i grans, fins i tot es van quedar a dinar nens que habitualment no fan \u00fas del menjador.<br \/>\nVan menjar pizza i canelons que estaven molt bons. Va ser un \u00e8xit.<br \/>\nEl proper trimestre tornarem amb un altre pa\u00eds i m\u00e9s jocs.<\/font> <\/p>\n<p align=\"center\"><img loading=\"lazy\" decoding=\"async\" width=\"450\" height=\"424\" <img loading=\"lazy\" decoding=\"async\" src=\"http:\/\/agora.xtec.cat\/escolafmistral\/wp-content\/uploads\/usu688\/2016\/10\/italia.jpg\" \/> <\/p>\n<div align=\"center\"><strong><font face=\"verdana,arial,helvetica,sans-serif\"><a href=\"https:\/\/picasaweb.google.com\/ceipfredericmistral\/JornadaGastronomicaItalia#slideshow\/5686071281297451458\" target=\"_blank\">VEURE M\u00c9S FOTOS<\/a><\/font><\/strong> <\/div>\n","protected":false},"excerpt":{"rendered":"<p>El passat 2 de desembre,com ja sabeu, vam celebrar al menjador de l\u2019escola la 1a JORNADA GASTRON\u00d2MICA. Aquesta jornada ha estat la primera de les tres que realitzarem durant el curs coincidint amb cada trimestre escolar. Per aquesta primera jornada el pais triat va ser Italia. Els nens\/es del menjador van gaudir d\u2019un dinar especial [&hellip;]<\/p>\n","protected":false},"author":1,"featured_media":0,"comment_status":"open","ping_status":"open","sticky":false,"template":"","format":"standard","meta":{"_bbp_topic_count":0,"_bbp_reply_count":0,"_bbp_total_topic_count":0,"_bbp_total_reply_count":0,"_bbp_voice_count":0,"_bbp_anonymous_reply_count":0,"_bbp_topic_count_hidden":0,"_bbp_reply_count_hidden":0,"_bbp_forum_subforum_count":0,"site-sidebar-layout":"default","site-content-layout":"","ast-site-content-layout":"","site-content-style":"default","site-sidebar-style":"default","ast-global-header-display":"","ast-banner-title-visibility":"","ast-main-header-display":"","ast-hfb-above-header-display":"","ast-hfb-below-header-display":"","ast-hfb-mobile-header-display":"","site-post-title":"","ast-breadcrumbs-content":"","ast-featured-img":"","footer-sml-layout":"","theme-transparent-header-meta":"","adv-header-id-meta":"","stick-header-meta":"","header-above-stick-meta":"","header-main-stick-meta":"","header-below-stick-meta":"","astra-migrate-meta-layouts":"default","ast-page-background-enabled":"default","ast-page-background-meta":{"desktop":{"background-color":"var(--ast-global-color-4)","background-image":"","background-repeat":"repeat","background-position":"center center","background-size":"auto","background-attachment":"scroll","background-type":"","background-media":"","overlay-type":"","overlay-color":"","overlay-opacity":"","overlay-gradient":""},"tablet":{"background-color":"","background-image":"","background-repeat":"repeat","background-position":"center center","background-size":"auto","background-attachment":"scroll","background-type":"","background-media":"","overlay-type":"","overlay-color":"","overlay-opacity":"","overlay-gradient":""},"mobile":{"background-color":"","background-image":"","background-repeat":"repeat","background-position":"center center","background-size":"auto","background-attachment":"scroll","background-type":"","background-media":"","overlay-type":"","overlay-color":"","overlay-opacity":"","overlay-gradient":""}},"ast-content-background-meta":{"desktop":{"background-color":"var(--ast-global-color-5)","background-image":"","background-repeat":"repeat","background-position":"center center","background-size":"auto","background-attachment":"scroll","background-type":"","background-media":"","overlay-type":"","overlay-color":"","overlay-opacity":"","overlay-gradient":""},"tablet":{"background-color":"var(--ast-global-color-5)","background-image":"","background-repeat":"repeat","background-position":"center center","background-size":"auto","background-attachment":"scroll","background-type":"","background-media":"","overlay-type":"","overlay-color":"","overlay-opacity":"","overlay-gradient":""},"mobile":{"background-color":"var(--ast-global-color-5)","background-image":"","background-repeat":"repeat","background-position":"center center","background-size":"auto","background-attachment":"scroll","background-type":"","background-media":"","overlay-type":"","overlay-color":"","overlay-opacity":"","overlay-gradient":""}},"footnotes":""},"categories":[1],"tags":[64,67],"class_list":["post-605","post","type-post","status-publish","format-standard","hentry","category-general","tag-intraweb","tag-noticies"],"post_mailing_queue_ids":[],"_links":{"self":[{"href":"https:\/\/agora.xtec.cat\/escolafmistral\/wp-json\/wp\/v2\/posts\/605","targetHints":{"allow":["GET"]}}],"collection":[{"href":"https:\/\/agora.xtec.cat\/escolafmistral\/wp-json\/wp\/v2\/posts"}],"about":[{"href":"https:\/\/agora.xtec.cat\/escolafmistral\/wp-json\/wp\/v2\/types\/post"}],"author":[{"embeddable":true,"href":"https:\/\/agora.xtec.cat\/escolafmistral\/wp-json\/wp\/v2\/users\/1"}],"replies":[{"embeddable":true,"href":"https:\/\/agora.xtec.cat\/escolafmistral\/wp-json\/wp\/v2\/comments?post=605"}],"version-history":[{"count":0,"href":"https:\/\/agora.xtec.cat\/escolafmistral\/wp-json\/wp\/v2\/posts\/605\/revisions"}],"wp:attachment":[{"href":"https:\/\/agora.xtec.cat\/escolafmistral\/wp-json\/wp\/v2\/media?parent=605"}],"wp:term":[{"taxonomy":"category","embeddable":true,"href":"https:\/\/agora.xtec.cat\/escolafmistral\/wp-json\/wp\/v2\/categories?post=605"},{"taxonomy":"post_tag","embeddable":true,"href":"https:\/\/agora.xtec.cat\/escolafmistral\/wp-json\/wp\/v2\/tags?post=605"}],"curies":[{"name":"wp","href":"https:\/\/api.w.org\/{rel}","templated":true}]}}