{"id":599,"date":"2011-12-01T15:36:55","date_gmt":"2011-12-01T13:36:55","guid":{"rendered":"http:\/\/agora.xtec.cat\/escolafmistral\/general\/tenim-un-amic-molt-especial\/"},"modified":"2011-12-01T15:36:55","modified_gmt":"2011-12-01T13:36:55","slug":"tenim-un-amic-molt-especial","status":"publish","type":"post","link":"https:\/\/agora.xtec.cat\/escolafmistral\/general\/tenim-un-amic-molt-especial\/","title":{"rendered":"TENIM UN AMIC MOLT ESPECIAL !"},"content":{"rendered":"<p><font face=\"verdana,arial,helvetica,sans-serif\">Fa unes setmanes&nbsp;hem comen\u00e7at una nova activitat a les classes de P5 i 6\u00e8: \u201c<strong>l\u2019amic lector i l\u2019amiga lectora\u201d.<br \/>\n<\/strong><\/font><\/p>\n<p><font face=\"verdana,arial,helvetica,sans-serif\">Tots els dilluns a la tarda, els <strong>infants de P5<\/strong> esperen contents l\u2019arribada dels seus amics i amigues de la <strong>classe de 6\u00e8<\/strong>, amb els qui comparteixen una estona agradable de lectura. Cada nen i nena de P5 t\u00e9 una parella molt especial, una noia o un noi de 6\u00e8 que li ajuda a llegir i, sobre tot, a gaudir dels contes. Els alumnes m\u00e9s grans de l\u2019escola, col\u00b7laboren aix\u00ed amb el proc\u00e9s de lectura que tot just comencen els nens i nenes d\u2019educaci\u00f3 infantil. I ho fan d\u2019all\u00f2 m\u00e9s b\u00e9!Cada setmana, els infants de P5 canvien de llibre i aprenen coses noves. <\/font><\/p>\n<p><font face=\"verdana,arial,helvetica,sans-serif\">Despr\u00e9s, tamb\u00e9 s\u2019emporten el llibre a casa per tornar a llegir-lo amb les seves fam\u00edlies. I \u00e9s que la lectura \u00e9s una activitat molt gratificant per\u00f2 encara ho \u00e9s m\u00e9s si \u00e9s compartida!<br \/>\n<\/font><\/p>\n<p align=\"center\"><img loading=\"lazy\" decoding=\"async\" width=\"590\" height=\"411\" style=\"411\" <img loading=\"lazy\" decoding=\"async\" src=\"http:\/\/agora.xtec.cat\/escolafmistral\/wp-content\/uploads\/usu688\/2016\/10\/amiclector.jpg\" style=\"width: 590px; height: 411px;\" \/><\/p>\n<p align=\"center\"><strong><font face=\"verdana,arial,helvetica,sans-serif\"> <a href=\"https:\/\/picasaweb.google.com\/ceipfredericmistral\/AmicLector#slideshow\/5686079166347781442\" target=\"_blank\"><font>VEURE M\u00c9S FOTOS<\/font><\/a><\/font><\/strong><\/p>\n","protected":false},"excerpt":{"rendered":"<p>Fa unes setmanes&nbsp;hem comen\u00e7at una nova activitat a les classes de P5 i 6\u00e8: \u201cl\u2019amic lector i l\u2019amiga lectora\u201d. Tots els dilluns a la tarda, els infants de P5 esperen contents l\u2019arribada dels seus amics i amigues de la classe de 6\u00e8, amb els qui comparteixen una estona agradable de lectura. Cada nen i nena [&hellip;]<\/p>\n","protected":false},"author":1,"featured_media":0,"comment_status":"open","ping_status":"open","sticky":false,"template":"","format":"standard","meta":{"_bbp_topic_count":0,"_bbp_reply_count":0,"_bbp_total_topic_count":0,"_bbp_total_reply_count":0,"_bbp_voice_count":0,"_bbp_anonymous_reply_count":0,"_bbp_topic_count_hidden":0,"_bbp_reply_count_hidden":0,"_bbp_forum_subforum_count":0,"site-sidebar-layout":"default","site-content-layout":"","ast-site-content-layout":"","site-content-style":"default","site-sidebar-style":"default","ast-global-header-display":"","ast-banner-title-visibility":"","ast-main-header-display":"","ast-hfb-above-header-display":"","ast-hfb-below-header-display":"","ast-hfb-mobile-header-display":"","site-post-title":"","ast-breadcrumbs-content":"","ast-featured-img":"","footer-sml-layout":"","theme-transparent-header-meta":"","adv-header-id-meta":"","stick-header-meta":"","header-above-stick-meta":"","header-main-stick-meta":"","header-below-stick-meta":"","astra-migrate-meta-layouts":"default","ast-page-background-enabled":"default","ast-page-background-meta":{"desktop":{"background-color":"var(--ast-global-color-4)","background-image":"","background-repeat":"repeat","background-position":"center center","background-size":"auto","background-attachment":"scroll","background-type":"","background-media":"","overlay-type":"","overlay-color":"","overlay-opacity":"","overlay-gradient":""},"tablet":{"background-color":"","background-image":"","background-repeat":"repeat","background-position":"center center","background-size":"auto","background-attachment":"scroll","background-type":"","background-media":"","overlay-type":"","overlay-color":"","overlay-opacity":"","overlay-gradient":""},"mobile":{"background-color":"","background-image":"","background-repeat":"repeat","background-position":"center center","background-size":"auto","background-attachment":"scroll","background-type":"","background-media":"","overlay-type":"","overlay-color":"","overlay-opacity":"","overlay-gradient":""}},"ast-content-background-meta":{"desktop":{"background-color":"var(--ast-global-color-5)","background-image":"","background-repeat":"repeat","background-position":"center center","background-size":"auto","background-attachment":"scroll","background-type":"","background-media":"","overlay-type":"","overlay-color":"","overlay-opacity":"","overlay-gradient":""},"tablet":{"background-color":"var(--ast-global-color-5)","background-image":"","background-repeat":"repeat","background-position":"center center","background-size":"auto","background-attachment":"scroll","background-type":"","background-media":"","overlay-type":"","overlay-color":"","overlay-opacity":"","overlay-gradient":""},"mobile":{"background-color":"var(--ast-global-color-5)","background-image":"","background-repeat":"repeat","background-position":"center center","background-size":"auto","background-attachment":"scroll","background-type":"","background-media":"","overlay-type":"","overlay-color":"","overlay-opacity":"","overlay-gradient":""}},"footnotes":""},"categories":[1],"tags":[64,67],"class_list":["post-599","post","type-post","status-publish","format-standard","hentry","category-general","tag-intraweb","tag-noticies"],"post_mailing_queue_ids":[],"_links":{"self":[{"href":"https:\/\/agora.xtec.cat\/escolafmistral\/wp-json\/wp\/v2\/posts\/599","targetHints":{"allow":["GET"]}}],"collection":[{"href":"https:\/\/agora.xtec.cat\/escolafmistral\/wp-json\/wp\/v2\/posts"}],"about":[{"href":"https:\/\/agora.xtec.cat\/escolafmistral\/wp-json\/wp\/v2\/types\/post"}],"author":[{"embeddable":true,"href":"https:\/\/agora.xtec.cat\/escolafmistral\/wp-json\/wp\/v2\/users\/1"}],"replies":[{"embeddable":true,"href":"https:\/\/agora.xtec.cat\/escolafmistral\/wp-json\/wp\/v2\/comments?post=599"}],"version-history":[{"count":0,"href":"https:\/\/agora.xtec.cat\/escolafmistral\/wp-json\/wp\/v2\/posts\/599\/revisions"}],"wp:attachment":[{"href":"https:\/\/agora.xtec.cat\/escolafmistral\/wp-json\/wp\/v2\/media?parent=599"}],"wp:term":[{"taxonomy":"category","embeddable":true,"href":"https:\/\/agora.xtec.cat\/escolafmistral\/wp-json\/wp\/v2\/categories?post=599"},{"taxonomy":"post_tag","embeddable":true,"href":"https:\/\/agora.xtec.cat\/escolafmistral\/wp-json\/wp\/v2\/tags?post=599"}],"curies":[{"name":"wp","href":"https:\/\/api.w.org\/{rel}","templated":true}]}}