{"id":597,"date":"2011-11-27T16:25:17","date_gmt":"2011-11-27T14:25:17","guid":{"rendered":"http:\/\/agora.xtec.cat\/escolafmistral\/general\/coneixem-larbre-de-la-paraula\/"},"modified":"2011-11-27T16:25:17","modified_gmt":"2011-11-27T14:25:17","slug":"coneixem-larbre-de-la-paraula","status":"publish","type":"post","link":"https:\/\/agora.xtec.cat\/escolafmistral\/general\/coneixem-larbre-de-la-paraula\/","title":{"rendered":"CONEIXEM L&#8217;ARBRE DE LA PARAULA !"},"content":{"rendered":"<p><font face=\"verdana,arial,helvetica,sans-serif\">El passat dimarts 15 de novembre ha vingut l&#8217;Imma Serra, <strong>d&#8217;Intervida<\/strong>,  al <strong>Cicle Inicial<\/strong> a fer-nos un taller del conte <strong><em>l&#8217;Arbre de la paraula<\/em><\/strong>.<br \/>\n<\/font><\/p>\n<p><font face=\"verdana,arial,helvetica,sans-serif\">Ens ha explicat que  l&#8217;\u00c0frica \u00e9s un continent molt i molt gran on habiten persones que parlen lleng\u00fces que no s\u00f3n iguals i que tenen costums i tradicions diferents. A m\u00e9s, depenent de si hi viuen a les parts m\u00e9s des\u00e8rtiques i \u00e0rides, a la sabana i a la selva, o a les parts amb muntanyes m\u00e9s altes, es vesteixen tamb\u00e9 de forma diferent. Alguns s&#8217;hi posen t\u00faniques llargues per protegir-se de les turmentes de vent i del sol i, d&#8217;altres, fan servir vestits amb colors molt lluents que es pinten fent barreges amb sorres diverses.<br \/>\nSiguin d&#8217;on siguin, quan es fa fosc, tenen coses per explicar-se i ho fan al voltant d&#8217;un arbre molt i molt gran que es diu baobab. S&#8217;hi reuneixen les fam\u00edlies senceres i les persones m\u00e9s s\u00e0vies. Parlen de coses maques i tamb\u00e9 dels seus problemes. Els m\u00e9s savis ajuden als altres i donen bons consells.<br \/>\nEls turistes tamb\u00e9 s&#8217;hi apropen a con\u00e8ixer aquests arbres tant grossos. I els baobabs escolten totes les paraules i saben entendre tots els idiomes.<br \/>\nAl nostre pa\u00eds no en tenim de baobabs, per\u00f2&#8230; sabeu? Ens hem fet un per cada classe!!<\/font><\/p>\n<p><font face=\"verdana,arial,helvetica,sans-serif\">Cadasc\u00fa ha escrit paraules boniques en una fulla que hem pintat i retallat. Les hem penjat a l&#8217;arbre i ara tenim un arbre ple de paraules. Paraules maques i dolces que ens agrada escoltar.<br \/>\n<strong>L&#8217;Imma Serra<\/strong>, abans de marxar, ens va deixar la seva paraula preferida: xiuxiuejar&#8230;<\/font><\/p>\n<p align=\"center\"><img loading=\"lazy\" decoding=\"async\" width=\"689\" height=\"453\" <img loading=\"lazy\" decoding=\"async\" src=\"http:\/\/agora.xtec.cat\/escolafmistral\/wp-content\/uploads\/usu688\/2016\/10\/arbre.jpg\"><\/p>\n<div align=\"left\"><\/div>\n<p><\/img><\/p>\n<p align=\"center\"><font face=\"verdana,arial,helvetica,sans-serif\" style=\"verdana,arial,helvetica,sans-serif\" style=\"background-color: rgb(255, 175, 16);\"><strong><a href=\"https:\/\/picasaweb.google.com\/ceipfredericmistral\/ARBREDELAPARAULA#slideshow\/5679695967603445954\" target=\"_blank\">VEURE M\u00c9S FOTOS<\/a><\/strong><\/font><\/p>\n","protected":false},"excerpt":{"rendered":"<p>El passat dimarts 15 de novembre ha vingut l&#8217;Imma Serra, d&#8217;Intervida, al Cicle Inicial a fer-nos un taller del conte l&#8217;Arbre de la paraula. Ens ha explicat que l&#8217;\u00c0frica \u00e9s un continent molt i molt gran on habiten persones que parlen lleng\u00fces que no s\u00f3n iguals i que tenen costums i tradicions diferents. A m\u00e9s, [&hellip;]<\/p>\n","protected":false},"author":1,"featured_media":0,"comment_status":"open","ping_status":"open","sticky":false,"template":"","format":"standard","meta":{"_bbp_topic_count":0,"_bbp_reply_count":0,"_bbp_total_topic_count":0,"_bbp_total_reply_count":0,"_bbp_voice_count":0,"_bbp_anonymous_reply_count":0,"_bbp_topic_count_hidden":0,"_bbp_reply_count_hidden":0,"_bbp_forum_subforum_count":0,"site-sidebar-layout":"default","site-content-layout":"","ast-site-content-layout":"","site-content-style":"default","site-sidebar-style":"default","ast-global-header-display":"","ast-banner-title-visibility":"","ast-main-header-display":"","ast-hfb-above-header-display":"","ast-hfb-below-header-display":"","ast-hfb-mobile-header-display":"","site-post-title":"","ast-breadcrumbs-content":"","ast-featured-img":"","footer-sml-layout":"","theme-transparent-header-meta":"","adv-header-id-meta":"","stick-header-meta":"","header-above-stick-meta":"","header-main-stick-meta":"","header-below-stick-meta":"","astra-migrate-meta-layouts":"default","ast-page-background-enabled":"default","ast-page-background-meta":{"desktop":{"background-color":"var(--ast-global-color-4)","background-image":"","background-repeat":"repeat","background-position":"center center","background-size":"auto","background-attachment":"scroll","background-type":"","background-media":"","overlay-type":"","overlay-color":"","overlay-opacity":"","overlay-gradient":""},"tablet":{"background-color":"","background-image":"","background-repeat":"repeat","background-position":"center center","background-size":"auto","background-attachment":"scroll","background-type":"","background-media":"","overlay-type":"","overlay-color":"","overlay-opacity":"","overlay-gradient":""},"mobile":{"background-color":"","background-image":"","background-repeat":"repeat","background-position":"center center","background-size":"auto","background-attachment":"scroll","background-type":"","background-media":"","overlay-type":"","overlay-color":"","overlay-opacity":"","overlay-gradient":""}},"ast-content-background-meta":{"desktop":{"background-color":"var(--ast-global-color-5)","background-image":"","background-repeat":"repeat","background-position":"center center","background-size":"auto","background-attachment":"scroll","background-type":"","background-media":"","overlay-type":"","overlay-color":"","overlay-opacity":"","overlay-gradient":""},"tablet":{"background-color":"var(--ast-global-color-5)","background-image":"","background-repeat":"repeat","background-position":"center center","background-size":"auto","background-attachment":"scroll","background-type":"","background-media":"","overlay-type":"","overlay-color":"","overlay-opacity":"","overlay-gradient":""},"mobile":{"background-color":"var(--ast-global-color-5)","background-image":"","background-repeat":"repeat","background-position":"center center","background-size":"auto","background-attachment":"scroll","background-type":"","background-media":"","overlay-type":"","overlay-color":"","overlay-opacity":"","overlay-gradient":""}},"footnotes":""},"categories":[1],"tags":[64,67],"class_list":["post-597","post","type-post","status-publish","format-standard","hentry","category-general","tag-intraweb","tag-noticies"],"post_mailing_queue_ids":[],"_links":{"self":[{"href":"https:\/\/agora.xtec.cat\/escolafmistral\/wp-json\/wp\/v2\/posts\/597","targetHints":{"allow":["GET"]}}],"collection":[{"href":"https:\/\/agora.xtec.cat\/escolafmistral\/wp-json\/wp\/v2\/posts"}],"about":[{"href":"https:\/\/agora.xtec.cat\/escolafmistral\/wp-json\/wp\/v2\/types\/post"}],"author":[{"embeddable":true,"href":"https:\/\/agora.xtec.cat\/escolafmistral\/wp-json\/wp\/v2\/users\/1"}],"replies":[{"embeddable":true,"href":"https:\/\/agora.xtec.cat\/escolafmistral\/wp-json\/wp\/v2\/comments?post=597"}],"version-history":[{"count":0,"href":"https:\/\/agora.xtec.cat\/escolafmistral\/wp-json\/wp\/v2\/posts\/597\/revisions"}],"wp:attachment":[{"href":"https:\/\/agora.xtec.cat\/escolafmistral\/wp-json\/wp\/v2\/media?parent=597"}],"wp:term":[{"taxonomy":"category","embeddable":true,"href":"https:\/\/agora.xtec.cat\/escolafmistral\/wp-json\/wp\/v2\/categories?post=597"},{"taxonomy":"post_tag","embeddable":true,"href":"https:\/\/agora.xtec.cat\/escolafmistral\/wp-json\/wp\/v2\/tags?post=597"}],"curies":[{"name":"wp","href":"https:\/\/api.w.org\/{rel}","templated":true}]}}