{"id":585,"date":"2011-11-02T22:51:32","date_gmt":"2011-11-02T20:51:32","guid":{"rendered":"http:\/\/agora.xtec.cat\/escolafmistral\/general\/ens-visita-la-castanyera\/"},"modified":"2011-11-02T22:51:32","modified_gmt":"2011-11-02T20:51:32","slug":"ens-visita-la-castanyera","status":"publish","type":"post","link":"https:\/\/agora.xtec.cat\/escolafmistral\/general\/ens-visita-la-castanyera\/","title":{"rendered":"ENS VISITA LA CASTANYERA !"},"content":{"rendered":"<p><font face=\"verdana,arial,helvetica,sans-serif\">El passat divendres <strong>la Castanyera<\/strong> va venia a l\u2019escola per visitar els nens i nenes d\u2019infantil i ens va explicar el que li va passar una vegada quan va anar a buscar castanyes al bosc.<br \/>\n<\/font><\/p>\n<p><font face=\"verdana,arial,helvetica,sans-serif\">Sabeu que li va passar? Ja ja ja, ens va dir que un dia va sortir a la muntanya a buscar castanyes i que es va confondre i en lloc d\u2019agafar castanyes va agafar  cargols!!! Aiiii que despistada \u00e9s aquesta Castanyera.<br \/>\n<\/font><\/p>\n<p><font face=\"verdana,arial,helvetica,sans-serif\">Tamb\u00e9 ens va dir que per solucionar-lo un gegant que viu al bosc va venir a ajudar-la i va moure un castanyer perqu\u00e8 caiguessin totes les castanyes que tenia. Aix\u00ed la Castanyera va poder recollir moltes castanyes al seu cistell i portar-les a la pla\u00e7a de la ciutat per torrar-les i vendre-les als nens.<br \/>\n<\/font><\/p>\n<p><font face=\"verdana,arial,helvetica,sans-serif\">Despr\u00e9s per celebrar la seva visita vam ballar una estona. Primerament els mestres ens van ensenyar el ball de la \u201c <em><strong>Chiqui Castanyera<\/strong><\/em>\u201d i despr\u00e9s la vam ballar tots plegats.<br \/>\nAi que b\u00e9 ho vam passar \u201c<em>1 mou la cueta, 2 una volteta, 3 el breaking dance, 4 piquem de mans, &#8230;<\/em>\u201d. Que divertit \u00e9s aquest ball no ens cansem de ballar-lo.<\/font><\/p>\n<p align=\"center\"><img decoding=\"async\" <img decoding=\"async\" src=\"http:\/\/agora.xtec.cat\/escolafmistral\/wp-content\/uploads\/usu688\/2016\/10\/castanyera.jpg\" \/> <\/p>\n<div align=\"center\"><font face=\"verdana,arial,helvetica,sans-serif\" style=\"verdana,arial,helvetica,sans-serif\" style=\"background-color: rgb(255, 175, 16);\"><a href=\"https:\/\/picasaweb.google.com\/ceipfredericmistral\/LaCastanyera#slideshow\/5670504051370842130\" target=\"_blank\">VEURE M\u00c9S FOTOS<\/a><\/font><\/div>\n<p align=\"center\">\n","protected":false},"excerpt":{"rendered":"<p>El passat divendres la Castanyera va venia a l\u2019escola per visitar els nens i nenes d\u2019infantil i ens va explicar el que li va passar una vegada quan va anar a buscar castanyes al bosc. Sabeu que li va passar? Ja ja ja, ens va dir que un dia va sortir a la muntanya a [&hellip;]<\/p>\n","protected":false},"author":1,"featured_media":0,"comment_status":"open","ping_status":"open","sticky":false,"template":"","format":"standard","meta":{"_bbp_topic_count":0,"_bbp_reply_count":0,"_bbp_total_topic_count":0,"_bbp_total_reply_count":0,"_bbp_voice_count":0,"_bbp_anonymous_reply_count":0,"_bbp_topic_count_hidden":0,"_bbp_reply_count_hidden":0,"_bbp_forum_subforum_count":0,"site-sidebar-layout":"default","site-content-layout":"","ast-site-content-layout":"","site-content-style":"default","site-sidebar-style":"default","ast-global-header-display":"","ast-banner-title-visibility":"","ast-main-header-display":"","ast-hfb-above-header-display":"","ast-hfb-below-header-display":"","ast-hfb-mobile-header-display":"","site-post-title":"","ast-breadcrumbs-content":"","ast-featured-img":"","footer-sml-layout":"","theme-transparent-header-meta":"","adv-header-id-meta":"","stick-header-meta":"","header-above-stick-meta":"","header-main-stick-meta":"","header-below-stick-meta":"","astra-migrate-meta-layouts":"default","ast-page-background-enabled":"default","ast-page-background-meta":{"desktop":{"background-color":"var(--ast-global-color-4)","background-image":"","background-repeat":"repeat","background-position":"center center","background-size":"auto","background-attachment":"scroll","background-type":"","background-media":"","overlay-type":"","overlay-color":"","overlay-opacity":"","overlay-gradient":""},"tablet":{"background-color":"","background-image":"","background-repeat":"repeat","background-position":"center center","background-size":"auto","background-attachment":"scroll","background-type":"","background-media":"","overlay-type":"","overlay-color":"","overlay-opacity":"","overlay-gradient":""},"mobile":{"background-color":"","background-image":"","background-repeat":"repeat","background-position":"center center","background-size":"auto","background-attachment":"scroll","background-type":"","background-media":"","overlay-type":"","overlay-color":"","overlay-opacity":"","overlay-gradient":""}},"ast-content-background-meta":{"desktop":{"background-color":"var(--ast-global-color-5)","background-image":"","background-repeat":"repeat","background-position":"center center","background-size":"auto","background-attachment":"scroll","background-type":"","background-media":"","overlay-type":"","overlay-color":"","overlay-opacity":"","overlay-gradient":""},"tablet":{"background-color":"var(--ast-global-color-5)","background-image":"","background-repeat":"repeat","background-position":"center center","background-size":"auto","background-attachment":"scroll","background-type":"","background-media":"","overlay-type":"","overlay-color":"","overlay-opacity":"","overlay-gradient":""},"mobile":{"background-color":"var(--ast-global-color-5)","background-image":"","background-repeat":"repeat","background-position":"center center","background-size":"auto","background-attachment":"scroll","background-type":"","background-media":"","overlay-type":"","overlay-color":"","overlay-opacity":"","overlay-gradient":""}},"footnotes":""},"categories":[1],"tags":[64,67],"class_list":["post-585","post","type-post","status-publish","format-standard","hentry","category-general","tag-intraweb","tag-noticies"],"post_mailing_queue_ids":[],"_links":{"self":[{"href":"https:\/\/agora.xtec.cat\/escolafmistral\/wp-json\/wp\/v2\/posts\/585","targetHints":{"allow":["GET"]}}],"collection":[{"href":"https:\/\/agora.xtec.cat\/escolafmistral\/wp-json\/wp\/v2\/posts"}],"about":[{"href":"https:\/\/agora.xtec.cat\/escolafmistral\/wp-json\/wp\/v2\/types\/post"}],"author":[{"embeddable":true,"href":"https:\/\/agora.xtec.cat\/escolafmistral\/wp-json\/wp\/v2\/users\/1"}],"replies":[{"embeddable":true,"href":"https:\/\/agora.xtec.cat\/escolafmistral\/wp-json\/wp\/v2\/comments?post=585"}],"version-history":[{"count":0,"href":"https:\/\/agora.xtec.cat\/escolafmistral\/wp-json\/wp\/v2\/posts\/585\/revisions"}],"wp:attachment":[{"href":"https:\/\/agora.xtec.cat\/escolafmistral\/wp-json\/wp\/v2\/media?parent=585"}],"wp:term":[{"taxonomy":"category","embeddable":true,"href":"https:\/\/agora.xtec.cat\/escolafmistral\/wp-json\/wp\/v2\/categories?post=585"},{"taxonomy":"post_tag","embeddable":true,"href":"https:\/\/agora.xtec.cat\/escolafmistral\/wp-json\/wp\/v2\/tags?post=585"}],"curies":[{"name":"wp","href":"https:\/\/api.w.org\/{rel}","templated":true}]}}