{"id":583,"date":"2011-10-30T18:06:21","date_gmt":"2011-10-30T16:06:21","guid":{"rendered":"http:\/\/agora.xtec.cat\/escolafmistral\/general\/els-nens-i-nenes-dinfantil-fem-panallets\/"},"modified":"2011-10-30T18:06:21","modified_gmt":"2011-10-30T16:06:21","slug":"els-nens-i-nenes-dinfantil-fem-panallets","status":"publish","type":"post","link":"https:\/\/agora.xtec.cat\/escolafmistral\/general\/els-nens-i-nenes-dinfantil-fem-panallets\/","title":{"rendered":"ELS NENS I NENES D&#8217;INFANTIL FEM PANALLETS!"},"content":{"rendered":"<p><font face=\"verdana,arial,helvetica,sans-serif\">Els nens i les nenes d&#8217;educci\u00f3 Infantil hem preparat uns deliciosos panellets per regalar-los a les nostres fam\u00edlies.<br \/>\n<\/font><\/p>\n<p><font face=\"verdana,arial,helvetica,sans-serif\">El dia d&#8217;abans hav\u00edem preparat la massa a l&#8217;aula barrejant un moniato, ametlla molta i 1kg de sucre i la vam deixar reposar un dia a la nevera.<br \/>\n<\/font><\/p>\n<p><font face=\"verdana,arial,helvetica,sans-serif\">Aquest mat\u00ed, amb l&#8217;ajuda dels nens i nenes de 6\u00e8 que ens van venir ajudar a les aules, hem fet els panellets d&#8217;ametlla, de coco, de xocolata i de cirera. Despr\u00e9s les hem portat a la cuinera perqu\u00e8 les fiques una estona al forn.<br \/>\nHo hem passat molt b\u00e9! <\/font><\/p>\n<p><font face=\"verdana,arial,helvetica,sans-serif\">Que divertit ha estat fer les boletes, barrejar-les amb xocolata i coco o posar-li les ametlles i cireres.<br \/>\n<\/font><\/p>\n<p><font face=\"verdana,arial,helvetica,sans-serif\">Ara nom\u00e9s queda tastar-los! Segur que estan bon\u00edssims!<br \/>\n<\/font><\/p>\n<p align=\"center\"><img loading=\"lazy\" decoding=\"async\" width=\"475\" height=\"327\" <img loading=\"lazy\" decoding=\"async\" src=\"http:\/\/agora.xtec.cat\/escolafmistral\/wp-content\/uploads\/usu688\/2016\/10\/panallets.jpg\" \/> <\/p>\n<p align=\"center\"><font color=\"#1012ff\" face=\"verdana,arial,helvetica,sans-serif\" style=\"verdana,arial,helvetica,sans-serif\" style=\"background-color: rgb(255, 255, 16);\"><strong><a href=\"https:\/\/picasaweb.google.com\/ceipfredericmistral\/Panallets#slideshow\/5669319690815202050\" target=\"_blank\">VEURE M\u00c9S FOTOS<\/a><\/strong><\/font><\/p>\n","protected":false},"excerpt":{"rendered":"<p>Els nens i les nenes d&#8217;educci\u00f3 Infantil hem preparat uns deliciosos panellets per regalar-los a les nostres fam\u00edlies. El dia d&#8217;abans hav\u00edem preparat la massa a l&#8217;aula barrejant un moniato, ametlla molta i 1kg de sucre i la vam deixar reposar un dia a la nevera. Aquest mat\u00ed, amb l&#8217;ajuda dels nens i nenes de [&hellip;]<\/p>\n","protected":false},"author":1,"featured_media":0,"comment_status":"open","ping_status":"open","sticky":false,"template":"","format":"standard","meta":{"_bbp_topic_count":0,"_bbp_reply_count":0,"_bbp_total_topic_count":0,"_bbp_total_reply_count":0,"_bbp_voice_count":0,"_bbp_anonymous_reply_count":0,"_bbp_topic_count_hidden":0,"_bbp_reply_count_hidden":0,"_bbp_forum_subforum_count":0,"site-sidebar-layout":"default","site-content-layout":"","ast-site-content-layout":"","site-content-style":"default","site-sidebar-style":"default","ast-global-header-display":"","ast-banner-title-visibility":"","ast-main-header-display":"","ast-hfb-above-header-display":"","ast-hfb-below-header-display":"","ast-hfb-mobile-header-display":"","site-post-title":"","ast-breadcrumbs-content":"","ast-featured-img":"","footer-sml-layout":"","theme-transparent-header-meta":"","adv-header-id-meta":"","stick-header-meta":"","header-above-stick-meta":"","header-main-stick-meta":"","header-below-stick-meta":"","astra-migrate-meta-layouts":"default","ast-page-background-enabled":"default","ast-page-background-meta":{"desktop":{"background-color":"var(--ast-global-color-4)","background-image":"","background-repeat":"repeat","background-position":"center center","background-size":"auto","background-attachment":"scroll","background-type":"","background-media":"","overlay-type":"","overlay-color":"","overlay-opacity":"","overlay-gradient":""},"tablet":{"background-color":"","background-image":"","background-repeat":"repeat","background-position":"center center","background-size":"auto","background-attachment":"scroll","background-type":"","background-media":"","overlay-type":"","overlay-color":"","overlay-opacity":"","overlay-gradient":""},"mobile":{"background-color":"","background-image":"","background-repeat":"repeat","background-position":"center center","background-size":"auto","background-attachment":"scroll","background-type":"","background-media":"","overlay-type":"","overlay-color":"","overlay-opacity":"","overlay-gradient":""}},"ast-content-background-meta":{"desktop":{"background-color":"var(--ast-global-color-5)","background-image":"","background-repeat":"repeat","background-position":"center center","background-size":"auto","background-attachment":"scroll","background-type":"","background-media":"","overlay-type":"","overlay-color":"","overlay-opacity":"","overlay-gradient":""},"tablet":{"background-color":"var(--ast-global-color-5)","background-image":"","background-repeat":"repeat","background-position":"center center","background-size":"auto","background-attachment":"scroll","background-type":"","background-media":"","overlay-type":"","overlay-color":"","overlay-opacity":"","overlay-gradient":""},"mobile":{"background-color":"var(--ast-global-color-5)","background-image":"","background-repeat":"repeat","background-position":"center center","background-size":"auto","background-attachment":"scroll","background-type":"","background-media":"","overlay-type":"","overlay-color":"","overlay-opacity":"","overlay-gradient":""}},"footnotes":""},"categories":[1],"tags":[64,67],"class_list":["post-583","post","type-post","status-publish","format-standard","hentry","category-general","tag-intraweb","tag-noticies"],"post_mailing_queue_ids":[],"_links":{"self":[{"href":"https:\/\/agora.xtec.cat\/escolafmistral\/wp-json\/wp\/v2\/posts\/583","targetHints":{"allow":["GET"]}}],"collection":[{"href":"https:\/\/agora.xtec.cat\/escolafmistral\/wp-json\/wp\/v2\/posts"}],"about":[{"href":"https:\/\/agora.xtec.cat\/escolafmistral\/wp-json\/wp\/v2\/types\/post"}],"author":[{"embeddable":true,"href":"https:\/\/agora.xtec.cat\/escolafmistral\/wp-json\/wp\/v2\/users\/1"}],"replies":[{"embeddable":true,"href":"https:\/\/agora.xtec.cat\/escolafmistral\/wp-json\/wp\/v2\/comments?post=583"}],"version-history":[{"count":0,"href":"https:\/\/agora.xtec.cat\/escolafmistral\/wp-json\/wp\/v2\/posts\/583\/revisions"}],"wp:attachment":[{"href":"https:\/\/agora.xtec.cat\/escolafmistral\/wp-json\/wp\/v2\/media?parent=583"}],"wp:term":[{"taxonomy":"category","embeddable":true,"href":"https:\/\/agora.xtec.cat\/escolafmistral\/wp-json\/wp\/v2\/categories?post=583"},{"taxonomy":"post_tag","embeddable":true,"href":"https:\/\/agora.xtec.cat\/escolafmistral\/wp-json\/wp\/v2\/tags?post=583"}],"curies":[{"name":"wp","href":"https:\/\/api.w.org\/{rel}","templated":true}]}}