{"id":573,"date":"2011-06-23T17:03:29","date_gmt":"2011-06-23T15:03:29","guid":{"rendered":"http:\/\/agora.xtec.cat\/escolafmistral\/general\/adeu-alumnes-de-6e\/"},"modified":"2011-06-23T17:03:29","modified_gmt":"2011-06-23T15:03:29","slug":"adeu-alumnes-de-6e","status":"publish","type":"post","link":"https:\/\/agora.xtec.cat\/escolafmistral\/general\/adeu-alumnes-de-6e\/","title":{"rendered":"AD\u00c9U ALUMNES DE 6\u00e8!!!"},"content":{"rendered":"<p><font face=\"verdana,arial,helvetica,sans-serif\">El dimarts 21 de juny tota l&#8217;escola en ple va sortir al pati per celebrar l\u2019acte de <strong>comiat dels nens i nenes de 6\u00e8<\/strong> que aquest curs abandonen el Frederic Mistral per iniciar una nova etapa acad\u00e8mica fora de la nostra escola.<br \/>\n<\/font><\/p>\n<p><font face=\"verdana,arial,helvetica,sans-serif\">Molts d\u2019aquests alumnes ens han acompanyat des de P3 i d\u2019altres han anat arribat durant els cursos successius per\u00f2 tots ells han deixat una petjada en la historia de la nostra escola  i per aquest motiu calia  acomiadar-nos d\u2019ells amb un digne acte de comiat.<br \/>\n<\/font><\/p>\n<p><font face=\"verdana,arial,helvetica,sans-serif\">La cerim\u00f2nia es va iniciar quan uns alumnes de 6\u00e8 van prendre la paraula per agrair als mestres, que han compartit amb ells la seva escolaritzaci\u00f3, l\u2019educaci\u00f3 i la formaci\u00f3 rebuda durant aquest cursos i que els ha ajudat a cr\u00e9ixer i formar-se com a persones.<br \/>\n<\/font><\/p>\n<p><font face=\"verdana,arial,helvetica,sans-serif\">A continuaci\u00f3 es va <strong>plantar un cirerer<\/strong> que quedar\u00e0 de record a l\u2019escola perqu\u00e8 no oblidem mai aquesta generaci\u00f3 d\u2019alumnes.<\/font> <\/p>\n<p align=\"center\"><img loading=\"lazy\" decoding=\"async\" width=\"610\" height=\"497\" style=\"497\" <img loading=\"lazy\" decoding=\"async\" src=\"http:\/\/agora.xtec.cat\/escolafmistral\/wp-content\/uploads\/usu688\/2016\/10\/comiat.jpg\" style=\"width: 610px; height: 497px;\" \/> <\/p>\n<div align=\"left\"><\/div>\n<p>&nbsp;<\/p>\n<\/p>\n<p align=\"center\"><strong><font face=\"verdana,arial,helvetica,sans-serif\"><a href=\"https:\/\/picasaweb.google.com\/ceipfredericmistral\/ComiatDeSise?authkey=Gv1sRgCNbStI6jh5X2wwE#slideshow\/5621422214571069282\" target=\"_blank\">VEURE M\u00c9S FOTOS<\/a><\/font><\/strong><\/p>\n","protected":false},"excerpt":{"rendered":"<p>El dimarts 21 de juny tota l&#8217;escola en ple va sortir al pati per celebrar l\u2019acte de comiat dels nens i nenes de 6\u00e8 que aquest curs abandonen el Frederic Mistral per iniciar una nova etapa acad\u00e8mica fora de la nostra escola. Molts d\u2019aquests alumnes ens han acompanyat des de P3 i d\u2019altres han anat [&hellip;]<\/p>\n","protected":false},"author":1,"featured_media":0,"comment_status":"open","ping_status":"open","sticky":false,"template":"","format":"standard","meta":{"_bbp_topic_count":0,"_bbp_reply_count":0,"_bbp_total_topic_count":0,"_bbp_total_reply_count":0,"_bbp_voice_count":0,"_bbp_anonymous_reply_count":0,"_bbp_topic_count_hidden":0,"_bbp_reply_count_hidden":0,"_bbp_forum_subforum_count":0,"site-sidebar-layout":"default","site-content-layout":"","ast-site-content-layout":"","site-content-style":"default","site-sidebar-style":"default","ast-global-header-display":"","ast-banner-title-visibility":"","ast-main-header-display":"","ast-hfb-above-header-display":"","ast-hfb-below-header-display":"","ast-hfb-mobile-header-display":"","site-post-title":"","ast-breadcrumbs-content":"","ast-featured-img":"","footer-sml-layout":"","theme-transparent-header-meta":"","adv-header-id-meta":"","stick-header-meta":"","header-above-stick-meta":"","header-main-stick-meta":"","header-below-stick-meta":"","astra-migrate-meta-layouts":"default","ast-page-background-enabled":"default","ast-page-background-meta":{"desktop":{"background-color":"var(--ast-global-color-4)","background-image":"","background-repeat":"repeat","background-position":"center center","background-size":"auto","background-attachment":"scroll","background-type":"","background-media":"","overlay-type":"","overlay-color":"","overlay-opacity":"","overlay-gradient":""},"tablet":{"background-color":"","background-image":"","background-repeat":"repeat","background-position":"center center","background-size":"auto","background-attachment":"scroll","background-type":"","background-media":"","overlay-type":"","overlay-color":"","overlay-opacity":"","overlay-gradient":""},"mobile":{"background-color":"","background-image":"","background-repeat":"repeat","background-position":"center center","background-size":"auto","background-attachment":"scroll","background-type":"","background-media":"","overlay-type":"","overlay-color":"","overlay-opacity":"","overlay-gradient":""}},"ast-content-background-meta":{"desktop":{"background-color":"var(--ast-global-color-5)","background-image":"","background-repeat":"repeat","background-position":"center center","background-size":"auto","background-attachment":"scroll","background-type":"","background-media":"","overlay-type":"","overlay-color":"","overlay-opacity":"","overlay-gradient":""},"tablet":{"background-color":"var(--ast-global-color-5)","background-image":"","background-repeat":"repeat","background-position":"center center","background-size":"auto","background-attachment":"scroll","background-type":"","background-media":"","overlay-type":"","overlay-color":"","overlay-opacity":"","overlay-gradient":""},"mobile":{"background-color":"var(--ast-global-color-5)","background-image":"","background-repeat":"repeat","background-position":"center center","background-size":"auto","background-attachment":"scroll","background-type":"","background-media":"","overlay-type":"","overlay-color":"","overlay-opacity":"","overlay-gradient":""}},"footnotes":""},"categories":[1],"tags":[64,67],"class_list":["post-573","post","type-post","status-publish","format-standard","hentry","category-general","tag-intraweb","tag-noticies"],"post_mailing_queue_ids":[],"_links":{"self":[{"href":"https:\/\/agora.xtec.cat\/escolafmistral\/wp-json\/wp\/v2\/posts\/573","targetHints":{"allow":["GET"]}}],"collection":[{"href":"https:\/\/agora.xtec.cat\/escolafmistral\/wp-json\/wp\/v2\/posts"}],"about":[{"href":"https:\/\/agora.xtec.cat\/escolafmistral\/wp-json\/wp\/v2\/types\/post"}],"author":[{"embeddable":true,"href":"https:\/\/agora.xtec.cat\/escolafmistral\/wp-json\/wp\/v2\/users\/1"}],"replies":[{"embeddable":true,"href":"https:\/\/agora.xtec.cat\/escolafmistral\/wp-json\/wp\/v2\/comments?post=573"}],"version-history":[{"count":0,"href":"https:\/\/agora.xtec.cat\/escolafmistral\/wp-json\/wp\/v2\/posts\/573\/revisions"}],"wp:attachment":[{"href":"https:\/\/agora.xtec.cat\/escolafmistral\/wp-json\/wp\/v2\/media?parent=573"}],"wp:term":[{"taxonomy":"category","embeddable":true,"href":"https:\/\/agora.xtec.cat\/escolafmistral\/wp-json\/wp\/v2\/categories?post=573"},{"taxonomy":"post_tag","embeddable":true,"href":"https:\/\/agora.xtec.cat\/escolafmistral\/wp-json\/wp\/v2\/tags?post=573"}],"curies":[{"name":"wp","href":"https:\/\/api.w.org\/{rel}","templated":true}]}}