{"id":568,"date":"2011-05-31T20:56:00","date_gmt":"2011-05-31T18:56:00","guid":{"rendered":"http:\/\/agora.xtec.cat\/escolafmistral\/general\/exposicio-setmana-de-primavera\/"},"modified":"2011-05-31T20:56:00","modified_gmt":"2011-05-31T18:56:00","slug":"exposicio-setmana-de-primavera","status":"publish","type":"post","link":"https:\/\/agora.xtec.cat\/escolafmistral\/general\/exposicio-setmana-de-primavera\/","title":{"rendered":"EXPOSICI\u00d3 SETMANA DE PRIMAVERA"},"content":{"rendered":"<p> <font face=\"verdana,arial,helvetica,sans-serif\"><span lang=\"CA\">El <strong>dilluns 23 de maig<\/strong> l&#8217;escola<br \/>\nva obrir les seves portes perqu\u00e8 les fam\u00edlies dels alumnes de la nostra escola<br \/>\npoguessin veure <strong>l\u2019exposici\u00f3 <\/strong>que els<br \/>\nmestres dels diferents cicles hav\u00edem preparat com motiu de la <strong>Setmana de Primavera<\/strong>.<\/span><span lang=\"CA\"><o:p \/><\/span><\/font><\/p>\n<p><font face=\"verdana,arial,helvetica,sans-serif\"> <\/font><\/p>\n<p><font face=\"verdana,arial,helvetica,sans-serif\"><span lang=\"CA\">L&#8217;exposici\u00f3 va ser tot un \u00e8xit. Els passadissos de l&#8217;escola es van omplir<br \/>\nde pares, mares, avis i avies que volien veure el recull de material realitzat<br \/>\npels alumnes durant aquells dies. Cada cicle havia decorat les parets dels seus<br \/>\npassadissos i organitzat amb molta cura el material a presentar perqu\u00e8 les<br \/>\nfam\u00edlies poguessin veure un petit recull del treball fet pels seus fills\/es i<br \/>\nn\u00e9ts\/es durant els cinc dies que van endinsar-se en el tema de la <strong>Biodiversitat<\/strong>. En aquesta ocasi\u00f3, a m\u00e9s<br \/>\nde presentar un conjunt de murals i manualitats fets pels mateixos alumnes,<br \/>\ns&#8217;havia organitzat una visualitzaci\u00f3 de fotografies que resumien el conjunt<br \/>\nd&#8217;activitats de la setmana.<\/span><span lang=\"CA\"><o:p \/><\/span><\/font><\/p>\n<p><font face=\"verdana,arial,helvetica,sans-serif\"> <\/font><\/p>\n<p><font face=\"verdana,arial,helvetica,sans-serif\"> <span lang=\"CA\">L&#8217;exposici\u00f3 no va quedar-se nom\u00e9s en un \u00e0mbit escolar ja que la <strong>TV<\/strong> <strong>de<br \/>\nl&#8217;Hospitalet<\/strong> va voler con\u00e8ixer de primera ma el nostre treball i van enviar<br \/>\nunes periodistes per cobrir la not\u00edcia. I els va agradar tant que no van dubtar<br \/>\nen incloure-la al Telenot\u00edcies del mateix vespre.<\/span><span lang=\"CA\"><o:p \/><\/span><\/font><\/p>\n<p><font face=\"verdana,arial,helvetica,sans-serif\"> <\/font><\/p>\n<p><font face=\"verdana,arial,helvetica,sans-serif\"> <span lang=\"CA\">Des de l&#8217;escola, volem agrair a totes les fam\u00edlies que van visitar<br \/>\nl&#8217;exposici\u00f3 el fet de fer-ho i convidar-les a seguir participant en totes<br \/>\naquelles activitats que organitzem tant nosaltres com l&#8217;AMPA.<\/span><\/font><\/p>\n<\/p>\n<p align=\"center\"><span lang=\"CA\"><img decoding=\"async\" <img decoding=\"async\" src=\"http:\/\/agora.xtec.cat\/escolafmistral\/wp-content\/uploads\/usu688\/2016\/10\/IMG_1460.jpg\" \/> <\/span><\/p>\n<div align=\"left\"><\/div>\n<p>&nbsp;<\/p>\n<p align=\"center\"><strong><font face=\"verdana,arial,helvetica,sans-serif\"><a href=\"https:\/\/picasaweb.google.com\/ceipfredericmistral\/ExposicioSetmanaPrimavera?authkey=Gv1sRgCOiN8P2-pJGbRg#slideshow\/5612946880732412210\" target=\"_blank\">VEURE M\u00c9S FOTOS<\/a><\/font><\/strong><\/p>\n","protected":false},"excerpt":{"rendered":"<p>El dilluns 23 de maig l&#8217;escola va obrir les seves portes perqu\u00e8 les fam\u00edlies dels alumnes de la nostra escola poguessin veure l\u2019exposici\u00f3 que els mestres dels diferents cicles hav\u00edem preparat com motiu de la Setmana de Primavera. L&#8217;exposici\u00f3 va ser tot un \u00e8xit. Els passadissos de l&#8217;escola es van omplir de pares, mares, avis [&hellip;]<\/p>\n","protected":false},"author":1,"featured_media":0,"comment_status":"open","ping_status":"open","sticky":false,"template":"","format":"standard","meta":{"_bbp_topic_count":0,"_bbp_reply_count":0,"_bbp_total_topic_count":0,"_bbp_total_reply_count":0,"_bbp_voice_count":0,"_bbp_anonymous_reply_count":0,"_bbp_topic_count_hidden":0,"_bbp_reply_count_hidden":0,"_bbp_forum_subforum_count":0,"site-sidebar-layout":"default","site-content-layout":"","ast-site-content-layout":"","site-content-style":"default","site-sidebar-style":"default","ast-global-header-display":"","ast-banner-title-visibility":"","ast-main-header-display":"","ast-hfb-above-header-display":"","ast-hfb-below-header-display":"","ast-hfb-mobile-header-display":"","site-post-title":"","ast-breadcrumbs-content":"","ast-featured-img":"","footer-sml-layout":"","theme-transparent-header-meta":"","adv-header-id-meta":"","stick-header-meta":"","header-above-stick-meta":"","header-main-stick-meta":"","header-below-stick-meta":"","astra-migrate-meta-layouts":"default","ast-page-background-enabled":"default","ast-page-background-meta":{"desktop":{"background-color":"var(--ast-global-color-4)","background-image":"","background-repeat":"repeat","background-position":"center center","background-size":"auto","background-attachment":"scroll","background-type":"","background-media":"","overlay-type":"","overlay-color":"","overlay-opacity":"","overlay-gradient":""},"tablet":{"background-color":"","background-image":"","background-repeat":"repeat","background-position":"center center","background-size":"auto","background-attachment":"scroll","background-type":"","background-media":"","overlay-type":"","overlay-color":"","overlay-opacity":"","overlay-gradient":""},"mobile":{"background-color":"","background-image":"","background-repeat":"repeat","background-position":"center center","background-size":"auto","background-attachment":"scroll","background-type":"","background-media":"","overlay-type":"","overlay-color":"","overlay-opacity":"","overlay-gradient":""}},"ast-content-background-meta":{"desktop":{"background-color":"var(--ast-global-color-5)","background-image":"","background-repeat":"repeat","background-position":"center center","background-size":"auto","background-attachment":"scroll","background-type":"","background-media":"","overlay-type":"","overlay-color":"","overlay-opacity":"","overlay-gradient":""},"tablet":{"background-color":"var(--ast-global-color-5)","background-image":"","background-repeat":"repeat","background-position":"center center","background-size":"auto","background-attachment":"scroll","background-type":"","background-media":"","overlay-type":"","overlay-color":"","overlay-opacity":"","overlay-gradient":""},"mobile":{"background-color":"var(--ast-global-color-5)","background-image":"","background-repeat":"repeat","background-position":"center center","background-size":"auto","background-attachment":"scroll","background-type":"","background-media":"","overlay-type":"","overlay-color":"","overlay-opacity":"","overlay-gradient":""}},"footnotes":""},"categories":[1],"tags":[64,67],"class_list":["post-568","post","type-post","status-publish","format-standard","hentry","category-general","tag-intraweb","tag-noticies"],"post_mailing_queue_ids":[],"_links":{"self":[{"href":"https:\/\/agora.xtec.cat\/escolafmistral\/wp-json\/wp\/v2\/posts\/568","targetHints":{"allow":["GET"]}}],"collection":[{"href":"https:\/\/agora.xtec.cat\/escolafmistral\/wp-json\/wp\/v2\/posts"}],"about":[{"href":"https:\/\/agora.xtec.cat\/escolafmistral\/wp-json\/wp\/v2\/types\/post"}],"author":[{"embeddable":true,"href":"https:\/\/agora.xtec.cat\/escolafmistral\/wp-json\/wp\/v2\/users\/1"}],"replies":[{"embeddable":true,"href":"https:\/\/agora.xtec.cat\/escolafmistral\/wp-json\/wp\/v2\/comments?post=568"}],"version-history":[{"count":0,"href":"https:\/\/agora.xtec.cat\/escolafmistral\/wp-json\/wp\/v2\/posts\/568\/revisions"}],"wp:attachment":[{"href":"https:\/\/agora.xtec.cat\/escolafmistral\/wp-json\/wp\/v2\/media?parent=568"}],"wp:term":[{"taxonomy":"category","embeddable":true,"href":"https:\/\/agora.xtec.cat\/escolafmistral\/wp-json\/wp\/v2\/categories?post=568"},{"taxonomy":"post_tag","embeddable":true,"href":"https:\/\/agora.xtec.cat\/escolafmistral\/wp-json\/wp\/v2\/tags?post=568"}],"curies":[{"name":"wp","href":"https:\/\/api.w.org\/{rel}","templated":true}]}}