{"id":566,"date":"2011-05-30T14:00:08","date_gmt":"2011-05-30T12:00:08","guid":{"rendered":"http:\/\/agora.xtec.cat\/escolafmistral\/general\/els-alumnes-de-5e-cantem-a-la-cantania\/"},"modified":"2011-05-30T14:00:08","modified_gmt":"2011-05-30T12:00:08","slug":"els-alumnes-de-5e-cantem-a-la-cantania","status":"publish","type":"post","link":"https:\/\/agora.xtec.cat\/escolafmistral\/general\/els-alumnes-de-5e-cantem-a-la-cantania\/","title":{"rendered":"ELS ALUMNES DE 5\u00c8 CANTEM A LA CANT\u00c0NIA"},"content":{"rendered":"<p>El passat divendres dia 27 de maig els i les alumnes de la classe de 5\u00e8 van participar en la interpretaci\u00f3 de la Cant\u00e0nia d&#8217;enguany: Beceroles. La Cant\u00e0nia \u00e9s una activitat organitzada per l&#8217;Auditori de Barcelona que consisteix en la interpretaci\u00f3 d&#8217;una obra musical pensada per a ser cantada per nens, solistes i grup instrumental. L&#8217;experi\u00e8ncia ha esta fant\u00e0stica. El resultat formidable!. Tots, nois, noies, pares, mares i mestres hem sortit impressionats. Preparar-la ha suposat uns quants mesos de treball, per\u00f2 podem dir que hem apr\u00e9s molt i que dif\u00edcilment oblidarem l&#8217;experi\u00e8ncia.<\/p>\n<\/p>\n<p align=\"center\"><img loading=\"lazy\" decoding=\"async\" width=\"608\" height=\"511\" src=\"https:\/\/lh3.googleusercontent.com\/-jC3_M9sksd8\/TeNRrMEvFaI\/AAAAAAAAAtM\/gkTmvwnr8As\/s720\/IMG_0072.JPG\"><\/p>\n<div align=\"left\"><\/div>\n<p><\/img><\/p>\n<\/p>\n<p align=\"center\"><strong><a href=\"https:\/\/picasaweb.google.com\/FREDERICMISTRAL1974\/Cantania2011?feat=directlink\">VEURE M\u00c9S FOTOS<\/a><\/strong><\/p>\n<p align=\"center\"><font size=\"1\"><em>Agra\u00efm a Roman algunes de les fotos!<\/em><\/font><\/p>\n","protected":false},"excerpt":{"rendered":"<p>El passat divendres dia 27 de maig els i les alumnes de la classe de 5\u00e8 van participar en la interpretaci\u00f3 de la Cant\u00e0nia d&#8217;enguany: Beceroles. La Cant\u00e0nia \u00e9s una activitat organitzada per l&#8217;Auditori de Barcelona que consisteix en la interpretaci\u00f3 d&#8217;una obra musical pensada per a ser cantada per nens, solistes i grup instrumental. [&hellip;]<\/p>\n","protected":false},"author":1,"featured_media":0,"comment_status":"open","ping_status":"open","sticky":false,"template":"","format":"standard","meta":{"_bbp_topic_count":0,"_bbp_reply_count":0,"_bbp_total_topic_count":0,"_bbp_total_reply_count":0,"_bbp_voice_count":0,"_bbp_anonymous_reply_count":0,"_bbp_topic_count_hidden":0,"_bbp_reply_count_hidden":0,"_bbp_forum_subforum_count":0,"site-sidebar-layout":"default","site-content-layout":"","ast-site-content-layout":"","site-content-style":"default","site-sidebar-style":"default","ast-global-header-display":"","ast-banner-title-visibility":"","ast-main-header-display":"","ast-hfb-above-header-display":"","ast-hfb-below-header-display":"","ast-hfb-mobile-header-display":"","site-post-title":"","ast-breadcrumbs-content":"","ast-featured-img":"","footer-sml-layout":"","theme-transparent-header-meta":"","adv-header-id-meta":"","stick-header-meta":"","header-above-stick-meta":"","header-main-stick-meta":"","header-below-stick-meta":"","astra-migrate-meta-layouts":"default","ast-page-background-enabled":"default","ast-page-background-meta":{"desktop":{"background-color":"var(--ast-global-color-4)","background-image":"","background-repeat":"repeat","background-position":"center center","background-size":"auto","background-attachment":"scroll","background-type":"","background-media":"","overlay-type":"","overlay-color":"","overlay-opacity":"","overlay-gradient":""},"tablet":{"background-color":"","background-image":"","background-repeat":"repeat","background-position":"center center","background-size":"auto","background-attachment":"scroll","background-type":"","background-media":"","overlay-type":"","overlay-color":"","overlay-opacity":"","overlay-gradient":""},"mobile":{"background-color":"","background-image":"","background-repeat":"repeat","background-position":"center center","background-size":"auto","background-attachment":"scroll","background-type":"","background-media":"","overlay-type":"","overlay-color":"","overlay-opacity":"","overlay-gradient":""}},"ast-content-background-meta":{"desktop":{"background-color":"var(--ast-global-color-5)","background-image":"","background-repeat":"repeat","background-position":"center center","background-size":"auto","background-attachment":"scroll","background-type":"","background-media":"","overlay-type":"","overlay-color":"","overlay-opacity":"","overlay-gradient":""},"tablet":{"background-color":"var(--ast-global-color-5)","background-image":"","background-repeat":"repeat","background-position":"center center","background-size":"auto","background-attachment":"scroll","background-type":"","background-media":"","overlay-type":"","overlay-color":"","overlay-opacity":"","overlay-gradient":""},"mobile":{"background-color":"var(--ast-global-color-5)","background-image":"","background-repeat":"repeat","background-position":"center center","background-size":"auto","background-attachment":"scroll","background-type":"","background-media":"","overlay-type":"","overlay-color":"","overlay-opacity":"","overlay-gradient":""}},"footnotes":""},"categories":[1],"tags":[64,67],"class_list":["post-566","post","type-post","status-publish","format-standard","hentry","category-general","tag-intraweb","tag-noticies"],"post_mailing_queue_ids":[],"_links":{"self":[{"href":"https:\/\/agora.xtec.cat\/escolafmistral\/wp-json\/wp\/v2\/posts\/566","targetHints":{"allow":["GET"]}}],"collection":[{"href":"https:\/\/agora.xtec.cat\/escolafmistral\/wp-json\/wp\/v2\/posts"}],"about":[{"href":"https:\/\/agora.xtec.cat\/escolafmistral\/wp-json\/wp\/v2\/types\/post"}],"author":[{"embeddable":true,"href":"https:\/\/agora.xtec.cat\/escolafmistral\/wp-json\/wp\/v2\/users\/1"}],"replies":[{"embeddable":true,"href":"https:\/\/agora.xtec.cat\/escolafmistral\/wp-json\/wp\/v2\/comments?post=566"}],"version-history":[{"count":0,"href":"https:\/\/agora.xtec.cat\/escolafmistral\/wp-json\/wp\/v2\/posts\/566\/revisions"}],"wp:attachment":[{"href":"https:\/\/agora.xtec.cat\/escolafmistral\/wp-json\/wp\/v2\/media?parent=566"}],"wp:term":[{"taxonomy":"category","embeddable":true,"href":"https:\/\/agora.xtec.cat\/escolafmistral\/wp-json\/wp\/v2\/categories?post=566"},{"taxonomy":"post_tag","embeddable":true,"href":"https:\/\/agora.xtec.cat\/escolafmistral\/wp-json\/wp\/v2\/tags?post=566"}],"curies":[{"name":"wp","href":"https:\/\/api.w.org\/{rel}","templated":true}]}}