{"id":555,"date":"2011-03-22T21:18:36","date_gmt":"2011-03-22T19:18:36","guid":{"rendered":"http:\/\/agora.xtec.cat\/escolafmistral\/general\/torna-la-vella-quaresma\/"},"modified":"2011-03-22T21:18:36","modified_gmt":"2011-03-22T19:18:36","slug":"torna-la-vella-quaresma","status":"publish","type":"post","link":"https:\/\/agora.xtec.cat\/escolafmistral\/general\/torna-la-vella-quaresma\/","title":{"rendered":"TORNA LA VELLA QUARESMA!!!"},"content":{"rendered":"<p>Despr\u00e9s d\u2019una setmana de disbauxa i bogeria per l\u2019arribada del rei Carnestoltes a l\u2019escola i despr\u00e9s de la Setmana Blanca, la que ara ens ve a visitar durant unes setmanes \u00e9s la <strong>VELLA QUARESMA<\/strong>.<\/p>\n<p>&nbsp;I com \u00e9s tradicional, cada divendres a la tarda els infants d\u2019infantil i els alumnes de 1r de Prim\u00e0ria pugem una estona a veure-la per treure-li una cama mentre li cantem aquesta can\u00e7\u00f3. <\/p>\n<p align=\"center\"><strong><em>Vella Quaresma, Vella Quaresma <\/em><\/strong><\/p>\n<p align=\"center\"><strong><em>ai que no pot caminar.<\/em><\/strong><\/p>\n<p align=\"center\"><strong><em>&nbsp;T\u00e9 moltes cames i s\u2019entrebanca<\/em><\/strong><\/p>\n<p align=\"center\"><strong><em>&nbsp;i entre tots l\u2019hem d\u2019ajudar.<\/em><\/strong><\/p>\n<p align=\"center\"><strong><em>&nbsp;Es que l\u2019hem de treure una, una, una, una, una,<\/em><\/strong><\/p>\n<p align=\"center\"><strong><em>&nbsp;es que l\u2019hem de treure una, <\/em><\/strong><\/p>\n<p align=\"center\"><strong><em>perqu\u00e8 pugui caminar txa, txa, txa.<\/em><\/strong><\/p>\n<p align=\"center\"><img loading=\"lazy\" decoding=\"async\" width=\"448\" height=\"440\" style=\"440\" <img loading=\"lazy\" decoding=\"async\" src=\"http:\/\/agora.xtec.cat\/escolafmistral\/wp-content\/uploads\/usu688\/2016\/10\/vella.jpg\" complete=\"true\" style=\"width: 448px; height: 440px\" \/><\/p>\n<p align=\"center\"><font color=\"#0003ff\" face=\"verdana,arial,helvetica,sans-serif\" style=\"verdana,arial,helvetica,sans-serif\" style=\"background-color: #ffff10\"><strong><a href=\"https:\/\/picasaweb.google.com\/ceipfredericmistral\/VellaQuaresma#slideshow\/5586995456979366722\" target=\"_blank\">VEURE M\u00c9S FOTOS<\/a><\/strong><\/font><\/p>\n","protected":false},"excerpt":{"rendered":"<p>Despr\u00e9s d\u2019una setmana de disbauxa i bogeria per l\u2019arribada del rei Carnestoltes a l\u2019escola i despr\u00e9s de la Setmana Blanca, la que ara ens ve a visitar durant unes setmanes \u00e9s la VELLA QUARESMA. &nbsp;I com \u00e9s tradicional, cada divendres a la tarda els infants d\u2019infantil i els alumnes de 1r de Prim\u00e0ria pugem una [&hellip;]<\/p>\n","protected":false},"author":1,"featured_media":0,"comment_status":"open","ping_status":"open","sticky":false,"template":"","format":"standard","meta":{"_bbp_topic_count":0,"_bbp_reply_count":0,"_bbp_total_topic_count":0,"_bbp_total_reply_count":0,"_bbp_voice_count":0,"_bbp_anonymous_reply_count":0,"_bbp_topic_count_hidden":0,"_bbp_reply_count_hidden":0,"_bbp_forum_subforum_count":0,"site-sidebar-layout":"default","site-content-layout":"","ast-site-content-layout":"","site-content-style":"default","site-sidebar-style":"default","ast-global-header-display":"","ast-banner-title-visibility":"","ast-main-header-display":"","ast-hfb-above-header-display":"","ast-hfb-below-header-display":"","ast-hfb-mobile-header-display":"","site-post-title":"","ast-breadcrumbs-content":"","ast-featured-img":"","footer-sml-layout":"","theme-transparent-header-meta":"","adv-header-id-meta":"","stick-header-meta":"","header-above-stick-meta":"","header-main-stick-meta":"","header-below-stick-meta":"","astra-migrate-meta-layouts":"default","ast-page-background-enabled":"default","ast-page-background-meta":{"desktop":{"background-color":"var(--ast-global-color-4)","background-image":"","background-repeat":"repeat","background-position":"center center","background-size":"auto","background-attachment":"scroll","background-type":"","background-media":"","overlay-type":"","overlay-color":"","overlay-opacity":"","overlay-gradient":""},"tablet":{"background-color":"","background-image":"","background-repeat":"repeat","background-position":"center center","background-size":"auto","background-attachment":"scroll","background-type":"","background-media":"","overlay-type":"","overlay-color":"","overlay-opacity":"","overlay-gradient":""},"mobile":{"background-color":"","background-image":"","background-repeat":"repeat","background-position":"center center","background-size":"auto","background-attachment":"scroll","background-type":"","background-media":"","overlay-type":"","overlay-color":"","overlay-opacity":"","overlay-gradient":""}},"ast-content-background-meta":{"desktop":{"background-color":"var(--ast-global-color-5)","background-image":"","background-repeat":"repeat","background-position":"center center","background-size":"auto","background-attachment":"scroll","background-type":"","background-media":"","overlay-type":"","overlay-color":"","overlay-opacity":"","overlay-gradient":""},"tablet":{"background-color":"var(--ast-global-color-5)","background-image":"","background-repeat":"repeat","background-position":"center center","background-size":"auto","background-attachment":"scroll","background-type":"","background-media":"","overlay-type":"","overlay-color":"","overlay-opacity":"","overlay-gradient":""},"mobile":{"background-color":"var(--ast-global-color-5)","background-image":"","background-repeat":"repeat","background-position":"center center","background-size":"auto","background-attachment":"scroll","background-type":"","background-media":"","overlay-type":"","overlay-color":"","overlay-opacity":"","overlay-gradient":""}},"footnotes":""},"categories":[1],"tags":[64,67],"class_list":["post-555","post","type-post","status-publish","format-standard","hentry","category-general","tag-intraweb","tag-noticies"],"post_mailing_queue_ids":[],"_links":{"self":[{"href":"https:\/\/agora.xtec.cat\/escolafmistral\/wp-json\/wp\/v2\/posts\/555","targetHints":{"allow":["GET"]}}],"collection":[{"href":"https:\/\/agora.xtec.cat\/escolafmistral\/wp-json\/wp\/v2\/posts"}],"about":[{"href":"https:\/\/agora.xtec.cat\/escolafmistral\/wp-json\/wp\/v2\/types\/post"}],"author":[{"embeddable":true,"href":"https:\/\/agora.xtec.cat\/escolafmistral\/wp-json\/wp\/v2\/users\/1"}],"replies":[{"embeddable":true,"href":"https:\/\/agora.xtec.cat\/escolafmistral\/wp-json\/wp\/v2\/comments?post=555"}],"version-history":[{"count":0,"href":"https:\/\/agora.xtec.cat\/escolafmistral\/wp-json\/wp\/v2\/posts\/555\/revisions"}],"wp:attachment":[{"href":"https:\/\/agora.xtec.cat\/escolafmistral\/wp-json\/wp\/v2\/media?parent=555"}],"wp:term":[{"taxonomy":"category","embeddable":true,"href":"https:\/\/agora.xtec.cat\/escolafmistral\/wp-json\/wp\/v2\/categories?post=555"},{"taxonomy":"post_tag","embeddable":true,"href":"https:\/\/agora.xtec.cat\/escolafmistral\/wp-json\/wp\/v2\/tags?post=555"}],"curies":[{"name":"wp","href":"https:\/\/api.w.org\/{rel}","templated":true}]}}