{"id":553,"date":"2011-03-22T20:41:30","date_gmt":"2011-03-22T18:41:30","guid":{"rendered":"http:\/\/agora.xtec.cat\/escolafmistral\/general\/sortim-a-fer-la-rua-pel-barri\/"},"modified":"2011-03-22T20:41:30","modified_gmt":"2011-03-22T18:41:30","slug":"sortim-a-fer-la-rua-pel-barri","status":"publish","type":"post","link":"https:\/\/agora.xtec.cat\/escolafmistral\/general\/sortim-a-fer-la-rua-pel-barri\/","title":{"rendered":"SORTIM A FER LA RUA PEL BARRI!!!"},"content":{"rendered":"<p>&nbsp;<span lang=\"CA\"><font face=\"verdana,arial,helvetica,sans-serif\">El <strong>divendres 5 de mar\u00e7<\/strong> l&#8217;escola en ple va disfressar-se per celebrar la <strong>festa de Carnestoltes<\/strong> i va tornar a sortir al barri per fer la tradicional Rua. <\/font><\/span><\/p>\n<p><span lang=\"CA\"><font face=\"verdana,arial,helvetica,sans-serif\">Va ser un dia molt especial, ja que com cada any per aquesta festa popular de Carnestoltes, l&#8217;escola va obrir les portes a les fam\u00edlies per compartir la nostra disbauxa i aleg<\/font><\/span><\/p>\n<p><span lang=\"CA\"><font face=\"verdana,arial,helvetica,sans-serif\">A les 15:30 els primers grups de nens i nenes disfressats de cap a peus&nbsp;vam comen\u00e7ar a apar\u00e8ixer pel pati per fer-se la foto de grup. <strong>Ossos panda, tigres, taurons, orques, ping\u00fcins, peixos globus, abelles, papallones, ocells<\/strong> <strong>llampants i&nbsp;paons<\/strong> van omplir de color i de soroll el pati de l&#8217;escola. Un grup de persones de<strong> GREENFREDERIC<\/strong> vigilava que ning\u00fa fes mal als pobres animaltes protegits, mentre que una multitud de mares i pares, c\u00e0mera de fotos en ma, van encegar els inofensius animalets&nbsp;amb tants flashos. <\/font><\/span><\/p>\n<p><span lang=\"CA\"><font face=\"verdana,arial,helvetica,sans-serif\">Un cop els paparazzis havien realitzat el seu treball fotogr\u00e0fic, es va iniciar la Rua pels carrers m\u00e9s propers a l&#8217;escola. El soroll de maraques, tambors i xiulets ens va acompanyar tot el recorregut i van fer sortir a m\u00e9s d&#8217;un ve\u00ed de bars i botigues per contemplar l&#8217;espectacle.<\/font><\/span><\/p>\n<p><span lang=\"CA\"><font face=\"verdana,arial,helvetica,sans-serif\">Finalitzat el recorregut, vam tornar a l&#8217;escola i vam ballar una estoneta al ritme de la m\u00fasica m\u00e9s marxosa. <\/font><\/span><\/p>\n<p><span lang=\"CA\"><font face=\"verdana,arial,helvetica,sans-serif\">Cap a les 16:45 la festa va acabar i l&#8217;AMPA com a fi de festa va organitzar un petit espai per repartir als nostres alumnes un berenar molt necessari despr\u00e9s d&#8217;una intensa tarda. <\/font><\/span><\/p>\n<p><span lang=\"CA\"><font face=\"verdana,arial,helvetica,sans-serif\">Amb aquest fi de festa el Rei Carnestoltes deixa l&#8217;escola fins el curs vinent i&nbsp;se&#8217;n porta amb ell la disbauxa i bogeria que ha portat aquesta setmana a l&#8217;escola. A partir de dilluns tornem de nou a la tranquil\u00b7litat i la serenor al nostre context escolar. <\/font><\/span><\/p>\n<p><span lang=\"CA\"><font face=\"verdana,arial,helvetica,sans-serif\">Fins l&#8217;any vinent Carnestoltes!!!!!<\/font><\/span><\/p>\n<p align=\"center\"><span lang=\"CA\"><font face=\"verdana,arial,helvetica,sans-serif\"><img decoding=\"async\" align=\"absMiddle\" <img decoding=\"async\" src=\"http:\/\/agora.xtec.cat\/escolafmistral\/wp-content\/uploads\/usu688\/2016\/10\/img_0929.jpg\" complete=\"true\" complete=\"true\" \/><\/font><\/span><\/p>\n<p align=\"center\"><span lang=\"CA\"><font color=\"#1012ff\" face=\"verdana,arial,helvetica,sans-serif\"><\/font><\/span><\/p>\n<p>&nbsp;<\/p>\n<\/p>\n<p align=\"center\"><strong><a href=\"https:\/\/picasaweb.google.com\/ceipfredericmistral\/Carnestoltes2011#slideshow\/5586658136018887682\" target=\"_blank\"><font style=\"\" style=\"background-color: #ffff10\">VEURE M\u00c9S FOTOS<\/font><\/a><\/strong><\/p>\n","protected":false},"excerpt":{"rendered":"<p>&nbsp;El divendres 5 de mar\u00e7 l&#8217;escola en ple va disfressar-se per celebrar la festa de Carnestoltes i va tornar a sortir al barri per fer la tradicional Rua. Va ser un dia molt especial, ja que com cada any per aquesta festa popular de Carnestoltes, l&#8217;escola va obrir les portes a les fam\u00edlies per compartir [&hellip;]<\/p>\n","protected":false},"author":1,"featured_media":0,"comment_status":"open","ping_status":"open","sticky":false,"template":"","format":"standard","meta":{"_bbp_topic_count":0,"_bbp_reply_count":0,"_bbp_total_topic_count":0,"_bbp_total_reply_count":0,"_bbp_voice_count":0,"_bbp_anonymous_reply_count":0,"_bbp_topic_count_hidden":0,"_bbp_reply_count_hidden":0,"_bbp_forum_subforum_count":0,"site-sidebar-layout":"default","site-content-layout":"","ast-site-content-layout":"","site-content-style":"default","site-sidebar-style":"default","ast-global-header-display":"","ast-banner-title-visibility":"","ast-main-header-display":"","ast-hfb-above-header-display":"","ast-hfb-below-header-display":"","ast-hfb-mobile-header-display":"","site-post-title":"","ast-breadcrumbs-content":"","ast-featured-img":"","footer-sml-layout":"","theme-transparent-header-meta":"","adv-header-id-meta":"","stick-header-meta":"","header-above-stick-meta":"","header-main-stick-meta":"","header-below-stick-meta":"","astra-migrate-meta-layouts":"default","ast-page-background-enabled":"default","ast-page-background-meta":{"desktop":{"background-color":"var(--ast-global-color-4)","background-image":"","background-repeat":"repeat","background-position":"center center","background-size":"auto","background-attachment":"scroll","background-type":"","background-media":"","overlay-type":"","overlay-color":"","overlay-opacity":"","overlay-gradient":""},"tablet":{"background-color":"","background-image":"","background-repeat":"repeat","background-position":"center center","background-size":"auto","background-attachment":"scroll","background-type":"","background-media":"","overlay-type":"","overlay-color":"","overlay-opacity":"","overlay-gradient":""},"mobile":{"background-color":"","background-image":"","background-repeat":"repeat","background-position":"center center","background-size":"auto","background-attachment":"scroll","background-type":"","background-media":"","overlay-type":"","overlay-color":"","overlay-opacity":"","overlay-gradient":""}},"ast-content-background-meta":{"desktop":{"background-color":"var(--ast-global-color-5)","background-image":"","background-repeat":"repeat","background-position":"center center","background-size":"auto","background-attachment":"scroll","background-type":"","background-media":"","overlay-type":"","overlay-color":"","overlay-opacity":"","overlay-gradient":""},"tablet":{"background-color":"var(--ast-global-color-5)","background-image":"","background-repeat":"repeat","background-position":"center center","background-size":"auto","background-attachment":"scroll","background-type":"","background-media":"","overlay-type":"","overlay-color":"","overlay-opacity":"","overlay-gradient":""},"mobile":{"background-color":"var(--ast-global-color-5)","background-image":"","background-repeat":"repeat","background-position":"center center","background-size":"auto","background-attachment":"scroll","background-type":"","background-media":"","overlay-type":"","overlay-color":"","overlay-opacity":"","overlay-gradient":""}},"footnotes":""},"categories":[1],"tags":[64,67],"class_list":["post-553","post","type-post","status-publish","format-standard","hentry","category-general","tag-intraweb","tag-noticies"],"post_mailing_queue_ids":[],"_links":{"self":[{"href":"https:\/\/agora.xtec.cat\/escolafmistral\/wp-json\/wp\/v2\/posts\/553","targetHints":{"allow":["GET"]}}],"collection":[{"href":"https:\/\/agora.xtec.cat\/escolafmistral\/wp-json\/wp\/v2\/posts"}],"about":[{"href":"https:\/\/agora.xtec.cat\/escolafmistral\/wp-json\/wp\/v2\/types\/post"}],"author":[{"embeddable":true,"href":"https:\/\/agora.xtec.cat\/escolafmistral\/wp-json\/wp\/v2\/users\/1"}],"replies":[{"embeddable":true,"href":"https:\/\/agora.xtec.cat\/escolafmistral\/wp-json\/wp\/v2\/comments?post=553"}],"version-history":[{"count":0,"href":"https:\/\/agora.xtec.cat\/escolafmistral\/wp-json\/wp\/v2\/posts\/553\/revisions"}],"wp:attachment":[{"href":"https:\/\/agora.xtec.cat\/escolafmistral\/wp-json\/wp\/v2\/media?parent=553"}],"wp:term":[{"taxonomy":"category","embeddable":true,"href":"https:\/\/agora.xtec.cat\/escolafmistral\/wp-json\/wp\/v2\/categories?post=553"},{"taxonomy":"post_tag","embeddable":true,"href":"https:\/\/agora.xtec.cat\/escolafmistral\/wp-json\/wp\/v2\/tags?post=553"}],"curies":[{"name":"wp","href":"https:\/\/api.w.org\/{rel}","templated":true}]}}