{"id":547,"date":"2011-02-16T13:41:01","date_gmt":"2011-02-16T11:41:01","guid":{"rendered":"http:\/\/agora.xtec.cat\/escolafmistral\/general\/no-tots-som-iguals\/"},"modified":"2011-02-16T13:41:01","modified_gmt":"2011-02-16T11:41:01","slug":"no-tots-som-iguals","status":"publish","type":"post","link":"https:\/\/agora.xtec.cat\/escolafmistral\/general\/no-tots-som-iguals\/","title":{"rendered":"COMPARTIM EXPERI\u00c8NCIES!!!"},"content":{"rendered":"<style type=\"text\/css\">\n\t<!--\n\t\t@page { margin: 2cm }\n\t\tP { margin-bottom: 0.21cm }\n\t-->\n\t<\/style>\n<p style=\"margin-bottom: 0cm;\">La setmana passada van visitar l\u2019escola<br \/>\nmembres de la <strong style=\"color: #ff1010;\">Fundaci\u00f3 privada Rosella<\/strong>. \u00c9s una fundaci\u00f3 que busca<br \/>\ninformar sobre la discapacitat i donar a con\u00e8ixer el seu col\u00b7lectiu<br \/>\na centres escolars.<\/p>\n<p style=\"margin-bottom: 0cm;\">Els\/les nostres alumnes dels cicles<br \/>\nMitj\u00e0 i Superior van compartir i experimentar  amb activitats que<br \/>\nvolen posar de manifest les dificultats que poden tenir les persones<br \/>\namb discapacitats, i aix\u00ed entendre millor les seves necessitats.<\/p>\n<p style=\"margin-bottom: 0cm;\"> Van fer diferents activitats juntament<br \/>\namb els usuaris de la fundaci\u00f3 com un petit circuit amb cadira de<br \/>\nrodes, un altre de disminuci\u00f3 visual, van estar treballant el tacte<br \/>\na trav\u00e9s de les caixes sensitives i van aprendre com es comuniquen<br \/>\nles persones sordes. Tot va estar molt interessant.<\/p>\n<p align=\"center\"> <img decoding=\"async\" <img decoding=\"async\" src=\"http:\/\/agora.xtec.cat\/escolafmistral\/wp-content\/uploads\/usu688\/2016\/10\/img_0639.jpg\" \/><\/p>\n<p align=\"center\"><span style=\"color: #1012ff;\"> <\/span><a href=\"https:\/\/picasaweb.google.com\/ceipfredericmistral\/ProjecteRosella#slideshow\/5574263438899902866\" target=\"_blank\"><strong style=\"background-color: #ffff10; color: #1012ff;\">VEURE M\u00c9S FOTOS<\/strong><\/a><\/p>\n<\/p>\n<\/p>\n<\/p>\n<\/p>\n<\/p>\n<p align=\"center\"> <\/p>\n","protected":false},"excerpt":{"rendered":"<p>La setmana passada van visitar l\u2019escola membres de la Fundaci\u00f3 privada Rosella. \u00c9s una fundaci\u00f3 que busca informar sobre la discapacitat i donar a con\u00e8ixer el seu col\u00b7lectiu a centres escolars. Els\/les nostres alumnes dels cicles Mitj\u00e0 i Superior van compartir i experimentar amb activitats que volen posar de manifest les dificultats que poden tenir [&hellip;]<\/p>\n","protected":false},"author":1,"featured_media":0,"comment_status":"open","ping_status":"open","sticky":false,"template":"","format":"standard","meta":{"_bbp_topic_count":0,"_bbp_reply_count":0,"_bbp_total_topic_count":0,"_bbp_total_reply_count":0,"_bbp_voice_count":0,"_bbp_anonymous_reply_count":0,"_bbp_topic_count_hidden":0,"_bbp_reply_count_hidden":0,"_bbp_forum_subforum_count":0,"site-sidebar-layout":"default","site-content-layout":"","ast-site-content-layout":"","site-content-style":"default","site-sidebar-style":"default","ast-global-header-display":"","ast-banner-title-visibility":"","ast-main-header-display":"","ast-hfb-above-header-display":"","ast-hfb-below-header-display":"","ast-hfb-mobile-header-display":"","site-post-title":"","ast-breadcrumbs-content":"","ast-featured-img":"","footer-sml-layout":"","theme-transparent-header-meta":"","adv-header-id-meta":"","stick-header-meta":"","header-above-stick-meta":"","header-main-stick-meta":"","header-below-stick-meta":"","astra-migrate-meta-layouts":"default","ast-page-background-enabled":"default","ast-page-background-meta":{"desktop":{"background-color":"var(--ast-global-color-4)","background-image":"","background-repeat":"repeat","background-position":"center center","background-size":"auto","background-attachment":"scroll","background-type":"","background-media":"","overlay-type":"","overlay-color":"","overlay-opacity":"","overlay-gradient":""},"tablet":{"background-color":"","background-image":"","background-repeat":"repeat","background-position":"center center","background-size":"auto","background-attachment":"scroll","background-type":"","background-media":"","overlay-type":"","overlay-color":"","overlay-opacity":"","overlay-gradient":""},"mobile":{"background-color":"","background-image":"","background-repeat":"repeat","background-position":"center center","background-size":"auto","background-attachment":"scroll","background-type":"","background-media":"","overlay-type":"","overlay-color":"","overlay-opacity":"","overlay-gradient":""}},"ast-content-background-meta":{"desktop":{"background-color":"var(--ast-global-color-5)","background-image":"","background-repeat":"repeat","background-position":"center center","background-size":"auto","background-attachment":"scroll","background-type":"","background-media":"","overlay-type":"","overlay-color":"","overlay-opacity":"","overlay-gradient":""},"tablet":{"background-color":"var(--ast-global-color-5)","background-image":"","background-repeat":"repeat","background-position":"center center","background-size":"auto","background-attachment":"scroll","background-type":"","background-media":"","overlay-type":"","overlay-color":"","overlay-opacity":"","overlay-gradient":""},"mobile":{"background-color":"var(--ast-global-color-5)","background-image":"","background-repeat":"repeat","background-position":"center center","background-size":"auto","background-attachment":"scroll","background-type":"","background-media":"","overlay-type":"","overlay-color":"","overlay-opacity":"","overlay-gradient":""}},"footnotes":""},"categories":[1],"tags":[64,67],"class_list":["post-547","post","type-post","status-publish","format-standard","hentry","category-general","tag-intraweb","tag-noticies"],"post_mailing_queue_ids":[],"_links":{"self":[{"href":"https:\/\/agora.xtec.cat\/escolafmistral\/wp-json\/wp\/v2\/posts\/547","targetHints":{"allow":["GET"]}}],"collection":[{"href":"https:\/\/agora.xtec.cat\/escolafmistral\/wp-json\/wp\/v2\/posts"}],"about":[{"href":"https:\/\/agora.xtec.cat\/escolafmistral\/wp-json\/wp\/v2\/types\/post"}],"author":[{"embeddable":true,"href":"https:\/\/agora.xtec.cat\/escolafmistral\/wp-json\/wp\/v2\/users\/1"}],"replies":[{"embeddable":true,"href":"https:\/\/agora.xtec.cat\/escolafmistral\/wp-json\/wp\/v2\/comments?post=547"}],"version-history":[{"count":0,"href":"https:\/\/agora.xtec.cat\/escolafmistral\/wp-json\/wp\/v2\/posts\/547\/revisions"}],"wp:attachment":[{"href":"https:\/\/agora.xtec.cat\/escolafmistral\/wp-json\/wp\/v2\/media?parent=547"}],"wp:term":[{"taxonomy":"category","embeddable":true,"href":"https:\/\/agora.xtec.cat\/escolafmistral\/wp-json\/wp\/v2\/categories?post=547"},{"taxonomy":"post_tag","embeddable":true,"href":"https:\/\/agora.xtec.cat\/escolafmistral\/wp-json\/wp\/v2\/tags?post=547"}],"curies":[{"name":"wp","href":"https:\/\/api.w.org\/{rel}","templated":true}]}}