{"id":541,"date":"2011-01-09T21:06:27","date_gmt":"2011-01-09T19:06:27","guid":{"rendered":"http:\/\/agora.xtec.cat\/escolafmistral\/general\/festivals-de-nadal-2010\/"},"modified":"2011-01-09T21:06:27","modified_gmt":"2011-01-09T19:06:27","slug":"festivals-de-nadal-2010","status":"publish","type":"post","link":"https:\/\/agora.xtec.cat\/escolafmistral\/general\/festivals-de-nadal-2010\/","title":{"rendered":"FESTIVALS DE NADAL 2010"},"content":{"rendered":"<p><font face=\"verdana,arial,helvetica,sans-serif\">El passats dies <strong>17 i 18 de desembre<\/strong> l&#8217;escola Frederic Mistral tornar a obrir les seves portes a les fam\u00edlies perqu\u00e8 poguessin assistir als tradicionals<strong> concerts de Nadal<\/strong> on els nens i nenes d&#8217;Infantil i Prim\u00e0ria ens han tornat a delectar, un cop m\u00e9s, amb les seves magnifiques actuacions.<\/font><\/p>\n<p><font face=\"verdana,arial,helvetica,sans-serif\">&nbsp;El dia 17 de desembre va ser el torn dels <strong>infants m\u00e9s petits<\/strong> de l&#8217;escola. El nerviosisme i la por esc\u00e8nica no van suposar cap problema per als nostres nens\/es que tenien m\u00e9s que dominades les seves actuacions. Guarnits amb una diadema dissenyada per l&#8217;ocasi\u00f3 van pujar al escenari on van cantar i interpretar el poema de Nadal amb un estil propi dels millors cantants de l&#8217;escena mundial. Al p\u00fablic, a m\u00e9s d&#8217;un pare i mare se li va caure alguna llagrimeta veient el seu fill\/a. Tampoc hem d\u2019oblidar la sorprenent actuaci\u00f3 dels mestres d\u2019infantil que una vegada m\u00e9s han sorpr\u00e8s a fam\u00edlies i alumnes amb un ball digne de matr\u00edcula d\u2019honor. <\/font><\/p>\n<p align=\"center\"><font face=\"verdana,arial,helvetica,sans-serif\"><img decoding=\"async\" align=\"absMiddle\" complete=\"true\" src=\"http:\/\/xtec.cat\/ceipfmistral-hospitalet\/noticies\/2010_12_23\/img_0204.jpg\" style=\"width: 490px; height: 368px;\" \/><\/font><\/p>\n<p align=\"center\"><font face=\"verdana,arial,helvetica,sans-serif\" color=\"#1012ff\"><font> <\/font><strong style=\"color: #0003ff;\"><a style=\"background-color: #ffff00;\" target=\"_blank\" href=\"http:\/\/picasaweb.google.com\/ceipfredericmistral\/FestivalNadal#slideshow\/5560271330453478610\">VEURE M\u00c9S FOTOS<\/a><\/strong><\/font><\/p>\n<p><font face=\"verdana,arial,helvetica,sans-serif\"><\/font><\/p>\n<p><font face=\"verdana,arial,helvetica,sans-serif\"><\/font><\/p>\n<p><font face=\"verdana,arial,helvetica,sans-serif\"><\/font><\/p>\n<p><font face=\"verdana,arial,helvetica,sans-serif\"><\/font><\/p>\n<p><font face=\"verdana,arial,helvetica,sans-serif\"><\/font><\/p>\n<p><font face=\"verdana,arial,helvetica,sans-serif\"><\/font><\/p>\n<p><font face=\"verdana,arial,helvetica,sans-serif\"><\/font><\/p>\n<p><font face=\"verdana,arial,helvetica,sans-serif\"><\/font><\/p>\n<p><font face=\"verdana,arial,helvetica,sans-serif\"><\/font><\/p>\n<p><font face=\"verdana,arial,helvetica,sans-serif\">Al dia seg\u00fcent el torn va ser pels m\u00e9s grans de l&#8217;escola, els nostres<strong> alumnes de Prim\u00e0ria<\/strong>. Aquests tamb\u00e9 van pujar a l&#8217;escenari amb una vestimenta especial per donar m\u00e9s colorit a la seva interpretaci\u00f3. Els flashos i els aplaudiments infinits van ser presents al finalitzar cada actuaci\u00f3. Es comenta que molts d\u2019ells i d\u2019elles tenen un futur prometedor a <em>&quot;Operaci\u00f3n Triumfo&quot;<\/em>. <\/font><\/p>\n<p align=\"center\"> <img decoding=\"async\" src=\"http:\/\/xtec.cat\/ceipfmistral-hospitalet\/noticies\/2010_12_23\/IMG_0272.jpg\" style=\"width: 490px; height: 368px;\" \/><\/p>\n<p align=\"center\"> <a href=\"http:\/\/picasaweb.google.com\/ceipfredericmistral\/FestivalNadalPrimaria#slideshow\/5560573203830762466\" target=\"_blank\"> <strong style=\"background-color: #ffff10;\"> VEURE M\u00c9S FOTOS<\/strong><\/a> <\/p>\n<p><font face=\"verdana,arial,helvetica,sans-serif\">Abans d\u2019acabar, cal agrair el comprom\u00eds i l\u2019esfor\u00e7 del nostre mestre de M\u00fasica, Daniel, per preparar les can\u00e7ons amb els infants i per organitzar els Festivals.<\/font><\/p>\n<\/p>\n<\/p><\/p>\n","protected":false},"excerpt":{"rendered":"<p>El passats dies 17 i 18 de desembre l&#8217;escola Frederic Mistral tornar a obrir les seves portes a les fam\u00edlies perqu\u00e8 poguessin assistir als tradicionals concerts de Nadal on els nens i nenes d&#8217;Infantil i Prim\u00e0ria ens han tornat a delectar, un cop m\u00e9s, amb les seves magnifiques actuacions. &nbsp;El dia 17 de desembre va [&hellip;]<\/p>\n","protected":false},"author":1,"featured_media":0,"comment_status":"open","ping_status":"open","sticky":false,"template":"","format":"standard","meta":{"_bbp_topic_count":0,"_bbp_reply_count":0,"_bbp_total_topic_count":0,"_bbp_total_reply_count":0,"_bbp_voice_count":0,"_bbp_anonymous_reply_count":0,"_bbp_topic_count_hidden":0,"_bbp_reply_count_hidden":0,"_bbp_forum_subforum_count":0,"site-sidebar-layout":"default","site-content-layout":"","ast-site-content-layout":"","site-content-style":"default","site-sidebar-style":"default","ast-global-header-display":"","ast-banner-title-visibility":"","ast-main-header-display":"","ast-hfb-above-header-display":"","ast-hfb-below-header-display":"","ast-hfb-mobile-header-display":"","site-post-title":"","ast-breadcrumbs-content":"","ast-featured-img":"","footer-sml-layout":"","theme-transparent-header-meta":"","adv-header-id-meta":"","stick-header-meta":"","header-above-stick-meta":"","header-main-stick-meta":"","header-below-stick-meta":"","astra-migrate-meta-layouts":"default","ast-page-background-enabled":"default","ast-page-background-meta":{"desktop":{"background-color":"var(--ast-global-color-4)","background-image":"","background-repeat":"repeat","background-position":"center center","background-size":"auto","background-attachment":"scroll","background-type":"","background-media":"","overlay-type":"","overlay-color":"","overlay-opacity":"","overlay-gradient":""},"tablet":{"background-color":"","background-image":"","background-repeat":"repeat","background-position":"center center","background-size":"auto","background-attachment":"scroll","background-type":"","background-media":"","overlay-type":"","overlay-color":"","overlay-opacity":"","overlay-gradient":""},"mobile":{"background-color":"","background-image":"","background-repeat":"repeat","background-position":"center center","background-size":"auto","background-attachment":"scroll","background-type":"","background-media":"","overlay-type":"","overlay-color":"","overlay-opacity":"","overlay-gradient":""}},"ast-content-background-meta":{"desktop":{"background-color":"var(--ast-global-color-5)","background-image":"","background-repeat":"repeat","background-position":"center center","background-size":"auto","background-attachment":"scroll","background-type":"","background-media":"","overlay-type":"","overlay-color":"","overlay-opacity":"","overlay-gradient":""},"tablet":{"background-color":"var(--ast-global-color-5)","background-image":"","background-repeat":"repeat","background-position":"center center","background-size":"auto","background-attachment":"scroll","background-type":"","background-media":"","overlay-type":"","overlay-color":"","overlay-opacity":"","overlay-gradient":""},"mobile":{"background-color":"var(--ast-global-color-5)","background-image":"","background-repeat":"repeat","background-position":"center center","background-size":"auto","background-attachment":"scroll","background-type":"","background-media":"","overlay-type":"","overlay-color":"","overlay-opacity":"","overlay-gradient":""}},"footnotes":""},"categories":[1],"tags":[64,67],"class_list":["post-541","post","type-post","status-publish","format-standard","hentry","category-general","tag-intraweb","tag-noticies"],"post_mailing_queue_ids":[],"_links":{"self":[{"href":"https:\/\/agora.xtec.cat\/escolafmistral\/wp-json\/wp\/v2\/posts\/541","targetHints":{"allow":["GET"]}}],"collection":[{"href":"https:\/\/agora.xtec.cat\/escolafmistral\/wp-json\/wp\/v2\/posts"}],"about":[{"href":"https:\/\/agora.xtec.cat\/escolafmistral\/wp-json\/wp\/v2\/types\/post"}],"author":[{"embeddable":true,"href":"https:\/\/agora.xtec.cat\/escolafmistral\/wp-json\/wp\/v2\/users\/1"}],"replies":[{"embeddable":true,"href":"https:\/\/agora.xtec.cat\/escolafmistral\/wp-json\/wp\/v2\/comments?post=541"}],"version-history":[{"count":0,"href":"https:\/\/agora.xtec.cat\/escolafmistral\/wp-json\/wp\/v2\/posts\/541\/revisions"}],"wp:attachment":[{"href":"https:\/\/agora.xtec.cat\/escolafmistral\/wp-json\/wp\/v2\/media?parent=541"}],"wp:term":[{"taxonomy":"category","embeddable":true,"href":"https:\/\/agora.xtec.cat\/escolafmistral\/wp-json\/wp\/v2\/categories?post=541"},{"taxonomy":"post_tag","embeddable":true,"href":"https:\/\/agora.xtec.cat\/escolafmistral\/wp-json\/wp\/v2\/tags?post=541"}],"curies":[{"name":"wp","href":"https:\/\/api.w.org\/{rel}","templated":true}]}}