{"id":521,"date":"2010-02-25T13:23:56","date_gmt":"2010-02-25T11:23:56","guid":{"rendered":"http:\/\/agora.xtec.cat\/escolafmistral\/general\/cantem-a-la-vella-quaresma\/"},"modified":"2010-02-25T13:23:56","modified_gmt":"2010-02-25T11:23:56","slug":"cantem-a-la-vella-quaresma","status":"publish","type":"post","link":"https:\/\/agora.xtec.cat\/escolafmistral\/general\/cantem-a-la-vella-quaresma\/","title":{"rendered":"Cantem a la vella quaresma"},"content":{"rendered":"<p><meta http-equiv=\"CONTENT-TYPE\" content=\"text\/html; charset=utf-8\" \/><br \/>\n<title><\/title><br \/>\n<meta name=\"GENERATOR\" content=\"OpenOffice.org 3.1 (Linux)\" \/> <\/p>\n<style type=\"text\/css\"> <!--\n\t\t@page { margin: 2cm }\n\t\tP { margin-bottom: 0.21cm }\n\t--> <\/style>\n<p style=\"margin-bottom: 0cm;\"><strong><font face=\"Arial, sans-serif\" size=\"2\">Els nens i nens d&#8217;Educaci\u00f3 Infantil cada divendres a la tarda li traiem una cama a la Vella Quaresma.<\/font><\/strong>\n<\/p>\n<p style=\"margin-bottom: 0cm;\"><strong><font face=\"Arial, sans-serif\" size=\"2\">D&#8217;aquesta manera, fem conscients als infants del pas del temps ja que tots\/es saben que quan li quedi una cama a la vella Quaresma voldr\u00e0 dir que han arribat les vacances de Setmana santa.<\/font><\/strong>\n<\/p>\n<p style=\"margin-bottom: 0cm;\"><strong><font face=\"Arial, sans-serif\" size=\"2\">Tot aix\u00f2 ho fan a ritme de la can\u00e7\u00f3 de \u201c La Cucaracha\u201di la lletra \u00e9s aix\u00ed:<\/font><\/strong>\n<\/p>\n<p style=\"margin-bottom: 0cm;\" align=\"CENTER\"><strong><font size=\"2\">\u201c <\/font><font face=\"Arial, sans-serif\" size=\"2\"><em>Vella Quaresma, vella Quaresma, \/ ai! que no pots caminar. \/ Tens moltes cames, \/ i t&#8217;entrebanques \/ i entre tots l&#8217;hem d&#8217;ajudar. \/ I \u00e9s que l&#8217;hem de treure una, \/ una, una, una una; \/ i \u00e9s que l&#8217;hem de treure una, \/ perqu\u00e8 pugui caminar, \/ txa, txa, txa!\u201d<\/em><\/font><\/strong>\n<\/p>\n<p style=\"margin-bottom: 0cm;\"><strong><font face=\"Arial, sans-serif\" size=\"2\">Esperem que a casa la canteu tots junts!<\/font><\/strong>\n<\/p>\n<p align=\"center\"><img decoding=\"async\" src=\"http:\/\/www.xtec.cat\/ceipfmistral-hospitalet\/noticies\/2010_02_25\/quaresma.jpg\" \/>&nbsp;<\/p>\n","protected":false},"excerpt":{"rendered":"<p>Els nens i nens d&#8217;Educaci\u00f3 Infantil cada divendres a la tarda li traiem una cama a la Vella Quaresma. D&#8217;aquesta manera, fem conscients als infants del pas del temps ja que tots\/es saben que quan li quedi una cama a la vella Quaresma voldr\u00e0 dir que han arribat les vacances de Setmana santa. Tot aix\u00f2 [&hellip;]<\/p>\n","protected":false},"author":1,"featured_media":0,"comment_status":"open","ping_status":"open","sticky":false,"template":"","format":"standard","meta":{"_bbp_topic_count":0,"_bbp_reply_count":0,"_bbp_total_topic_count":0,"_bbp_total_reply_count":0,"_bbp_voice_count":0,"_bbp_anonymous_reply_count":0,"_bbp_topic_count_hidden":0,"_bbp_reply_count_hidden":0,"_bbp_forum_subforum_count":0,"site-sidebar-layout":"default","site-content-layout":"","ast-site-content-layout":"","site-content-style":"default","site-sidebar-style":"default","ast-global-header-display":"","ast-banner-title-visibility":"","ast-main-header-display":"","ast-hfb-above-header-display":"","ast-hfb-below-header-display":"","ast-hfb-mobile-header-display":"","site-post-title":"","ast-breadcrumbs-content":"","ast-featured-img":"","footer-sml-layout":"","theme-transparent-header-meta":"","adv-header-id-meta":"","stick-header-meta":"","header-above-stick-meta":"","header-main-stick-meta":"","header-below-stick-meta":"","astra-migrate-meta-layouts":"default","ast-page-background-enabled":"default","ast-page-background-meta":{"desktop":{"background-color":"var(--ast-global-color-4)","background-image":"","background-repeat":"repeat","background-position":"center center","background-size":"auto","background-attachment":"scroll","background-type":"","background-media":"","overlay-type":"","overlay-color":"","overlay-opacity":"","overlay-gradient":""},"tablet":{"background-color":"","background-image":"","background-repeat":"repeat","background-position":"center center","background-size":"auto","background-attachment":"scroll","background-type":"","background-media":"","overlay-type":"","overlay-color":"","overlay-opacity":"","overlay-gradient":""},"mobile":{"background-color":"","background-image":"","background-repeat":"repeat","background-position":"center center","background-size":"auto","background-attachment":"scroll","background-type":"","background-media":"","overlay-type":"","overlay-color":"","overlay-opacity":"","overlay-gradient":""}},"ast-content-background-meta":{"desktop":{"background-color":"var(--ast-global-color-5)","background-image":"","background-repeat":"repeat","background-position":"center center","background-size":"auto","background-attachment":"scroll","background-type":"","background-media":"","overlay-type":"","overlay-color":"","overlay-opacity":"","overlay-gradient":""},"tablet":{"background-color":"var(--ast-global-color-5)","background-image":"","background-repeat":"repeat","background-position":"center center","background-size":"auto","background-attachment":"scroll","background-type":"","background-media":"","overlay-type":"","overlay-color":"","overlay-opacity":"","overlay-gradient":""},"mobile":{"background-color":"var(--ast-global-color-5)","background-image":"","background-repeat":"repeat","background-position":"center center","background-size":"auto","background-attachment":"scroll","background-type":"","background-media":"","overlay-type":"","overlay-color":"","overlay-opacity":"","overlay-gradient":""}},"footnotes":""},"categories":[1],"tags":[64,67],"class_list":["post-521","post","type-post","status-publish","format-standard","hentry","category-general","tag-intraweb","tag-noticies"],"post_mailing_queue_ids":[],"_links":{"self":[{"href":"https:\/\/agora.xtec.cat\/escolafmistral\/wp-json\/wp\/v2\/posts\/521","targetHints":{"allow":["GET"]}}],"collection":[{"href":"https:\/\/agora.xtec.cat\/escolafmistral\/wp-json\/wp\/v2\/posts"}],"about":[{"href":"https:\/\/agora.xtec.cat\/escolafmistral\/wp-json\/wp\/v2\/types\/post"}],"author":[{"embeddable":true,"href":"https:\/\/agora.xtec.cat\/escolafmistral\/wp-json\/wp\/v2\/users\/1"}],"replies":[{"embeddable":true,"href":"https:\/\/agora.xtec.cat\/escolafmistral\/wp-json\/wp\/v2\/comments?post=521"}],"version-history":[{"count":0,"href":"https:\/\/agora.xtec.cat\/escolafmistral\/wp-json\/wp\/v2\/posts\/521\/revisions"}],"wp:attachment":[{"href":"https:\/\/agora.xtec.cat\/escolafmistral\/wp-json\/wp\/v2\/media?parent=521"}],"wp:term":[{"taxonomy":"category","embeddable":true,"href":"https:\/\/agora.xtec.cat\/escolafmistral\/wp-json\/wp\/v2\/categories?post=521"},{"taxonomy":"post_tag","embeddable":true,"href":"https:\/\/agora.xtec.cat\/escolafmistral\/wp-json\/wp\/v2\/tags?post=521"}],"curies":[{"name":"wp","href":"https:\/\/api.w.org\/{rel}","templated":true}]}}