{"id":520,"date":"2010-02-25T13:20:03","date_gmt":"2010-02-25T11:20:03","guid":{"rendered":"http:\/\/agora.xtec.cat\/escolafmistral\/general\/larbre-de-cicle-inicial\/"},"modified":"2010-02-25T13:20:03","modified_gmt":"2010-02-25T11:20:03","slug":"larbre-de-cicle-inicial","status":"publish","type":"post","link":"https:\/\/agora.xtec.cat\/escolafmistral\/general\/larbre-de-cicle-inicial\/","title":{"rendered":"L&#8217;arbre de cicle inicial"},"content":{"rendered":"<style type=\"text\/css\"> <!--\n\t\t@page { margin: 2cm }\n\t\tP { margin-bottom: 0.21cm }\n\t--> <\/style>\n<p style=\"margin-bottom: 0cm;\" align=\"left\"><font face=\"Calibri, sans-serif\" size=\"2\"><strong>ENS AJUDEU A FER FLORIR L&#8217;ARBRE?<\/strong><\/font>\n<\/p>\n<p><style type=\"text\/css\"> <!--\n\t\t@page { margin: 2cm }\n\t\tP { margin-bottom: 0.21cm }\n\t--> <\/style>\n<\/p>\n<p style=\"margin-bottom: 0cm;\" align=\"JUSTIFY\"><strong><font face=\"Calibri, sans-serif\"><font size=\"2\">Els alumnes de 1r i 2n guarnim aquest arbre en cada canvi d&#8217;estaci\u00f3. S&#8217;apropa la primavera i deixar\u00e0 d&#8217;estar pelat: el seu aspecte ser\u00e0 florit. Farem aquestes flors des de l&#8217;\u00c0rea de Pl\u00e0stica, reciclant ampolles de llet. <\/font><br \/>\n  <br \/><\/font><\/strong>\n<\/p>\n<p align=\"center\"><img decoding=\"async\" src=\"http:\/\/www.xtec.cat\/ceipfmistral-hospitalet\/noticies\/2010_02_25\/arbre.jpg\" \/>&nbsp;\n<\/p>\n<p><font face=\"Calibri, sans-serif\" size=\"2\">Des d&#8217;aqu\u00ed us demanem col\u00b7laboraci\u00f3. Si en teniu a casa, us agra\u00efm que no les llenceu i que les porteu a la 1\u00aa planta. Davant la Tutoria del Cicle Inicial hi ha habilitada una caixa de cartr\u00f3 on les podeu deixar. Cal que les dugueu amb el tap. No ens serveixen els envasos de cartr\u00f3. Teniu de temps fins que acabi aquest trimestre. Mentre m\u00e9s ampolles buides tinguem m\u00e9s maco i vist\u00f3s quedar\u00e0 l&#8217;arbre.<\/font><\/p>\n","protected":false},"excerpt":{"rendered":"<p>ENS AJUDEU A FER FLORIR L&#8217;ARBRE? Els alumnes de 1r i 2n guarnim aquest arbre en cada canvi d&#8217;estaci\u00f3. S&#8217;apropa la primavera i deixar\u00e0 d&#8217;estar pelat: el seu aspecte ser\u00e0 florit. Farem aquestes flors des de l&#8217;\u00c0rea de Pl\u00e0stica, reciclant ampolles de llet. &nbsp; Des d&#8217;aqu\u00ed us demanem col\u00b7laboraci\u00f3. Si en teniu a casa, us [&hellip;]<\/p>\n","protected":false},"author":1,"featured_media":0,"comment_status":"open","ping_status":"open","sticky":false,"template":"","format":"standard","meta":{"_bbp_topic_count":0,"_bbp_reply_count":0,"_bbp_total_topic_count":0,"_bbp_total_reply_count":0,"_bbp_voice_count":0,"_bbp_anonymous_reply_count":0,"_bbp_topic_count_hidden":0,"_bbp_reply_count_hidden":0,"_bbp_forum_subforum_count":0,"site-sidebar-layout":"default","site-content-layout":"","ast-site-content-layout":"","site-content-style":"default","site-sidebar-style":"default","ast-global-header-display":"","ast-banner-title-visibility":"","ast-main-header-display":"","ast-hfb-above-header-display":"","ast-hfb-below-header-display":"","ast-hfb-mobile-header-display":"","site-post-title":"","ast-breadcrumbs-content":"","ast-featured-img":"","footer-sml-layout":"","theme-transparent-header-meta":"","adv-header-id-meta":"","stick-header-meta":"","header-above-stick-meta":"","header-main-stick-meta":"","header-below-stick-meta":"","astra-migrate-meta-layouts":"default","ast-page-background-enabled":"default","ast-page-background-meta":{"desktop":{"background-color":"var(--ast-global-color-4)","background-image":"","background-repeat":"repeat","background-position":"center center","background-size":"auto","background-attachment":"scroll","background-type":"","background-media":"","overlay-type":"","overlay-color":"","overlay-opacity":"","overlay-gradient":""},"tablet":{"background-color":"","background-image":"","background-repeat":"repeat","background-position":"center center","background-size":"auto","background-attachment":"scroll","background-type":"","background-media":"","overlay-type":"","overlay-color":"","overlay-opacity":"","overlay-gradient":""},"mobile":{"background-color":"","background-image":"","background-repeat":"repeat","background-position":"center center","background-size":"auto","background-attachment":"scroll","background-type":"","background-media":"","overlay-type":"","overlay-color":"","overlay-opacity":"","overlay-gradient":""}},"ast-content-background-meta":{"desktop":{"background-color":"var(--ast-global-color-5)","background-image":"","background-repeat":"repeat","background-position":"center center","background-size":"auto","background-attachment":"scroll","background-type":"","background-media":"","overlay-type":"","overlay-color":"","overlay-opacity":"","overlay-gradient":""},"tablet":{"background-color":"var(--ast-global-color-5)","background-image":"","background-repeat":"repeat","background-position":"center center","background-size":"auto","background-attachment":"scroll","background-type":"","background-media":"","overlay-type":"","overlay-color":"","overlay-opacity":"","overlay-gradient":""},"mobile":{"background-color":"var(--ast-global-color-5)","background-image":"","background-repeat":"repeat","background-position":"center center","background-size":"auto","background-attachment":"scroll","background-type":"","background-media":"","overlay-type":"","overlay-color":"","overlay-opacity":"","overlay-gradient":""}},"footnotes":""},"categories":[1],"tags":[64,67],"class_list":["post-520","post","type-post","status-publish","format-standard","hentry","category-general","tag-intraweb","tag-noticies"],"post_mailing_queue_ids":[],"_links":{"self":[{"href":"https:\/\/agora.xtec.cat\/escolafmistral\/wp-json\/wp\/v2\/posts\/520","targetHints":{"allow":["GET"]}}],"collection":[{"href":"https:\/\/agora.xtec.cat\/escolafmistral\/wp-json\/wp\/v2\/posts"}],"about":[{"href":"https:\/\/agora.xtec.cat\/escolafmistral\/wp-json\/wp\/v2\/types\/post"}],"author":[{"embeddable":true,"href":"https:\/\/agora.xtec.cat\/escolafmistral\/wp-json\/wp\/v2\/users\/1"}],"replies":[{"embeddable":true,"href":"https:\/\/agora.xtec.cat\/escolafmistral\/wp-json\/wp\/v2\/comments?post=520"}],"version-history":[{"count":0,"href":"https:\/\/agora.xtec.cat\/escolafmistral\/wp-json\/wp\/v2\/posts\/520\/revisions"}],"wp:attachment":[{"href":"https:\/\/agora.xtec.cat\/escolafmistral\/wp-json\/wp\/v2\/media?parent=520"}],"wp:term":[{"taxonomy":"category","embeddable":true,"href":"https:\/\/agora.xtec.cat\/escolafmistral\/wp-json\/wp\/v2\/categories?post=520"},{"taxonomy":"post_tag","embeddable":true,"href":"https:\/\/agora.xtec.cat\/escolafmistral\/wp-json\/wp\/v2\/tags?post=520"}],"curies":[{"name":"wp","href":"https:\/\/api.w.org\/{rel}","templated":true}]}}