{"id":519,"date":"2010-02-25T13:15:29","date_gmt":"2010-02-25T11:15:29","guid":{"rendered":"http:\/\/agora.xtec.cat\/escolafmistral\/general\/el-cicle-mig-al-carnestoletes\/"},"modified":"2010-02-25T13:15:29","modified_gmt":"2010-02-25T11:15:29","slug":"el-cicle-mig-al-carnestoletes","status":"publish","type":"post","link":"https:\/\/agora.xtec.cat\/escolafmistral\/general\/el-cicle-mig-al-carnestoletes\/","title":{"rendered":"El cicle mig al carnestoletes"},"content":{"rendered":"<style type=\"text\/css\"> <!--\n\t\t@page { margin: 2cm }\n\t\tP { margin-bottom: 0.21cm }\n\t--> <\/style>\n<p style=\"margin-bottom: 0cm;\" align=\"JUSTIFY\"><strong> Amb motiu del tema de la setmana cultural \u201cCultures del m\u00f3n\u201d els nois i noies de 3er i 4rt es van disfressar d&#8217;escoceses i vestits tradicionals d&#8217;Am\u00e8rica Llatina respectivament.<\/strong>\n<\/p>\n<p style=\"margin-bottom: 0cm;\" align=\"JUSTIFY\"><strong> Els tutors i alumnes del cicle mitj\u00e0 volem agrair a les fam\u00edlies la seva implicaci\u00f3 en l&#8217;elaboraci\u00f3 de les disfresses, aix\u00ed com la seva col\u00b7laboraci\u00f3 el dia de la Rua.<\/strong>\n<\/p>\n<p style=\"margin-bottom: 0cm;\" align=\"center\"><strong><\/strong><img decoding=\"async\" src=\"http:\/\/www.xtec.cat\/ceipfmistral-hospitalet\/noticies\/2010_02_25\/carnestoltes2.jpg\" align=\"baseline\" \/>\n<\/p>\n<p><\/p>\n<p style=\"margin-bottom: 0cm;\" align=\"JUSTIFY\"> Els nens i nenes de 3er van fer un taller per construir la seva pr\u00f2pia Gaita Escocesa, ja que \u00e9s l&#8217;instrument tradicional d&#8217;aquest pa\u00eds. El treball va ser totalment artesanal i el resultat ho vau poder observar el dia de la Rua.\n<\/p>\n<p style=\"margin-bottom: 0cm;\" align=\"JUSTIFY\"> Els alumnes de 4rt tamb\u00e9 van confeccionar el seu propi taller amb l&#8217;objectiu de construir un altre instrument caracter\u00edstic de la seva regi\u00f3, una \u201dFlauta de Pan\u201d.\n<\/p>\n<p align=\"center\">&nbsp;<img decoding=\"async\" src=\"http:\/\/www.xtec.cat\/ceipfmistral-hospitalet\/noticies\/2010_02_25\/carnestoltes1.jpg\" \/><img decoding=\"async\" src=\"http:\/\/www.xtec.cat\/ceipfmistral-hospitalet\/noticies\/2010_02_25\/carnestoles1.jpg\" \/>\n<\/p>\n<p style=\"margin-bottom: 0cm;\" align=\"JUSTIFY\"> Una vegada m\u00e9s us agra\u00efm la vostra col\u00b7laboraci\u00f3 i os continuarem informant dels esdeveniments del cicle.<\/p>\n","protected":false},"excerpt":{"rendered":"<p>Amb motiu del tema de la setmana cultural \u201cCultures del m\u00f3n\u201d els nois i noies de 3er i 4rt es van disfressar d&#8217;escoceses i vestits tradicionals d&#8217;Am\u00e8rica Llatina respectivament. Els tutors i alumnes del cicle mitj\u00e0 volem agrair a les fam\u00edlies la seva implicaci\u00f3 en l&#8217;elaboraci\u00f3 de les disfresses, aix\u00ed com la seva col\u00b7laboraci\u00f3 el [&hellip;]<\/p>\n","protected":false},"author":1,"featured_media":0,"comment_status":"open","ping_status":"open","sticky":false,"template":"","format":"standard","meta":{"_bbp_topic_count":0,"_bbp_reply_count":0,"_bbp_total_topic_count":0,"_bbp_total_reply_count":0,"_bbp_voice_count":0,"_bbp_anonymous_reply_count":0,"_bbp_topic_count_hidden":0,"_bbp_reply_count_hidden":0,"_bbp_forum_subforum_count":0,"site-sidebar-layout":"default","site-content-layout":"","ast-site-content-layout":"","site-content-style":"default","site-sidebar-style":"default","ast-global-header-display":"","ast-banner-title-visibility":"","ast-main-header-display":"","ast-hfb-above-header-display":"","ast-hfb-below-header-display":"","ast-hfb-mobile-header-display":"","site-post-title":"","ast-breadcrumbs-content":"","ast-featured-img":"","footer-sml-layout":"","theme-transparent-header-meta":"","adv-header-id-meta":"","stick-header-meta":"","header-above-stick-meta":"","header-main-stick-meta":"","header-below-stick-meta":"","astra-migrate-meta-layouts":"default","ast-page-background-enabled":"default","ast-page-background-meta":{"desktop":{"background-color":"var(--ast-global-color-4)","background-image":"","background-repeat":"repeat","background-position":"center center","background-size":"auto","background-attachment":"scroll","background-type":"","background-media":"","overlay-type":"","overlay-color":"","overlay-opacity":"","overlay-gradient":""},"tablet":{"background-color":"","background-image":"","background-repeat":"repeat","background-position":"center center","background-size":"auto","background-attachment":"scroll","background-type":"","background-media":"","overlay-type":"","overlay-color":"","overlay-opacity":"","overlay-gradient":""},"mobile":{"background-color":"","background-image":"","background-repeat":"repeat","background-position":"center center","background-size":"auto","background-attachment":"scroll","background-type":"","background-media":"","overlay-type":"","overlay-color":"","overlay-opacity":"","overlay-gradient":""}},"ast-content-background-meta":{"desktop":{"background-color":"var(--ast-global-color-5)","background-image":"","background-repeat":"repeat","background-position":"center center","background-size":"auto","background-attachment":"scroll","background-type":"","background-media":"","overlay-type":"","overlay-color":"","overlay-opacity":"","overlay-gradient":""},"tablet":{"background-color":"var(--ast-global-color-5)","background-image":"","background-repeat":"repeat","background-position":"center center","background-size":"auto","background-attachment":"scroll","background-type":"","background-media":"","overlay-type":"","overlay-color":"","overlay-opacity":"","overlay-gradient":""},"mobile":{"background-color":"var(--ast-global-color-5)","background-image":"","background-repeat":"repeat","background-position":"center center","background-size":"auto","background-attachment":"scroll","background-type":"","background-media":"","overlay-type":"","overlay-color":"","overlay-opacity":"","overlay-gradient":""}},"footnotes":""},"categories":[1],"tags":[64,67],"class_list":["post-519","post","type-post","status-publish","format-standard","hentry","category-general","tag-intraweb","tag-noticies"],"post_mailing_queue_ids":[],"_links":{"self":[{"href":"https:\/\/agora.xtec.cat\/escolafmistral\/wp-json\/wp\/v2\/posts\/519","targetHints":{"allow":["GET"]}}],"collection":[{"href":"https:\/\/agora.xtec.cat\/escolafmistral\/wp-json\/wp\/v2\/posts"}],"about":[{"href":"https:\/\/agora.xtec.cat\/escolafmistral\/wp-json\/wp\/v2\/types\/post"}],"author":[{"embeddable":true,"href":"https:\/\/agora.xtec.cat\/escolafmistral\/wp-json\/wp\/v2\/users\/1"}],"replies":[{"embeddable":true,"href":"https:\/\/agora.xtec.cat\/escolafmistral\/wp-json\/wp\/v2\/comments?post=519"}],"version-history":[{"count":0,"href":"https:\/\/agora.xtec.cat\/escolafmistral\/wp-json\/wp\/v2\/posts\/519\/revisions"}],"wp:attachment":[{"href":"https:\/\/agora.xtec.cat\/escolafmistral\/wp-json\/wp\/v2\/media?parent=519"}],"wp:term":[{"taxonomy":"category","embeddable":true,"href":"https:\/\/agora.xtec.cat\/escolafmistral\/wp-json\/wp\/v2\/categories?post=519"},{"taxonomy":"post_tag","embeddable":true,"href":"https:\/\/agora.xtec.cat\/escolafmistral\/wp-json\/wp\/v2\/tags?post=519"}],"curies":[{"name":"wp","href":"https:\/\/api.w.org\/{rel}","templated":true}]}}