{"id":517,"date":"2010-02-04T13:19:49","date_gmt":"2010-02-04T11:19:49","guid":{"rendered":"http:\/\/agora.xtec.cat\/escolafmistral\/general\/el-professorat-es-forma\/"},"modified":"2010-02-04T13:19:49","modified_gmt":"2010-02-04T11:19:49","slug":"el-professorat-es-forma","status":"publish","type":"post","link":"https:\/\/agora.xtec.cat\/escolafmistral\/general\/el-professorat-es-forma\/","title":{"rendered":"El professorat es forma"},"content":{"rendered":"<p><strong>El passat dijous 28 de gener l\u2019equip de mestres de l\u2019escola va assistir a la \u00faltima sessi\u00f3 del seminari formatiu per al treball de la lectura comprensiva. Al llarg de 8 sessions s\u2019ha fet una reflexi\u00f3 al voltant dels processos pels quals els nois i noies de prim\u00e0ria aborden la lectura i la comprensi\u00f3 de les idees. La formadora, Agn\u00e8s Gradailla ha orientat i ha proporcionat tant un marc te\u00f2ric com pautes i t\u00e8cniques que poden ser molt \u00fatils en la tasca di\u00e0ria dels i les mestres de l\u2019escola<\/strong>\n<\/p>\n<p align=\"center\">&nbsp;<strong><img decoding=\"async\" src=\"http:\/\/www.xtec.cat\/ceipfmistral-hospitalet\/noticies\/2010_02_04\/curs1.jpg\" \/><br \/>\n  <br \/><\/strong>\n<\/p>\n<p>Al llarg de 8 sessions de formaci\u00f3 el professorat de l\u2019Escola Frederic Mistral ha tingut la oportunitat de formar-se amb un seminari formatiu al voltant dels processos de lectura comprensiva en els nois i noies d\u2019edats compreses entre els 3 i 12 anys.\n<\/p>\n<p>La formadora, Agn\u00e8s Gradailla, a trav\u00e9s de la seva experi\u00e8ncia en la formaci\u00f3 de formadors en l\u2019\u00e0mbit de les lleng\u00fces, ha proporcionat un cos te\u00f2ric i un conjunt de&nbsp; t\u00e8cniques molt \u00fatils a l\u2019hora d\u2019enfocar la tasca educativa pel que fa a un tema tan important com \u00e9s la lectura i la comprensi\u00f3 del que diuen els texts.\n<\/p>\n<p align=\"center\"><img decoding=\"async\" src=\"http:\/\/www.xtec.cat\/ceipfmistral-hospitalet\/noticies\/2010_02_04\/curs2.jpg\" align=\"baseline\" \/>\n<\/p>\n<p align=\"left\">Els continguts s\u2019han central al voltant de la programaci\u00f3 d\u2019activitats i la seva avaluaci\u00f3. Durant les primeres sessions es van poder fer algunes propostes d\u2019intervenci\u00f3 educativa, que despr\u00e9s de dur-les a terme han pogut ser avaluades durant les \u00faltimes sessions.\n<\/p>\n<p align=\"left\">A partir d\u2019aqu\u00ed el grup ha pogut treure conclusions respecte quines son les metodologies, segons els par\u00e0metres pedag\u00f2gics actuals, m\u00e9s eficaces i m\u00e9s capaces d\u2019ajudar a madurar els nois i nois d\u2019infantil i prim\u00e0ria en les seves capacitats de comprensi\u00f3 lectora.<br \/>\n  <\/p>\n","protected":false},"excerpt":{"rendered":"<p>El passat dijous 28 de gener l\u2019equip de mestres de l\u2019escola va assistir a la \u00faltima sessi\u00f3 del seminari formatiu per al treball de la lectura comprensiva. Al llarg de 8 sessions s\u2019ha fet una reflexi\u00f3 al voltant dels processos pels quals els nois i noies de prim\u00e0ria aborden la lectura i la comprensi\u00f3 de [&hellip;]<\/p>\n","protected":false},"author":1,"featured_media":0,"comment_status":"open","ping_status":"open","sticky":false,"template":"","format":"standard","meta":{"_bbp_topic_count":0,"_bbp_reply_count":0,"_bbp_total_topic_count":0,"_bbp_total_reply_count":0,"_bbp_voice_count":0,"_bbp_anonymous_reply_count":0,"_bbp_topic_count_hidden":0,"_bbp_reply_count_hidden":0,"_bbp_forum_subforum_count":0,"site-sidebar-layout":"default","site-content-layout":"","ast-site-content-layout":"","site-content-style":"default","site-sidebar-style":"default","ast-global-header-display":"","ast-banner-title-visibility":"","ast-main-header-display":"","ast-hfb-above-header-display":"","ast-hfb-below-header-display":"","ast-hfb-mobile-header-display":"","site-post-title":"","ast-breadcrumbs-content":"","ast-featured-img":"","footer-sml-layout":"","theme-transparent-header-meta":"","adv-header-id-meta":"","stick-header-meta":"","header-above-stick-meta":"","header-main-stick-meta":"","header-below-stick-meta":"","astra-migrate-meta-layouts":"default","ast-page-background-enabled":"default","ast-page-background-meta":{"desktop":{"background-color":"var(--ast-global-color-4)","background-image":"","background-repeat":"repeat","background-position":"center center","background-size":"auto","background-attachment":"scroll","background-type":"","background-media":"","overlay-type":"","overlay-color":"","overlay-opacity":"","overlay-gradient":""},"tablet":{"background-color":"","background-image":"","background-repeat":"repeat","background-position":"center center","background-size":"auto","background-attachment":"scroll","background-type":"","background-media":"","overlay-type":"","overlay-color":"","overlay-opacity":"","overlay-gradient":""},"mobile":{"background-color":"","background-image":"","background-repeat":"repeat","background-position":"center center","background-size":"auto","background-attachment":"scroll","background-type":"","background-media":"","overlay-type":"","overlay-color":"","overlay-opacity":"","overlay-gradient":""}},"ast-content-background-meta":{"desktop":{"background-color":"var(--ast-global-color-5)","background-image":"","background-repeat":"repeat","background-position":"center center","background-size":"auto","background-attachment":"scroll","background-type":"","background-media":"","overlay-type":"","overlay-color":"","overlay-opacity":"","overlay-gradient":""},"tablet":{"background-color":"var(--ast-global-color-5)","background-image":"","background-repeat":"repeat","background-position":"center center","background-size":"auto","background-attachment":"scroll","background-type":"","background-media":"","overlay-type":"","overlay-color":"","overlay-opacity":"","overlay-gradient":""},"mobile":{"background-color":"var(--ast-global-color-5)","background-image":"","background-repeat":"repeat","background-position":"center center","background-size":"auto","background-attachment":"scroll","background-type":"","background-media":"","overlay-type":"","overlay-color":"","overlay-opacity":"","overlay-gradient":""}},"footnotes":""},"categories":[1],"tags":[64,67],"class_list":["post-517","post","type-post","status-publish","format-standard","hentry","category-general","tag-intraweb","tag-noticies"],"post_mailing_queue_ids":[],"_links":{"self":[{"href":"https:\/\/agora.xtec.cat\/escolafmistral\/wp-json\/wp\/v2\/posts\/517","targetHints":{"allow":["GET"]}}],"collection":[{"href":"https:\/\/agora.xtec.cat\/escolafmistral\/wp-json\/wp\/v2\/posts"}],"about":[{"href":"https:\/\/agora.xtec.cat\/escolafmistral\/wp-json\/wp\/v2\/types\/post"}],"author":[{"embeddable":true,"href":"https:\/\/agora.xtec.cat\/escolafmistral\/wp-json\/wp\/v2\/users\/1"}],"replies":[{"embeddable":true,"href":"https:\/\/agora.xtec.cat\/escolafmistral\/wp-json\/wp\/v2\/comments?post=517"}],"version-history":[{"count":0,"href":"https:\/\/agora.xtec.cat\/escolafmistral\/wp-json\/wp\/v2\/posts\/517\/revisions"}],"wp:attachment":[{"href":"https:\/\/agora.xtec.cat\/escolafmistral\/wp-json\/wp\/v2\/media?parent=517"}],"wp:term":[{"taxonomy":"category","embeddable":true,"href":"https:\/\/agora.xtec.cat\/escolafmistral\/wp-json\/wp\/v2\/categories?post=517"},{"taxonomy":"post_tag","embeddable":true,"href":"https:\/\/agora.xtec.cat\/escolafmistral\/wp-json\/wp\/v2\/tags?post=517"}],"curies":[{"name":"wp","href":"https:\/\/api.w.org\/{rel}","templated":true}]}}