{"id":516,"date":"2010-01-25T14:17:52","date_gmt":"2010-01-25T12:17:52","guid":{"rendered":"http:\/\/agora.xtec.cat\/escolafmistral\/general\/infantil-va-al-teatre\/"},"modified":"2010-01-25T14:17:52","modified_gmt":"2010-01-25T12:17:52","slug":"infantil-va-al-teatre","status":"publish","type":"post","link":"https:\/\/agora.xtec.cat\/escolafmistral\/general\/infantil-va-al-teatre\/","title":{"rendered":"Infantil va al teatre"},"content":{"rendered":"<p><font size=\"2\"><strong>Els nens i nenes d\u2019infantil hem anat al teatre. A la sala Barrades ens han ofert un espectacle de musical a c\u00e0rrec de la companyia Samfaina de Colors. A trav\u00e9s de can\u00e7ons tradicionals catalanes per a infants hem gaudit d\u2019una bona estona, hem descobert nous instruments i hem apr\u00e9s noves can\u00e7ons, algunes fins ara desconegudes per a nosaltres.<\/strong><\/font>\n<\/p>\n<p align=\"center\"><img decoding=\"async\" src=\"http:\/\/www.xtec.cat\/ceipfmistral-hospitalet\/noticies\/2010_01_25\/raletralet.png\" \/>&nbsp;\n<\/p>\n<p>Avui dilluns 25 de gener el cicle infantil ha anat al teatre. La cita ha estat a l\u2019Auditori Barrades, al centre de l\u2019Hospitalet de Llobregat, on la companyia art\u00edstica Samfaina de Colors ens ha ofert el seu espectacle Ralet Ralet. Els m\u00fasics, amb la veu i un variat grup d\u2019instruments, ens han fet un recorregut per algunes de les can\u00e7ons tradicionals catalanes m\u00e9s conegudes, per altres que no ho s\u00f3n tant.\n<\/p>\n<p>&nbsp;La m\u00fasica ha estat acompanyada en tot moment per vistosos objectes o titelles, que ens han ajudat a entendre el significat de les can\u00e7ons i a gaudir-ne encara m\u00e9s. A nivell musical ens han sorpr\u00e8s amb instruments poc habituals com&nbsp; la viola de roda, el salteri o el la\u00fcd. Uns altres, en canvi, ja ens eren m\u00e9s familiars, com la guitarra, l\u2019acordi\u00f3 o el pandero.\n<\/p>\n<p>&nbsp;Sortir de l\u2019escola i fer activitats especials sempre ens proporciona sorpreses, noves experi\u00e8ncies i aprendre moltes moltes coses.\n<\/p>\n<p>&nbsp;Fins ben aviat!<br \/>\n  <\/p>\n","protected":false},"excerpt":{"rendered":"<p>Els nens i nenes d\u2019infantil hem anat al teatre. A la sala Barrades ens han ofert un espectacle de musical a c\u00e0rrec de la companyia Samfaina de Colors. A trav\u00e9s de can\u00e7ons tradicionals catalanes per a infants hem gaudit d\u2019una bona estona, hem descobert nous instruments i hem apr\u00e9s noves can\u00e7ons, algunes fins ara desconegudes [&hellip;]<\/p>\n","protected":false},"author":1,"featured_media":0,"comment_status":"open","ping_status":"open","sticky":false,"template":"","format":"standard","meta":{"_bbp_topic_count":0,"_bbp_reply_count":0,"_bbp_total_topic_count":0,"_bbp_total_reply_count":0,"_bbp_voice_count":0,"_bbp_anonymous_reply_count":0,"_bbp_topic_count_hidden":0,"_bbp_reply_count_hidden":0,"_bbp_forum_subforum_count":0,"site-sidebar-layout":"default","site-content-layout":"","ast-site-content-layout":"","site-content-style":"default","site-sidebar-style":"default","ast-global-header-display":"","ast-banner-title-visibility":"","ast-main-header-display":"","ast-hfb-above-header-display":"","ast-hfb-below-header-display":"","ast-hfb-mobile-header-display":"","site-post-title":"","ast-breadcrumbs-content":"","ast-featured-img":"","footer-sml-layout":"","theme-transparent-header-meta":"","adv-header-id-meta":"","stick-header-meta":"","header-above-stick-meta":"","header-main-stick-meta":"","header-below-stick-meta":"","astra-migrate-meta-layouts":"default","ast-page-background-enabled":"default","ast-page-background-meta":{"desktop":{"background-color":"var(--ast-global-color-4)","background-image":"","background-repeat":"repeat","background-position":"center center","background-size":"auto","background-attachment":"scroll","background-type":"","background-media":"","overlay-type":"","overlay-color":"","overlay-opacity":"","overlay-gradient":""},"tablet":{"background-color":"","background-image":"","background-repeat":"repeat","background-position":"center center","background-size":"auto","background-attachment":"scroll","background-type":"","background-media":"","overlay-type":"","overlay-color":"","overlay-opacity":"","overlay-gradient":""},"mobile":{"background-color":"","background-image":"","background-repeat":"repeat","background-position":"center center","background-size":"auto","background-attachment":"scroll","background-type":"","background-media":"","overlay-type":"","overlay-color":"","overlay-opacity":"","overlay-gradient":""}},"ast-content-background-meta":{"desktop":{"background-color":"var(--ast-global-color-5)","background-image":"","background-repeat":"repeat","background-position":"center center","background-size":"auto","background-attachment":"scroll","background-type":"","background-media":"","overlay-type":"","overlay-color":"","overlay-opacity":"","overlay-gradient":""},"tablet":{"background-color":"var(--ast-global-color-5)","background-image":"","background-repeat":"repeat","background-position":"center center","background-size":"auto","background-attachment":"scroll","background-type":"","background-media":"","overlay-type":"","overlay-color":"","overlay-opacity":"","overlay-gradient":""},"mobile":{"background-color":"var(--ast-global-color-5)","background-image":"","background-repeat":"repeat","background-position":"center center","background-size":"auto","background-attachment":"scroll","background-type":"","background-media":"","overlay-type":"","overlay-color":"","overlay-opacity":"","overlay-gradient":""}},"footnotes":""},"categories":[1],"tags":[64,67],"class_list":["post-516","post","type-post","status-publish","format-standard","hentry","category-general","tag-intraweb","tag-noticies"],"post_mailing_queue_ids":[],"_links":{"self":[{"href":"https:\/\/agora.xtec.cat\/escolafmistral\/wp-json\/wp\/v2\/posts\/516","targetHints":{"allow":["GET"]}}],"collection":[{"href":"https:\/\/agora.xtec.cat\/escolafmistral\/wp-json\/wp\/v2\/posts"}],"about":[{"href":"https:\/\/agora.xtec.cat\/escolafmistral\/wp-json\/wp\/v2\/types\/post"}],"author":[{"embeddable":true,"href":"https:\/\/agora.xtec.cat\/escolafmistral\/wp-json\/wp\/v2\/users\/1"}],"replies":[{"embeddable":true,"href":"https:\/\/agora.xtec.cat\/escolafmistral\/wp-json\/wp\/v2\/comments?post=516"}],"version-history":[{"count":0,"href":"https:\/\/agora.xtec.cat\/escolafmistral\/wp-json\/wp\/v2\/posts\/516\/revisions"}],"wp:attachment":[{"href":"https:\/\/agora.xtec.cat\/escolafmistral\/wp-json\/wp\/v2\/media?parent=516"}],"wp:term":[{"taxonomy":"category","embeddable":true,"href":"https:\/\/agora.xtec.cat\/escolafmistral\/wp-json\/wp\/v2\/categories?post=516"},{"taxonomy":"post_tag","embeddable":true,"href":"https:\/\/agora.xtec.cat\/escolafmistral\/wp-json\/wp\/v2\/tags?post=516"}],"curies":[{"name":"wp","href":"https:\/\/api.w.org\/{rel}","templated":true}]}}