{"id":515,"date":"2010-01-20T16:40:08","date_gmt":"2010-01-20T14:40:08","guid":{"rendered":"http:\/\/agora.xtec.cat\/escolafmistral\/general\/jornada-de-portes-obertes\/"},"modified":"2010-01-20T16:40:08","modified_gmt":"2010-01-20T14:40:08","slug":"jornada-de-portes-obertes","status":"publish","type":"post","link":"https:\/\/agora.xtec.cat\/escolafmistral\/general\/jornada-de-portes-obertes\/","title":{"rendered":"Jornada de portes obertes"},"content":{"rendered":"<div align=\"center\">\n<div align=\"left\"> <font size=\"2\"><strong>Ahir dia 19 de gener es va cel\u00b7lebrar la jornada de portes obertes a l\u2019Escola Frederic Mistral. Es van obrir les instal\u00b7lacions per mostrar-les als pares i mares interessats en inscriure els seus fills al primer nivell de cicle infantil per al proper curs. Es va fer una xerrada informativa en la qual es va presentar l\u2019escola.<\/strong><\/font>\n  <\/div>\n<\/div>\n<div align=\"justify\">\n<p><font size=\"2\">L\u2019escola Frederic Mistral va obrir ahir les seves portes en la ja tradicional Jornada de Portes Obertes. A partir de les 17:15 un nombr\u00f3s grup de pares i mares interessats en con\u00e8ixer de prop la oferta educativa del barri de Santa Eul\u00e0lia, i en concret la de nostra escola es van apropar al centre i van compartir amb nosaltres unes hores del seu temps. La majoria estan interessats en trobar l\u2019escola on inscriure els seus fills i filles per al curs vinent. <\/font>\n  <\/p>\n<p><font size=\"2\">Despr\u00e9s d\u2019acollir els participants, lliurar la carpeta de materials i documentaci\u00f3, i donar-los la benvinguda, Javier S\u00f2ria, director de l\u2019escola acompanyat d\u2019una bona part del claustre, va fer una presentaci\u00f3 a la sala d\u2019audiovisuals explicant les caracter\u00edstiques del centre, l\u2019ideari, i la oferta educativa. A grans trets es va comentar que som una escola p\u00fablica d\u2019infantil i prim\u00e0ria integrada en el barri i que vol oferir un servei obert a tothom. L\u2019ideari es basa en una educaci\u00f3 lliure, oberta, i compromesa amb la formaci\u00f3 dels ciutadans de dem\u00e0. <\/font>\n  <\/p>\n<p><font size=\"2\">Acte seguit, Eva Valls, coordinadora de l\u2019etapa d\u2019educaci\u00f3 infantil de l\u2019escola, va explicar el funcionament i l\u2019organitzaci\u00f3 de la tasca educativa amb els m\u00e9s petits. Es van comentar horaris, es explicar com es fa el proc\u00e9s d\u2019adaptaci\u00f3 i molts altres detalls que podien interessar als pares i mares. Finalment es va obrir un torn de preguntes. <\/font>\n  <\/p>\n<p><font size=\"2\">&nbsp;La presentaci\u00f3 va acabar amb la intervenci\u00f3 d\u2019Ester, presidenta de l\u2019ampa de l\u2019escola. Els pares i mares van poder escoltar les moltes activitats que organitza l\u2019ampa, com ara l\u2019acollida escolar cada mat\u00ed, els extraescolars, el dissabte verd, el casal d\u2019estiu o les sortides per a nens\/es i pares\/mares. <\/font>\n  <\/p>\n<p><font size=\"2\">&nbsp;La part final de la jornada va consistir en una visita per les instal\u00b7lacions del centre. Es va poder entrar i veure cada una de les aules, incloses les especials, com ara la de m\u00fasica, pl\u00e0stica, inform\u00e0tica, acollida, la sala de dormir, o menjador. <\/font>\n  <\/p>\n<p><font size=\"2\">&nbsp;En resum podem dir que va ser una tarda ben agradable en la qu\u00e8 ens vam comen\u00e7ar a con\u00e8ixer professors\/es i pares\/mares dels que possiblement seran alguns dels nens\/es de l\u2019escola a partir del curs vinent. <\/font>\n  <\/p>\n<p><font size=\"2\">&nbsp;Moltes gr\u00e0cies a tots per haver-nos visitat. <\/font>\n  <\/p>\n<p><font size=\"2\">&nbsp;Fins ben aviat <\/font><br \/>\n    \n  <\/p>\n<\/div>\n","protected":false},"excerpt":{"rendered":"<p>Ahir dia 19 de gener es va cel\u00b7lebrar la jornada de portes obertes a l\u2019Escola Frederic Mistral. Es van obrir les instal\u00b7lacions per mostrar-les als pares i mares interessats en inscriure els seus fills al primer nivell de cicle infantil per al proper curs. Es va fer una xerrada informativa en la qual es va [&hellip;]<\/p>\n","protected":false},"author":1,"featured_media":0,"comment_status":"open","ping_status":"open","sticky":false,"template":"","format":"standard","meta":{"_bbp_topic_count":0,"_bbp_reply_count":0,"_bbp_total_topic_count":0,"_bbp_total_reply_count":0,"_bbp_voice_count":0,"_bbp_anonymous_reply_count":0,"_bbp_topic_count_hidden":0,"_bbp_reply_count_hidden":0,"_bbp_forum_subforum_count":0,"site-sidebar-layout":"default","site-content-layout":"","ast-site-content-layout":"","site-content-style":"default","site-sidebar-style":"default","ast-global-header-display":"","ast-banner-title-visibility":"","ast-main-header-display":"","ast-hfb-above-header-display":"","ast-hfb-below-header-display":"","ast-hfb-mobile-header-display":"","site-post-title":"","ast-breadcrumbs-content":"","ast-featured-img":"","footer-sml-layout":"","theme-transparent-header-meta":"","adv-header-id-meta":"","stick-header-meta":"","header-above-stick-meta":"","header-main-stick-meta":"","header-below-stick-meta":"","astra-migrate-meta-layouts":"default","ast-page-background-enabled":"default","ast-page-background-meta":{"desktop":{"background-color":"var(--ast-global-color-4)","background-image":"","background-repeat":"repeat","background-position":"center center","background-size":"auto","background-attachment":"scroll","background-type":"","background-media":"","overlay-type":"","overlay-color":"","overlay-opacity":"","overlay-gradient":""},"tablet":{"background-color":"","background-image":"","background-repeat":"repeat","background-position":"center center","background-size":"auto","background-attachment":"scroll","background-type":"","background-media":"","overlay-type":"","overlay-color":"","overlay-opacity":"","overlay-gradient":""},"mobile":{"background-color":"","background-image":"","background-repeat":"repeat","background-position":"center center","background-size":"auto","background-attachment":"scroll","background-type":"","background-media":"","overlay-type":"","overlay-color":"","overlay-opacity":"","overlay-gradient":""}},"ast-content-background-meta":{"desktop":{"background-color":"var(--ast-global-color-5)","background-image":"","background-repeat":"repeat","background-position":"center center","background-size":"auto","background-attachment":"scroll","background-type":"","background-media":"","overlay-type":"","overlay-color":"","overlay-opacity":"","overlay-gradient":""},"tablet":{"background-color":"var(--ast-global-color-5)","background-image":"","background-repeat":"repeat","background-position":"center center","background-size":"auto","background-attachment":"scroll","background-type":"","background-media":"","overlay-type":"","overlay-color":"","overlay-opacity":"","overlay-gradient":""},"mobile":{"background-color":"var(--ast-global-color-5)","background-image":"","background-repeat":"repeat","background-position":"center center","background-size":"auto","background-attachment":"scroll","background-type":"","background-media":"","overlay-type":"","overlay-color":"","overlay-opacity":"","overlay-gradient":""}},"footnotes":""},"categories":[1],"tags":[64,67],"class_list":["post-515","post","type-post","status-publish","format-standard","hentry","category-general","tag-intraweb","tag-noticies"],"post_mailing_queue_ids":[],"_links":{"self":[{"href":"https:\/\/agora.xtec.cat\/escolafmistral\/wp-json\/wp\/v2\/posts\/515","targetHints":{"allow":["GET"]}}],"collection":[{"href":"https:\/\/agora.xtec.cat\/escolafmistral\/wp-json\/wp\/v2\/posts"}],"about":[{"href":"https:\/\/agora.xtec.cat\/escolafmistral\/wp-json\/wp\/v2\/types\/post"}],"author":[{"embeddable":true,"href":"https:\/\/agora.xtec.cat\/escolafmistral\/wp-json\/wp\/v2\/users\/1"}],"replies":[{"embeddable":true,"href":"https:\/\/agora.xtec.cat\/escolafmistral\/wp-json\/wp\/v2\/comments?post=515"}],"version-history":[{"count":0,"href":"https:\/\/agora.xtec.cat\/escolafmistral\/wp-json\/wp\/v2\/posts\/515\/revisions"}],"wp:attachment":[{"href":"https:\/\/agora.xtec.cat\/escolafmistral\/wp-json\/wp\/v2\/media?parent=515"}],"wp:term":[{"taxonomy":"category","embeddable":true,"href":"https:\/\/agora.xtec.cat\/escolafmistral\/wp-json\/wp\/v2\/categories?post=515"},{"taxonomy":"post_tag","embeddable":true,"href":"https:\/\/agora.xtec.cat\/escolafmistral\/wp-json\/wp\/v2\/tags?post=515"}],"curies":[{"name":"wp","href":"https:\/\/api.w.org\/{rel}","templated":true}]}}