{"id":15483,"date":"2022-04-04T13:29:49","date_gmt":"2022-04-04T11:29:49","guid":{"rendered":"https:\/\/agora.xtec.cat\/escolafmistral\/?p=15483"},"modified":"2022-04-04T13:29:49","modified_gmt":"2022-04-04T11:29:49","slug":"sortida-a-la-biblioteca-paco-candel","status":"publish","type":"post","link":"https:\/\/agora.xtec.cat\/escolafmistral\/general\/sortida-a-la-biblioteca-paco-candel\/","title":{"rendered":"SORTIDA A LA BIBLIOTECA PACO CANDEL"},"content":{"rendered":"<p>Els infants de les classes dels Mags\/gues i dels Mims hem anat a la biblioteca &#8220;Paco Candel&#8221;. Ha estat la primera sortida al nostre entorn on hem anat caminant.<\/p>\n<p>All\u00e0 hem pogut veure una biblioteca i qu\u00e8 hem de fer per a poder agafar llibres. Despr\u00e9s d&#8217;una petita conversa ens han explicat el conte &#8220;Erugueta goluda&#8221; d&#8217;Eric Carle.<\/p>\n<p>Tot seguit hem pogut mirar uns quants contes i hem tornat a l&#8217;escola. Ha estat una bona experi\u00e8ncia ja que molts dels infants era el primer cop que anaven a una biblioteca p\u00fablica.<\/p>\n<p>&nbsp;<\/p>\n<p>&nbsp;<\/p>\n<p><a href=\"https:\/\/agora.xtec.cat\/escolafmistral\/wp-content\/uploads\/usu688\/2022\/04\/IMG-20220313-WA0015.jpg\"><img loading=\"lazy\" decoding=\"async\" class=\"alignnone wp-image-15487\" src=\"https:\/\/agora.xtec.cat\/escolafmistral\/wp-content\/uploads\/usu688\/2022\/04\/IMG-20220313-WA0015-300x224.jpg\" alt=\"\" width=\"228\" height=\"170\" data-wp-editing=\"1\" srcset=\"https:\/\/agora.xtec.cat\/escolafmistral\/wp-content\/uploads\/usu688\/2022\/04\/IMG-20220313-WA0015-300x224.jpg 300w, https:\/\/agora.xtec.cat\/escolafmistral\/wp-content\/uploads\/usu688\/2022\/04\/IMG-20220313-WA0015-1024x766.jpg 1024w, https:\/\/agora.xtec.cat\/escolafmistral\/wp-content\/uploads\/usu688\/2022\/04\/IMG-20220313-WA0015-768x575.jpg 768w, https:\/\/agora.xtec.cat\/escolafmistral\/wp-content\/uploads\/usu688\/2022\/04\/IMG-20220313-WA0015-1536x1149.jpg 1536w, https:\/\/agora.xtec.cat\/escolafmistral\/wp-content\/uploads\/usu688\/2022\/04\/IMG-20220313-WA0015-200x150.jpg 200w, https:\/\/agora.xtec.cat\/escolafmistral\/wp-content\/uploads\/usu688\/2022\/04\/IMG-20220313-WA0015.jpg 2048w\" sizes=\"auto, (max-width: 228px) 100vw, 228px\" \/>\u00a0 \u00a0 \u00a0<\/a><a href=\"https:\/\/agora.xtec.cat\/escolafmistral\/wp-content\/uploads\/usu688\/2022\/04\/IMG-20220404-WA0006.jpg\"><img loading=\"lazy\" decoding=\"async\" class=\"alignnone wp-image-15485\" src=\"https:\/\/agora.xtec.cat\/escolafmistral\/wp-content\/uploads\/usu688\/2022\/04\/IMG-20220404-WA0006-300x225.jpg\" alt=\"\" width=\"228\" height=\"171\" srcset=\"https:\/\/agora.xtec.cat\/escolafmistral\/wp-content\/uploads\/usu688\/2022\/04\/IMG-20220404-WA0006-300x225.jpg 300w, https:\/\/agora.xtec.cat\/escolafmistral\/wp-content\/uploads\/usu688\/2022\/04\/IMG-20220404-WA0006-1024x768.jpg 1024w, https:\/\/agora.xtec.cat\/escolafmistral\/wp-content\/uploads\/usu688\/2022\/04\/IMG-20220404-WA0006-768x576.jpg 768w, https:\/\/agora.xtec.cat\/escolafmistral\/wp-content\/uploads\/usu688\/2022\/04\/IMG-20220404-WA0006-1536x1152.jpg 1536w, https:\/\/agora.xtec.cat\/escolafmistral\/wp-content\/uploads\/usu688\/2022\/04\/IMG-20220404-WA0006-200x150.jpg 200w, https:\/\/agora.xtec.cat\/escolafmistral\/wp-content\/uploads\/usu688\/2022\/04\/IMG-20220404-WA0006.jpg 2048w\" sizes=\"auto, (max-width: 228px) 100vw, 228px\" \/>\u00a0 \u00a0 \u00a0 \u00a0 \u00a0 \u00a0<\/a><a href=\"https:\/\/agora.xtec.cat\/escolafmistral\/wp-content\/uploads\/usu688\/2022\/04\/IMG-20220313-WA0018-1.jpg\"><img loading=\"lazy\" decoding=\"async\" class=\"alignnone wp-image-15491\" src=\"https:\/\/agora.xtec.cat\/escolafmistral\/wp-content\/uploads\/usu688\/2022\/04\/IMG-20220313-WA0018-1-224x300.jpg\" alt=\"\" width=\"184\" height=\"246\" srcset=\"https:\/\/agora.xtec.cat\/escolafmistral\/wp-content\/uploads\/usu688\/2022\/04\/IMG-20220313-WA0018-1-224x300.jpg 224w, https:\/\/agora.xtec.cat\/escolafmistral\/wp-content\/uploads\/usu688\/2022\/04\/IMG-20220313-WA0018-1-766x1024.jpg 766w, https:\/\/agora.xtec.cat\/escolafmistral\/wp-content\/uploads\/usu688\/2022\/04\/IMG-20220313-WA0018-1-768x1027.jpg 768w, https:\/\/agora.xtec.cat\/escolafmistral\/wp-content\/uploads\/usu688\/2022\/04\/IMG-20220313-WA0018-1-1149x1536.jpg 1149w, https:\/\/agora.xtec.cat\/escolafmistral\/wp-content\/uploads\/usu688\/2022\/04\/IMG-20220313-WA0018-1.jpg 1532w\" sizes=\"auto, (max-width: 184px) 100vw, 184px\" \/><\/a><\/p>\n","protected":false},"excerpt":{"rendered":"<p>Els infants de les classes dels Mags\/gues i dels Mims hem anat a la biblioteca &#8220;Paco Candel&#8221;. Ha estat la primera sortida al nostre entorn on hem anat caminant. All\u00e0 hem pogut veure una biblioteca i qu\u00e8 hem de fer per a poder agafar llibres. Despr\u00e9s d&#8217;una petita conversa ens han explicat el conte &#8220;Erugueta [&hellip;]<\/p>\n","protected":false},"author":6,"featured_media":15485,"comment_status":"open","ping_status":"closed","sticky":false,"template":"","format":"standard","meta":{"_bbp_topic_count":0,"_bbp_reply_count":0,"_bbp_total_topic_count":0,"_bbp_total_reply_count":0,"_bbp_voice_count":0,"_bbp_anonymous_reply_count":0,"_bbp_topic_count_hidden":0,"_bbp_reply_count_hidden":0,"_bbp_forum_subforum_count":0,"site-sidebar-layout":"default","site-content-layout":"","ast-site-content-layout":"","site-content-style":"default","site-sidebar-style":"default","ast-global-header-display":"","ast-banner-title-visibility":"","ast-main-header-display":"","ast-hfb-above-header-display":"","ast-hfb-below-header-display":"","ast-hfb-mobile-header-display":"","site-post-title":"","ast-breadcrumbs-content":"","ast-featured-img":"","footer-sml-layout":"","theme-transparent-header-meta":"","adv-header-id-meta":"","stick-header-meta":"","header-above-stick-meta":"","header-main-stick-meta":"","header-below-stick-meta":"","astra-migrate-meta-layouts":"default","ast-page-background-enabled":"default","ast-page-background-meta":{"desktop":{"background-color":"var(--ast-global-color-4)","background-image":"","background-repeat":"repeat","background-position":"center center","background-size":"auto","background-attachment":"scroll","background-type":"","background-media":"","overlay-type":"","overlay-color":"","overlay-opacity":"","overlay-gradient":""},"tablet":{"background-color":"","background-image":"","background-repeat":"repeat","background-position":"center center","background-size":"auto","background-attachment":"scroll","background-type":"","background-media":"","overlay-type":"","overlay-color":"","overlay-opacity":"","overlay-gradient":""},"mobile":{"background-color":"","background-image":"","background-repeat":"repeat","background-position":"center center","background-size":"auto","background-attachment":"scroll","background-type":"","background-media":"","overlay-type":"","overlay-color":"","overlay-opacity":"","overlay-gradient":""}},"ast-content-background-meta":{"desktop":{"background-color":"var(--ast-global-color-5)","background-image":"","background-repeat":"repeat","background-position":"center center","background-size":"auto","background-attachment":"scroll","background-type":"","background-media":"","overlay-type":"","overlay-color":"","overlay-opacity":"","overlay-gradient":""},"tablet":{"background-color":"var(--ast-global-color-5)","background-image":"","background-repeat":"repeat","background-position":"center center","background-size":"auto","background-attachment":"scroll","background-type":"","background-media":"","overlay-type":"","overlay-color":"","overlay-opacity":"","overlay-gradient":""},"mobile":{"background-color":"var(--ast-global-color-5)","background-image":"","background-repeat":"repeat","background-position":"center center","background-size":"auto","background-attachment":"scroll","background-type":"","background-media":"","overlay-type":"","overlay-color":"","overlay-opacity":"","overlay-gradient":""}},"footnotes":""},"categories":[78,1,3,4],"tags":[],"class_list":["post-15483","post","type-post","status-publish","format-standard","has-post-thumbnail","hentry","category-els-artistes-dinfantil","category-general","category-p3","category-portada"],"post_mailing_queue_ids":[],"_links":{"self":[{"href":"https:\/\/agora.xtec.cat\/escolafmistral\/wp-json\/wp\/v2\/posts\/15483","targetHints":{"allow":["GET"]}}],"collection":[{"href":"https:\/\/agora.xtec.cat\/escolafmistral\/wp-json\/wp\/v2\/posts"}],"about":[{"href":"https:\/\/agora.xtec.cat\/escolafmistral\/wp-json\/wp\/v2\/types\/post"}],"author":[{"embeddable":true,"href":"https:\/\/agora.xtec.cat\/escolafmistral\/wp-json\/wp\/v2\/users\/6"}],"replies":[{"embeddable":true,"href":"https:\/\/agora.xtec.cat\/escolafmistral\/wp-json\/wp\/v2\/comments?post=15483"}],"version-history":[{"count":3,"href":"https:\/\/agora.xtec.cat\/escolafmistral\/wp-json\/wp\/v2\/posts\/15483\/revisions"}],"predecessor-version":[{"id":15494,"href":"https:\/\/agora.xtec.cat\/escolafmistral\/wp-json\/wp\/v2\/posts\/15483\/revisions\/15494"}],"wp:featuredmedia":[{"embeddable":true,"href":"https:\/\/agora.xtec.cat\/escolafmistral\/wp-json\/wp\/v2\/media\/15485"}],"wp:attachment":[{"href":"https:\/\/agora.xtec.cat\/escolafmistral\/wp-json\/wp\/v2\/media?parent=15483"}],"wp:term":[{"taxonomy":"category","embeddable":true,"href":"https:\/\/agora.xtec.cat\/escolafmistral\/wp-json\/wp\/v2\/categories?post=15483"},{"taxonomy":"post_tag","embeddable":true,"href":"https:\/\/agora.xtec.cat\/escolafmistral\/wp-json\/wp\/v2\/tags?post=15483"}],"curies":[{"name":"wp","href":"https:\/\/api.w.org\/{rel}","templated":true}]}}