{"id":115,"date":"2014-09-19T11:51:44","date_gmt":"2014-09-19T11:51:44","guid":{"rendered":"http:\/\/agora.xtec.cat\/escolafmistral\/?p=115"},"modified":"2016-03-07T23:38:07","modified_gmt":"2016-03-07T22:38:07","slug":"noticia-5","status":"publish","type":"post","link":"https:\/\/agora.xtec.cat\/escolafmistral\/general\/noticia-5\/","title":{"rendered":"1a Exposici\u00f3 Curs 2015\/16"},"content":{"rendered":"<p><embed width=\"400\" height=\"267\" type=\"application\/x-shockwave-flash\" src=\"https:\/\/photos.gstatic.com\/media\/slideshow.swf\" flashvars=\"host=picasaweb.google.com&amp;hl=es&amp;feat=flashalbum&amp;RGB=0x000000&amp;feed=https%3A%2F%2Fpicasaweb.google.com%2Fdata%2Ffeed%2Fapi%2Fuser%2FFREDERICMISTRAL1974%2Falbumid%2F6242549587700418145%3Falt%3Drss%26kind%3Dphoto%26hl%3Des\" pluginspage=\"http:\/\/www.macromedia.com\/go\/getflashplayer\"><\/embed><br \/>\nAquest dimecres dia 20 de gener l\u2019Escola Frederic Mistral va obrir de bat a bat les seves portes amb motiu de la primera exposici\u00f3 de treballs d\u2019aquest curs. Una gran part de les fam\u00edlies, pares, mares, avis, germans\/es&#8230; van omplir els passadissos i van gaudir d\u2019una estona ben agradable amb els seus fills\/es i els seus mestres. Qu\u00e8 bonic \u00e9s veure els petits i no tant petits amb un somriure d\u2019orella a orella ensenyant orgullosos el seu treball, el seu dibuix o la seva manualitat a la mama, el germ\u00e0 o l\u2019avi!. I \u00e9s que poder mostrar les pr\u00f2pies creacions, all\u00f2 pel que t\u2019has esfor\u00e7at t\u00e9 un valor i una for\u00e7a educativa de primer ordre. \u00c9s molt bonic tamb\u00e9 veure els pares dedicar una bona estona a valorar i donar import\u00e0ncia a quests treballs i feines, fent notar a nens i nenes que els valoren, recolzen i paga la pena la dedicaci\u00f3 di\u00e0ria a l\u2019escola.<\/p>\n<p>L\u2019equip de mestres est\u00e0 molt content de la bona acollida de l\u2019exposici\u00f3, de les opinions rebudes i de l\u2019estona de di\u00e0leg i conversa informal. Est\u00e0 conven\u00e7ut que experi\u00e8ncies com aquesta ajuden a que fam\u00edlia i escola caminin plegats.<\/p>\n<p>Us esperem a la propera exposici\u00f3 que ser\u00e0 el dimecres 4 de maig.<\/p>\n<p>&nbsp;<\/p>\n","protected":false},"excerpt":{"rendered":"<p>Aquest dimecres dia 20 de gener l\u2019Escola Frederic Mistral va obrir de bat a bat les seves portes amb motiu de la primera exposici\u00f3 de treballs d\u2019aquest curs. Una gran part de les fam\u00edlies, pares, mares, avis, germans\/es&#8230; van omplir els passadissos i van gaudir d\u2019una estona ben agradable amb els seus fills\/es i els [&hellip;]<\/p>\n","protected":false},"author":1,"featured_media":0,"comment_status":"open","ping_status":"open","sticky":false,"template":"","format":"standard","meta":{"_bbp_topic_count":0,"_bbp_reply_count":0,"_bbp_total_topic_count":0,"_bbp_total_reply_count":0,"_bbp_voice_count":0,"_bbp_anonymous_reply_count":0,"_bbp_topic_count_hidden":0,"_bbp_reply_count_hidden":0,"_bbp_forum_subforum_count":0,"site-sidebar-layout":"default","site-content-layout":"","ast-site-content-layout":"","site-content-style":"default","site-sidebar-style":"default","ast-global-header-display":"","ast-banner-title-visibility":"","ast-main-header-display":"","ast-hfb-above-header-display":"","ast-hfb-below-header-display":"","ast-hfb-mobile-header-display":"","site-post-title":"","ast-breadcrumbs-content":"","ast-featured-img":"","footer-sml-layout":"","theme-transparent-header-meta":"","adv-header-id-meta":"","stick-header-meta":"","header-above-stick-meta":"","header-main-stick-meta":"","header-below-stick-meta":"","astra-migrate-meta-layouts":"default","ast-page-background-enabled":"default","ast-page-background-meta":{"desktop":{"background-color":"var(--ast-global-color-4)","background-image":"","background-repeat":"repeat","background-position":"center center","background-size":"auto","background-attachment":"scroll","background-type":"","background-media":"","overlay-type":"","overlay-color":"","overlay-opacity":"","overlay-gradient":""},"tablet":{"background-color":"","background-image":"","background-repeat":"repeat","background-position":"center center","background-size":"auto","background-attachment":"scroll","background-type":"","background-media":"","overlay-type":"","overlay-color":"","overlay-opacity":"","overlay-gradient":""},"mobile":{"background-color":"","background-image":"","background-repeat":"repeat","background-position":"center center","background-size":"auto","background-attachment":"scroll","background-type":"","background-media":"","overlay-type":"","overlay-color":"","overlay-opacity":"","overlay-gradient":""}},"ast-content-background-meta":{"desktop":{"background-color":"var(--ast-global-color-5)","background-image":"","background-repeat":"repeat","background-position":"center center","background-size":"auto","background-attachment":"scroll","background-type":"","background-media":"","overlay-type":"","overlay-color":"","overlay-opacity":"","overlay-gradient":""},"tablet":{"background-color":"var(--ast-global-color-5)","background-image":"","background-repeat":"repeat","background-position":"center center","background-size":"auto","background-attachment":"scroll","background-type":"","background-media":"","overlay-type":"","overlay-color":"","overlay-opacity":"","overlay-gradient":""},"mobile":{"background-color":"var(--ast-global-color-5)","background-image":"","background-repeat":"repeat","background-position":"center center","background-size":"auto","background-attachment":"scroll","background-type":"","background-media":"","overlay-type":"","overlay-color":"","overlay-opacity":"","overlay-gradient":""}},"footnotes":""},"categories":[1,4],"tags":[16],"class_list":["post-115","post","type-post","status-publish","format-standard","hentry","category-general","category-portada","tag-sortides"],"post_mailing_queue_ids":[],"_links":{"self":[{"href":"https:\/\/agora.xtec.cat\/escolafmistral\/wp-json\/wp\/v2\/posts\/115","targetHints":{"allow":["GET"]}}],"collection":[{"href":"https:\/\/agora.xtec.cat\/escolafmistral\/wp-json\/wp\/v2\/posts"}],"about":[{"href":"https:\/\/agora.xtec.cat\/escolafmistral\/wp-json\/wp\/v2\/types\/post"}],"author":[{"embeddable":true,"href":"https:\/\/agora.xtec.cat\/escolafmistral\/wp-json\/wp\/v2\/users\/1"}],"replies":[{"embeddable":true,"href":"https:\/\/agora.xtec.cat\/escolafmistral\/wp-json\/wp\/v2\/comments?post=115"}],"version-history":[{"count":3,"href":"https:\/\/agora.xtec.cat\/escolafmistral\/wp-json\/wp\/v2\/posts\/115\/revisions"}],"predecessor-version":[{"id":191,"href":"https:\/\/agora.xtec.cat\/escolafmistral\/wp-json\/wp\/v2\/posts\/115\/revisions\/191"}],"wp:attachment":[{"href":"https:\/\/agora.xtec.cat\/escolafmistral\/wp-json\/wp\/v2\/media?parent=115"}],"wp:term":[{"taxonomy":"category","embeddable":true,"href":"https:\/\/agora.xtec.cat\/escolafmistral\/wp-json\/wp\/v2\/categories?post=115"},{"taxonomy":"post_tag","embeddable":true,"href":"https:\/\/agora.xtec.cat\/escolafmistral\/wp-json\/wp\/v2\/tags?post=115"}],"curies":[{"name":"wp","href":"https:\/\/api.w.org\/{rel}","templated":true}]}}