{"id":10867,"date":"2019-10-24T13:38:32","date_gmt":"2019-10-24T11:38:32","guid":{"rendered":"http:\/\/agora.xtec.cat\/escolafmistral\/?p=10867"},"modified":"2019-10-24T13:40:25","modified_gmt":"2019-10-24T11:40:25","slug":"treballem-la-tardor-a-p3","status":"publish","type":"post","link":"https:\/\/agora.xtec.cat\/escolafmistral\/infantil\/p3\/treballem-la-tardor-a-p3\/","title":{"rendered":"Treballem la tardor a P3"},"content":{"rendered":"<p>Els nens i nenes de P3 han comen\u00e7at a treballar la tardor a trav\u00e9s de can\u00e7ons (Arriba la tardor .S\u00f3c un bolet); amb m\u00fasica cl\u00e0ssica (Les estacions de Vivaldi), de contes; (El\u00a0 globus vermell d\u2019en Manel; La castanyera) i dites populars. Tamb\u00e9 hem vist els colors de la tardor (el groc, el verd, el taronja, \u00a0i el vermell) i els fruits de la tardor (la castanya, el moniato, la poma, el ra\u00efm \u00a0i la magrana). Hem fet estampacions amb diferents materials i pintures. Hem treballat la psicomotricitat fina i gruixuda.<\/p>\n<p>Els nens i nenes han participat i gaudit molt amb aquestes activitats.<\/p>\n<p>Ens hem divertit i hem apr\u00e9s moltes coses!<\/p>\n<p><a href=\"https:\/\/agora.xtec.cat\/escolafmistral\/wp-content\/uploads\/usu688\/2019\/10\/a6fc86b0-892a-4c92-bd3f-1084ea72dc67.jpg\"><img loading=\"lazy\" decoding=\"async\" class=\"alignnone size-medium wp-image-10868\" src=\"https:\/\/agora.xtec.cat\/escolafmistral\/wp-content\/uploads\/usu688\/2019\/10\/a6fc86b0-892a-4c92-bd3f-1084ea72dc67-300x225.jpg\" alt=\"\" width=\"300\" height=\"225\" srcset=\"https:\/\/agora.xtec.cat\/escolafmistral\/wp-content\/uploads\/usu688\/2019\/10\/a6fc86b0-892a-4c92-bd3f-1084ea72dc67-300x225.jpg 300w, https:\/\/agora.xtec.cat\/escolafmistral\/wp-content\/uploads\/usu688\/2019\/10\/a6fc86b0-892a-4c92-bd3f-1084ea72dc67-768x576.jpg 768w, https:\/\/agora.xtec.cat\/escolafmistral\/wp-content\/uploads\/usu688\/2019\/10\/a6fc86b0-892a-4c92-bd3f-1084ea72dc67-1024x768.jpg 1024w, https:\/\/agora.xtec.cat\/escolafmistral\/wp-content\/uploads\/usu688\/2019\/10\/a6fc86b0-892a-4c92-bd3f-1084ea72dc67-200x150.jpg 200w, https:\/\/agora.xtec.cat\/escolafmistral\/wp-content\/uploads\/usu688\/2019\/10\/a6fc86b0-892a-4c92-bd3f-1084ea72dc67.jpg 1600w\" sizes=\"auto, (max-width: 300px) 100vw, 300px\" \/><\/a> <a href=\"https:\/\/agora.xtec.cat\/escolafmistral\/wp-content\/uploads\/usu688\/2019\/10\/4e2d36c9-01bb-4488-be8f-4cef05ff3966.jpg\"><img loading=\"lazy\" decoding=\"async\" class=\"alignnone size-medium wp-image-10869\" src=\"https:\/\/agora.xtec.cat\/escolafmistral\/wp-content\/uploads\/usu688\/2019\/10\/4e2d36c9-01bb-4488-be8f-4cef05ff3966-225x300.jpg\" alt=\"\" width=\"225\" height=\"300\" srcset=\"https:\/\/agora.xtec.cat\/escolafmistral\/wp-content\/uploads\/usu688\/2019\/10\/4e2d36c9-01bb-4488-be8f-4cef05ff3966-225x300.jpg 225w, https:\/\/agora.xtec.cat\/escolafmistral\/wp-content\/uploads\/usu688\/2019\/10\/4e2d36c9-01bb-4488-be8f-4cef05ff3966-768x1024.jpg 768w, https:\/\/agora.xtec.cat\/escolafmistral\/wp-content\/uploads\/usu688\/2019\/10\/4e2d36c9-01bb-4488-be8f-4cef05ff3966.jpg 1200w\" sizes=\"auto, (max-width: 225px) 100vw, 225px\" \/><\/a> <a href=\"https:\/\/agora.xtec.cat\/escolafmistral\/wp-content\/uploads\/usu688\/2019\/10\/5c79aa6c-a838-4349-a801-11ad3d451bbb.jpg\"><img loading=\"lazy\" decoding=\"async\" class=\"alignnone size-medium wp-image-10870\" src=\"https:\/\/agora.xtec.cat\/escolafmistral\/wp-content\/uploads\/usu688\/2019\/10\/5c79aa6c-a838-4349-a801-11ad3d451bbb-300x225.jpg\" alt=\"\" width=\"300\" height=\"225\" srcset=\"https:\/\/agora.xtec.cat\/escolafmistral\/wp-content\/uploads\/usu688\/2019\/10\/5c79aa6c-a838-4349-a801-11ad3d451bbb-300x225.jpg 300w, https:\/\/agora.xtec.cat\/escolafmistral\/wp-content\/uploads\/usu688\/2019\/10\/5c79aa6c-a838-4349-a801-11ad3d451bbb-768x576.jpg 768w, https:\/\/agora.xtec.cat\/escolafmistral\/wp-content\/uploads\/usu688\/2019\/10\/5c79aa6c-a838-4349-a801-11ad3d451bbb-1024x768.jpg 1024w, https:\/\/agora.xtec.cat\/escolafmistral\/wp-content\/uploads\/usu688\/2019\/10\/5c79aa6c-a838-4349-a801-11ad3d451bbb-200x150.jpg 200w, https:\/\/agora.xtec.cat\/escolafmistral\/wp-content\/uploads\/usu688\/2019\/10\/5c79aa6c-a838-4349-a801-11ad3d451bbb.jpg 1599w\" sizes=\"auto, (max-width: 300px) 100vw, 300px\" \/><\/a> <a href=\"https:\/\/agora.xtec.cat\/escolafmistral\/wp-content\/uploads\/usu688\/2019\/10\/566b7b7b-a12b-4105-8313-5ac14b6342b4.jpg\"><img loading=\"lazy\" decoding=\"async\" class=\"alignnone size-medium wp-image-10871\" src=\"https:\/\/agora.xtec.cat\/escolafmistral\/wp-content\/uploads\/usu688\/2019\/10\/566b7b7b-a12b-4105-8313-5ac14b6342b4-300x225.jpg\" alt=\"\" width=\"300\" height=\"225\" srcset=\"https:\/\/agora.xtec.cat\/escolafmistral\/wp-content\/uploads\/usu688\/2019\/10\/566b7b7b-a12b-4105-8313-5ac14b6342b4-300x225.jpg 300w, https:\/\/agora.xtec.cat\/escolafmistral\/wp-content\/uploads\/usu688\/2019\/10\/566b7b7b-a12b-4105-8313-5ac14b6342b4-768x576.jpg 768w, https:\/\/agora.xtec.cat\/escolafmistral\/wp-content\/uploads\/usu688\/2019\/10\/566b7b7b-a12b-4105-8313-5ac14b6342b4-1024x768.jpg 1024w, https:\/\/agora.xtec.cat\/escolafmistral\/wp-content\/uploads\/usu688\/2019\/10\/566b7b7b-a12b-4105-8313-5ac14b6342b4-200x150.jpg 200w, https:\/\/agora.xtec.cat\/escolafmistral\/wp-content\/uploads\/usu688\/2019\/10\/566b7b7b-a12b-4105-8313-5ac14b6342b4.jpg 1599w\" sizes=\"auto, (max-width: 300px) 100vw, 300px\" \/><\/a> <a href=\"https:\/\/agora.xtec.cat\/escolafmistral\/wp-content\/uploads\/usu688\/2019\/10\/15696be5-41db-4620-b64c-82bb64d1e065.jpg\"><img loading=\"lazy\" decoding=\"async\" class=\"alignnone size-medium wp-image-10872\" src=\"https:\/\/agora.xtec.cat\/escolafmistral\/wp-content\/uploads\/usu688\/2019\/10\/15696be5-41db-4620-b64c-82bb64d1e065-300x225.jpg\" alt=\"\" width=\"300\" height=\"225\" srcset=\"https:\/\/agora.xtec.cat\/escolafmistral\/wp-content\/uploads\/usu688\/2019\/10\/15696be5-41db-4620-b64c-82bb64d1e065-300x225.jpg 300w, https:\/\/agora.xtec.cat\/escolafmistral\/wp-content\/uploads\/usu688\/2019\/10\/15696be5-41db-4620-b64c-82bb64d1e065-768x576.jpg 768w, https:\/\/agora.xtec.cat\/escolafmistral\/wp-content\/uploads\/usu688\/2019\/10\/15696be5-41db-4620-b64c-82bb64d1e065-1024x768.jpg 1024w, https:\/\/agora.xtec.cat\/escolafmistral\/wp-content\/uploads\/usu688\/2019\/10\/15696be5-41db-4620-b64c-82bb64d1e065-200x150.jpg 200w, https:\/\/agora.xtec.cat\/escolafmistral\/wp-content\/uploads\/usu688\/2019\/10\/15696be5-41db-4620-b64c-82bb64d1e065.jpg 1599w\" sizes=\"auto, (max-width: 300px) 100vw, 300px\" \/><\/a><\/p>\n","protected":false},"excerpt":{"rendered":"<p>Els nens i nenes de P3 han comen\u00e7at a treballar la tardor a trav\u00e9s de can\u00e7ons (Arriba la tardor .S\u00f3c un bolet); amb m\u00fasica cl\u00e0ssica (Les estacions de Vivaldi), de contes; (El\u00a0 globus vermell d\u2019en Manel; La castanyera) i dites populars. Tamb\u00e9 hem vist els colors de la tardor (el groc, el verd, el taronja, [&hellip;]<\/p>\n","protected":false},"author":6,"featured_media":10870,"comment_status":"open","ping_status":"closed","sticky":false,"template":"","format":"standard","meta":{"_bbp_topic_count":0,"_bbp_reply_count":0,"_bbp_total_topic_count":0,"_bbp_total_reply_count":0,"_bbp_voice_count":0,"_bbp_anonymous_reply_count":0,"_bbp_topic_count_hidden":0,"_bbp_reply_count_hidden":0,"_bbp_forum_subforum_count":0,"site-sidebar-layout":"default","site-content-layout":"","ast-site-content-layout":"","site-content-style":"default","site-sidebar-style":"default","ast-global-header-display":"","ast-banner-title-visibility":"","ast-main-header-display":"","ast-hfb-above-header-display":"","ast-hfb-below-header-display":"","ast-hfb-mobile-header-display":"","site-post-title":"","ast-breadcrumbs-content":"","ast-featured-img":"","footer-sml-layout":"","theme-transparent-header-meta":"","adv-header-id-meta":"","stick-header-meta":"","header-above-stick-meta":"","header-main-stick-meta":"","header-below-stick-meta":"","astra-migrate-meta-layouts":"default","ast-page-background-enabled":"default","ast-page-background-meta":{"desktop":{"background-color":"var(--ast-global-color-4)","background-image":"","background-repeat":"repeat","background-position":"center center","background-size":"auto","background-attachment":"scroll","background-type":"","background-media":"","overlay-type":"","overlay-color":"","overlay-opacity":"","overlay-gradient":""},"tablet":{"background-color":"","background-image":"","background-repeat":"repeat","background-position":"center center","background-size":"auto","background-attachment":"scroll","background-type":"","background-media":"","overlay-type":"","overlay-color":"","overlay-opacity":"","overlay-gradient":""},"mobile":{"background-color":"","background-image":"","background-repeat":"repeat","background-position":"center center","background-size":"auto","background-attachment":"scroll","background-type":"","background-media":"","overlay-type":"","overlay-color":"","overlay-opacity":"","overlay-gradient":""}},"ast-content-background-meta":{"desktop":{"background-color":"var(--ast-global-color-5)","background-image":"","background-repeat":"repeat","background-position":"center center","background-size":"auto","background-attachment":"scroll","background-type":"","background-media":"","overlay-type":"","overlay-color":"","overlay-opacity":"","overlay-gradient":""},"tablet":{"background-color":"var(--ast-global-color-5)","background-image":"","background-repeat":"repeat","background-position":"center center","background-size":"auto","background-attachment":"scroll","background-type":"","background-media":"","overlay-type":"","overlay-color":"","overlay-opacity":"","overlay-gradient":""},"mobile":{"background-color":"var(--ast-global-color-5)","background-image":"","background-repeat":"repeat","background-position":"center center","background-size":"auto","background-attachment":"scroll","background-type":"","background-media":"","overlay-type":"","overlay-color":"","overlay-opacity":"","overlay-gradient":""}},"footnotes":""},"categories":[78,3],"tags":[],"class_list":["post-10867","post","type-post","status-publish","format-standard","has-post-thumbnail","hentry","category-els-artistes-dinfantil","category-p3"],"post_mailing_queue_ids":[],"_links":{"self":[{"href":"https:\/\/agora.xtec.cat\/escolafmistral\/wp-json\/wp\/v2\/posts\/10867","targetHints":{"allow":["GET"]}}],"collection":[{"href":"https:\/\/agora.xtec.cat\/escolafmistral\/wp-json\/wp\/v2\/posts"}],"about":[{"href":"https:\/\/agora.xtec.cat\/escolafmistral\/wp-json\/wp\/v2\/types\/post"}],"author":[{"embeddable":true,"href":"https:\/\/agora.xtec.cat\/escolafmistral\/wp-json\/wp\/v2\/users\/6"}],"replies":[{"embeddable":true,"href":"https:\/\/agora.xtec.cat\/escolafmistral\/wp-json\/wp\/v2\/comments?post=10867"}],"version-history":[{"count":1,"href":"https:\/\/agora.xtec.cat\/escolafmistral\/wp-json\/wp\/v2\/posts\/10867\/revisions"}],"predecessor-version":[{"id":10873,"href":"https:\/\/agora.xtec.cat\/escolafmistral\/wp-json\/wp\/v2\/posts\/10867\/revisions\/10873"}],"wp:featuredmedia":[{"embeddable":true,"href":"https:\/\/agora.xtec.cat\/escolafmistral\/wp-json\/wp\/v2\/media\/10870"}],"wp:attachment":[{"href":"https:\/\/agora.xtec.cat\/escolafmistral\/wp-json\/wp\/v2\/media?parent=10867"}],"wp:term":[{"taxonomy":"category","embeddable":true,"href":"https:\/\/agora.xtec.cat\/escolafmistral\/wp-json\/wp\/v2\/categories?post=10867"},{"taxonomy":"post_tag","embeddable":true,"href":"https:\/\/agora.xtec.cat\/escolafmistral\/wp-json\/wp\/v2\/tags?post=10867"}],"curies":[{"name":"wp","href":"https:\/\/api.w.org\/{rel}","templated":true}]}}