{"id":10658,"date":"2019-06-07T11:43:41","date_gmt":"2019-06-07T09:43:41","guid":{"rendered":"http:\/\/agora.xtec.cat\/escolafmistral\/?p=10658"},"modified":"2019-06-12T23:22:33","modified_gmt":"2019-06-12T21:22:33","slug":"periode-de-matriculacio-curs-2019-2020","status":"publish","type":"post","link":"https:\/\/agora.xtec.cat\/escolafmistral\/general\/periode-de-matriculacio-curs-2019-2020\/","title":{"rendered":"PER\u00cdODE DE MATRICULACI\u00d3 CURS 2019-2020"},"content":{"rendered":"<p>Estimades fam\u00edlies,<br \/>\nEl per\u00edode de matriculaci\u00f3 ser\u00e0 del 20 al 26 de juny. Contactarem amb vosaltres per donar hora per realitzar aquesta matr\u00edcula.<\/p>\n<p>Benvolguts,<\/p>\n<p>EL DOCUMENT AMB LES I ELS ALUMNES ADMESOS I EN LLISTA D&#8217;ESPERA EST\u00c0 PUBLICAT I PENJAT AL TAULELL D&#8217;ANUNCIS DEL CENTRE, DAVANT LA BIBLIOTECA.<\/p>\n<p>SI HEU ESCOLLIT L&#8217;ESCOLA COM A SEGONA OPCI\u00d3, TRUQUEU AL TF 933324639 PER TAL D&#8217;ACORDAR L&#8217;HORA PER REALITZAR LA MATR\u00cdCULA, QUE ES DUR\u00c0 A TERME DEL 20 AL 26 DE JUNY.<\/p>\n<p>BENVINGUTS AL FREDERIC!!<\/p>\n<p><span style=\"font-family: inherit; font-size: 1em;\">\u00a0<\/span><\/p>\n<p><a href=\"https:\/\/agora.xtec.cat\/escolafmistral\/wp-content\/uploads\/usu688\/2019\/06\/Matriculacio.png\"><img loading=\"lazy\" decoding=\"async\" class=\"alignnone size-full wp-image-10672\" src=\"https:\/\/agora.xtec.cat\/escolafmistral\/wp-content\/uploads\/usu688\/2019\/06\/Matriculacio.png\" alt=\"\" width=\"175\" height=\"175\" srcset=\"https:\/\/agora.xtec.cat\/escolafmistral\/wp-content\/uploads\/usu688\/2019\/06\/Matriculacio.png 175w, https:\/\/agora.xtec.cat\/escolafmistral\/wp-content\/uploads\/usu688\/2019\/06\/Matriculacio-150x150.png 150w\" sizes=\"auto, (max-width: 175px) 100vw, 175px\" \/><\/a><\/p>\n<p>Equip Directiu<\/p>\n","protected":false},"excerpt":{"rendered":"<p>Estimades fam\u00edlies, El per\u00edode de matriculaci\u00f3 ser\u00e0 del 20 al 26 de juny. Contactarem amb vosaltres per donar hora per realitzar aquesta matr\u00edcula. Benvolguts, EL DOCUMENT AMB LES I ELS ALUMNES ADMESOS I EN LLISTA D&#8217;ESPERA EST\u00c0 PUBLICAT I PENJAT AL TAULELL D&#8217;ANUNCIS DEL CENTRE, DAVANT LA BIBLIOTECA. SI HEU ESCOLLIT L&#8217;ESCOLA COM A SEGONA [&hellip;]<\/p>\n","protected":false},"author":17,"featured_media":10672,"comment_status":"open","ping_status":"closed","sticky":false,"template":"","format":"standard","meta":{"_bbp_topic_count":0,"_bbp_reply_count":0,"_bbp_total_topic_count":0,"_bbp_total_reply_count":0,"_bbp_voice_count":0,"_bbp_anonymous_reply_count":0,"_bbp_topic_count_hidden":0,"_bbp_reply_count_hidden":0,"_bbp_forum_subforum_count":0,"site-sidebar-layout":"default","site-content-layout":"","ast-site-content-layout":"","site-content-style":"default","site-sidebar-style":"default","ast-global-header-display":"","ast-banner-title-visibility":"","ast-main-header-display":"","ast-hfb-above-header-display":"","ast-hfb-below-header-display":"","ast-hfb-mobile-header-display":"","site-post-title":"","ast-breadcrumbs-content":"","ast-featured-img":"","footer-sml-layout":"","theme-transparent-header-meta":"","adv-header-id-meta":"","stick-header-meta":"","header-above-stick-meta":"","header-main-stick-meta":"","header-below-stick-meta":"","astra-migrate-meta-layouts":"default","ast-page-background-enabled":"default","ast-page-background-meta":{"desktop":{"background-color":"var(--ast-global-color-4)","background-image":"","background-repeat":"repeat","background-position":"center center","background-size":"auto","background-attachment":"scroll","background-type":"","background-media":"","overlay-type":"","overlay-color":"","overlay-opacity":"","overlay-gradient":""},"tablet":{"background-color":"","background-image":"","background-repeat":"repeat","background-position":"center center","background-size":"auto","background-attachment":"scroll","background-type":"","background-media":"","overlay-type":"","overlay-color":"","overlay-opacity":"","overlay-gradient":""},"mobile":{"background-color":"","background-image":"","background-repeat":"repeat","background-position":"center center","background-size":"auto","background-attachment":"scroll","background-type":"","background-media":"","overlay-type":"","overlay-color":"","overlay-opacity":"","overlay-gradient":""}},"ast-content-background-meta":{"desktop":{"background-color":"var(--ast-global-color-5)","background-image":"","background-repeat":"repeat","background-position":"center center","background-size":"auto","background-attachment":"scroll","background-type":"","background-media":"","overlay-type":"","overlay-color":"","overlay-opacity":"","overlay-gradient":""},"tablet":{"background-color":"var(--ast-global-color-5)","background-image":"","background-repeat":"repeat","background-position":"center center","background-size":"auto","background-attachment":"scroll","background-type":"","background-media":"","overlay-type":"","overlay-color":"","overlay-opacity":"","overlay-gradient":""},"mobile":{"background-color":"var(--ast-global-color-5)","background-image":"","background-repeat":"repeat","background-position":"center center","background-size":"auto","background-attachment":"scroll","background-type":"","background-media":"","overlay-type":"","overlay-color":"","overlay-opacity":"","overlay-gradient":""}},"footnotes":""},"categories":[1],"tags":[],"class_list":["post-10658","post","type-post","status-publish","format-standard","has-post-thumbnail","hentry","category-general"],"post_mailing_queue_ids":[],"_links":{"self":[{"href":"https:\/\/agora.xtec.cat\/escolafmistral\/wp-json\/wp\/v2\/posts\/10658","targetHints":{"allow":["GET"]}}],"collection":[{"href":"https:\/\/agora.xtec.cat\/escolafmistral\/wp-json\/wp\/v2\/posts"}],"about":[{"href":"https:\/\/agora.xtec.cat\/escolafmistral\/wp-json\/wp\/v2\/types\/post"}],"author":[{"embeddable":true,"href":"https:\/\/agora.xtec.cat\/escolafmistral\/wp-json\/wp\/v2\/users\/17"}],"replies":[{"embeddable":true,"href":"https:\/\/agora.xtec.cat\/escolafmistral\/wp-json\/wp\/v2\/comments?post=10658"}],"version-history":[{"count":3,"href":"https:\/\/agora.xtec.cat\/escolafmistral\/wp-json\/wp\/v2\/posts\/10658\/revisions"}],"predecessor-version":[{"id":10711,"href":"https:\/\/agora.xtec.cat\/escolafmistral\/wp-json\/wp\/v2\/posts\/10658\/revisions\/10711"}],"wp:featuredmedia":[{"embeddable":true,"href":"https:\/\/agora.xtec.cat\/escolafmistral\/wp-json\/wp\/v2\/media\/10672"}],"wp:attachment":[{"href":"https:\/\/agora.xtec.cat\/escolafmistral\/wp-json\/wp\/v2\/media?parent=10658"}],"wp:term":[{"taxonomy":"category","embeddable":true,"href":"https:\/\/agora.xtec.cat\/escolafmistral\/wp-json\/wp\/v2\/categories?post=10658"},{"taxonomy":"post_tag","embeddable":true,"href":"https:\/\/agora.xtec.cat\/escolafmistral\/wp-json\/wp\/v2\/tags?post=10658"}],"curies":[{"name":"wp","href":"https:\/\/api.w.org\/{rel}","templated":true}]}}