{"id":10364,"date":"2019-03-21T19:01:04","date_gmt":"2019-03-21T18:01:04","guid":{"rendered":"http:\/\/agora.xtec.cat\/escolafmistral\/?p=10364"},"modified":"2019-03-21T19:25:01","modified_gmt":"2019-03-21T18:25:01","slug":"preinscripcio-i-matricula-curs-2019-20","status":"publish","type":"post","link":"https:\/\/agora.xtec.cat\/escolafmistral\/general\/preinscripcio-i-matricula-curs-2019-20\/","title":{"rendered":"PREINSCRIPCI\u00d3 I MATR\u00cdCULA CURS 2019-20"},"content":{"rendered":"<h3><strong>INFORMACI\u00d3 PREINSCRIPCI\u00d3 I MATR\u00cdCULA CURS 2019-2020<\/strong><\/h3>\n<table style=\"border-color: #db4242; background-color: #faf600;\" border=\"1\">\n<tbody>\n<tr style=\"background-color: #536fed;\">\n<td style=\"background-color: #3bf5e2;\">\n<h4>INFORMACI\u00d3<\/h4>\n<h4><a href=\"http:\/\/queestudiar.gencat.cat\/ca\/preinscripcio\/estudis\/obligatoris\/\" target=\"_blank\" rel=\"noopener\">PREINSCRIPCI\u00d3\u00a0 I MATR\u00cdCULA\u00a0<\/a><\/h4>\n<h4>EDUCACI\u00d3 INFANTIL I PRIM\u00c0RIA<\/h4>\n<h4>CURS 2019-20<\/h4>\n<h6><\/h6>\n<h6><a href=\"http:\/\/queestudiar.gencat.cat\/ca\/preinscripcio\/estudis\/obligatoris\/documentacio\/\" target=\"_blank\" rel=\"noopener noreferrer\">DOCUMENTACI\u00d3 I CRITERIS DE PRIORITAT<\/a><\/h6>\n<h6><a href=\"http:\/\/queestudiar.gencat.cat\/ca\/preinscripcio\/informacio-general\/\" target=\"_blank\" rel=\"noopener noreferrer\">CALENDARI DEL PROC\u00c9S (Gencat.cat)<\/a><\/h6>\n<p>&nbsp;<\/p>\n<h4><strong><a href=\"https:\/\/agora.xtec.cat\/ceipmilagrosconsarnau\/wp-content\/uploads\/usu532\/2019\/03\/SOL.LICITUD-DE-PREINSCRIPCI%C3%93.CURS-2019-2020.pdf\" target=\"_blank\" rel=\"noopener\">\u00a0SOL.LICITUD\u00a0<\/a><a href=\"https:\/\/agora.xtec.cat\/ceipmilagrosconsarnau\/wp-content\/uploads\/usu532\/2019\/03\/SOL.LICITUD-DE-PREINSCRIPCI%C3%93.CURS-2019-2020.pdf\" target=\"_blank\" rel=\"noopener\">DE PREINSCRIPCI\u00d3<\/a><\/strong><\/h4>\n<h4><strong><a href=\"http:\/\/ensenyament.gencat.cat\/ca\/tramits\/tramits-temes\/20483_preinscripcio_escolar?moda=1\" target=\"_blank\" rel=\"noopener\">\u00a0 \u2013\u00a0 SOL.LICITAR PER INTERNET<\/a><\/strong><\/h4>\n<ul>\n<li>\n<h4>Calendari preinscripci\u00f3 i matr\u00edcula 2019-20 i horari de recepci\u00f3 de sol\u00b7licituds<\/h4>\n<\/li>\n<li>\n<h4>Criteris d\u2019admissi\u00f3 i barem corresponent- Resum_2019_20<\/h4>\n<\/li>\n<\/ul>\n<ul>\n<li>\n<h4>Documentaci\u00f3 que cal presentar a la preinscripci\u00f3- Resum 2019_20<\/h4>\n<\/li>\n<\/ul>\n<h4><a href=\"http:\/\/www.l-h.cat\/educacio\/1354368_1.aspx?id=1\" target=\"_blank\" rel=\"noopener\">INFORMACI\u00d3 Ajuntament de L&#8217;H<\/a><\/h4>\n<\/td>\n<td style=\"background-color: #e8f531;\">\n<h3>Demanar informaci\u00f3<\/h3>\n<h3>a la secretaria del centre<\/h3>\n<h3>trucant al tf:<\/h3>\n<h3>933324639 o enviant correu a<\/h3>\n<h3>escolafmistral@xtec.cat20<\/h3>\n<p>&nbsp;<\/p>\n<h3><strong>OFERTA DE 50 PLACES A P3<\/strong><\/h3>\n<h3><strong>PEL PROPER CURS 2019-2020<\/strong><\/h3>\n<p>&nbsp;<\/p>\n<h3>PREINSCRIPCI\u00d3<\/h3>\n<h3>CURS 2019\/2020<\/h3>\n<h3>DEL 29 DE MAR\u00c7 AL 9 D\u2019ABRIL<\/h3>\n<h4><\/h4>\n<h4><a href=\"http:\/\/agora.xtec.cat\/ceipmilagrosconsarnau\/wp-content\/uploads\/usu532\/2017\/01\/mama-y-ni%C3%B1o-al-colegio-300x2251.jpg\"><img loading=\"lazy\" decoding=\"async\" class=\"aligncenter\" src=\"http:\/\/agora.xtec.cat\/ceipmilagrosconsarnau\/wp-content\/uploads\/usu532\/2017\/01\/mama-y-ni%C3%B1o-al-colegio-300x2251.jpg\" alt=\"mama-y-nino-al-colegio-300x2251\" width=\"299\" height=\"223\" \/><\/a><\/h4>\n<h4><a style=\"font-size: 1.4375em;\" href=\"http:\/\/agora.xtec.cat\/ceipmilagrosconsarnau\/wp-content\/uploads\/usu532\/2017\/01\/mama-y-ni%C3%B1o-al-colegio-300x2251.jpg\"><img decoding=\"async\" src=\"https:\/\/neopolis.cat\/wp-content\/uploads\/2017\/06\/GENE-2.gif\" alt=\"Resultat d'imatges de generalitat de catalunya departament d'ensenyament\" \/><\/a><\/h4>\n<\/td>\n<td style=\"background-color: #11ed65;\">\n<h3><strong>INFORMACI\u00d3 FAM\u00cdLIES\u00a0<em>6\u00e8<\/em><\/strong><\/h3>\n<h4>1r ESO\u00a0\u00a0CURS\u00a0 2019-20<\/h4>\n<p>&nbsp;<\/p>\n<h4><a href=\"http:\/\/queestudiar.gencat.cat\/ca\/preinscripcio\/estudis\/obligatoris\/\" target=\"_blank\" rel=\"noopener\">PREINSCRIPCI\u00d3\u00a0I MATR\u00cdCULA<\/a><\/h4>\n<h3><a href=\"http:\/\/www.l-h.cat\/educacio\/1354368_1.aspx?id=1\" target=\"_blank\" rel=\"noopener\">INFORMACI\u00d3 Ajuntament<\/a><\/h3>\n<h3>\u00a0<a href=\"https:\/\/agora.xtec.cat\/ceipmilagrosconsarnau\/wp-content\/uploads\/usu532\/2019\/02\/Portes-obertes-IES.pdf\" target=\"_blank\" rel=\"noopener\">Portes obertes IES<\/a><\/h3>\n<h6><\/h6>\n<h6><a href=\"http:\/\/queestudiar.gencat.cat\/ca\/preinscripcio\/estudis\/obligatoris\/documentacio\/\" target=\"_blank\" rel=\"noopener noreferrer\">DOCUMENTACI\u00d3 I CRITERIS DE PRIORITAT<\/a><\/h6>\n<h6><a href=\"http:\/\/queestudiar.gencat.cat\/ca\/preinscripcio\/informacio-general\/\" target=\"_blank\" rel=\"noopener noreferrer\">CALENDARI DEL PROC\u00c9S (Gencat.cat)<\/a><\/h6>\n<p>&nbsp;<\/p>\n<h4><strong><a href=\"https:\/\/agora.xtec.cat\/ceipmilagrosconsarnau\/wp-content\/uploads\/usu532\/2019\/03\/SOL.LICITUD-DE-PREINSCRIPCI%C3%93.CURS-2019-2020.pdf\" target=\"_blank\" rel=\"noopener\">SOL.LICITUD\u00a0<\/a><a href=\"https:\/\/agora.xtec.cat\/ceipmilagrosconsarnau\/wp-content\/uploads\/usu532\/2019\/03\/SOL.LICITUD-DE-PREINSCRIPCI%C3%93.CURS-2019-2020.pdf\" target=\"_blank\" rel=\"noopener\">DE PREINSCRIPCI\u00d3<\/a><\/strong><\/h4>\n<h4><strong><a href=\"http:\/\/ensenyament.gencat.cat\/ca\/tramits\/tramits-temes\/20483_preinscripcio_escolar?moda=1\" target=\"_blank\" rel=\"noopener\">\u00a0 \u2013\u00a0 SOL.LICITAR PER INTERNET<\/a><\/strong><\/h4>\n<ul>\n<li>\n<h4>Calendari preinscripci\u00f3 i matr\u00edcula 2019-20 i horari de recepci\u00f3 de sol\u00b7licituds<\/h4>\n<\/li>\n<li>\n<h4>Criteris d\u2019admissi\u00f3 i barem corresponent- Resum_2019_20<\/h4>\n<\/li>\n<\/ul>\n<ul>\n<li>\n<h4>Documentaci\u00f3 que cal presentar a la preinscripci\u00f3- Resum 2019_20<\/h4>\n<\/li>\n<\/ul>\n<\/td>\n<\/tr>\n<\/tbody>\n<\/table>\n<p><img decoding=\"async\" src=\"http:\/\/queestudiar.gencat.cat\/.content\/home\/preinscripcio\/estudis\/-enllacos-comuns\/cartell-preinscripcio.png\" \/><\/p>\n","protected":false},"excerpt":{"rendered":"<p>INFORMACI\u00d3 PREINSCRIPCI\u00d3 I MATR\u00cdCULA CURS 2019-2020 INFORMACI\u00d3 PREINSCRIPCI\u00d3\u00a0 I MATR\u00cdCULA\u00a0 EDUCACI\u00d3 INFANTIL I PRIM\u00c0RIA CURS 2019-20 DOCUMENTACI\u00d3 I CRITERIS DE PRIORITAT CALENDARI DEL PROC\u00c9S (Gencat.cat) &nbsp; \u00a0SOL.LICITUD\u00a0DE PREINSCRIPCI\u00d3 \u00a0 \u2013\u00a0 SOL.LICITAR PER INTERNET Calendari preinscripci\u00f3 i matr\u00edcula 2019-20 i horari de recepci\u00f3 de sol\u00b7licituds Criteris d\u2019admissi\u00f3 i barem corresponent- Resum_2019_20 Documentaci\u00f3 que cal presentar a [&hellip;]<\/p>\n","protected":false},"author":25,"featured_media":10377,"comment_status":"open","ping_status":"closed","sticky":false,"template":"","format":"standard","meta":{"_bbp_topic_count":0,"_bbp_reply_count":0,"_bbp_total_topic_count":0,"_bbp_total_reply_count":0,"_bbp_voice_count":0,"_bbp_anonymous_reply_count":0,"_bbp_topic_count_hidden":0,"_bbp_reply_count_hidden":0,"_bbp_forum_subforum_count":0,"site-sidebar-layout":"default","site-content-layout":"","ast-site-content-layout":"","site-content-style":"default","site-sidebar-style":"default","ast-global-header-display":"","ast-banner-title-visibility":"","ast-main-header-display":"","ast-hfb-above-header-display":"","ast-hfb-below-header-display":"","ast-hfb-mobile-header-display":"","site-post-title":"","ast-breadcrumbs-content":"","ast-featured-img":"","footer-sml-layout":"","theme-transparent-header-meta":"","adv-header-id-meta":"","stick-header-meta":"","header-above-stick-meta":"","header-main-stick-meta":"","header-below-stick-meta":"","astra-migrate-meta-layouts":"default","ast-page-background-enabled":"default","ast-page-background-meta":{"desktop":{"background-color":"var(--ast-global-color-4)","background-image":"","background-repeat":"repeat","background-position":"center center","background-size":"auto","background-attachment":"scroll","background-type":"","background-media":"","overlay-type":"","overlay-color":"","overlay-opacity":"","overlay-gradient":""},"tablet":{"background-color":"","background-image":"","background-repeat":"repeat","background-position":"center center","background-size":"auto","background-attachment":"scroll","background-type":"","background-media":"","overlay-type":"","overlay-color":"","overlay-opacity":"","overlay-gradient":""},"mobile":{"background-color":"","background-image":"","background-repeat":"repeat","background-position":"center center","background-size":"auto","background-attachment":"scroll","background-type":"","background-media":"","overlay-type":"","overlay-color":"","overlay-opacity":"","overlay-gradient":""}},"ast-content-background-meta":{"desktop":{"background-color":"var(--ast-global-color-5)","background-image":"","background-repeat":"repeat","background-position":"center center","background-size":"auto","background-attachment":"scroll","background-type":"","background-media":"","overlay-type":"","overlay-color":"","overlay-opacity":"","overlay-gradient":""},"tablet":{"background-color":"var(--ast-global-color-5)","background-image":"","background-repeat":"repeat","background-position":"center center","background-size":"auto","background-attachment":"scroll","background-type":"","background-media":"","overlay-type":"","overlay-color":"","overlay-opacity":"","overlay-gradient":""},"mobile":{"background-color":"var(--ast-global-color-5)","background-image":"","background-repeat":"repeat","background-position":"center center","background-size":"auto","background-attachment":"scroll","background-type":"","background-media":"","overlay-type":"","overlay-color":"","overlay-opacity":"","overlay-gradient":""}},"footnotes":""},"categories":[1],"tags":[],"class_list":["post-10364","post","type-post","status-publish","format-standard","has-post-thumbnail","hentry","category-general"],"post_mailing_queue_ids":[],"_links":{"self":[{"href":"https:\/\/agora.xtec.cat\/escolafmistral\/wp-json\/wp\/v2\/posts\/10364","targetHints":{"allow":["GET"]}}],"collection":[{"href":"https:\/\/agora.xtec.cat\/escolafmistral\/wp-json\/wp\/v2\/posts"}],"about":[{"href":"https:\/\/agora.xtec.cat\/escolafmistral\/wp-json\/wp\/v2\/types\/post"}],"author":[{"embeddable":true,"href":"https:\/\/agora.xtec.cat\/escolafmistral\/wp-json\/wp\/v2\/users\/25"}],"replies":[{"embeddable":true,"href":"https:\/\/agora.xtec.cat\/escolafmistral\/wp-json\/wp\/v2\/comments?post=10364"}],"version-history":[{"count":3,"href":"https:\/\/agora.xtec.cat\/escolafmistral\/wp-json\/wp\/v2\/posts\/10364\/revisions"}],"predecessor-version":[{"id":10378,"href":"https:\/\/agora.xtec.cat\/escolafmistral\/wp-json\/wp\/v2\/posts\/10364\/revisions\/10378"}],"wp:featuredmedia":[{"embeddable":true,"href":"https:\/\/agora.xtec.cat\/escolafmistral\/wp-json\/wp\/v2\/media\/10377"}],"wp:attachment":[{"href":"https:\/\/agora.xtec.cat\/escolafmistral\/wp-json\/wp\/v2\/media?parent=10364"}],"wp:term":[{"taxonomy":"category","embeddable":true,"href":"https:\/\/agora.xtec.cat\/escolafmistral\/wp-json\/wp\/v2\/categories?post=10364"},{"taxonomy":"post_tag","embeddable":true,"href":"https:\/\/agora.xtec.cat\/escolafmistral\/wp-json\/wp\/v2\/tags?post=10364"}],"curies":[{"name":"wp","href":"https:\/\/api.w.org\/{rel}","templated":true}]}}