{"id":10159,"date":"2019-02-24T23:22:43","date_gmt":"2019-02-24T22:22:43","guid":{"rendered":"http:\/\/agora.xtec.cat\/escolafmistral\/?p=10159"},"modified":"2019-02-24T23:24:51","modified_gmt":"2019-02-24T22:24:51","slug":"6e-musiques-del-mon-al-palau-de-la-musica","status":"publish","type":"post","link":"https:\/\/agora.xtec.cat\/escolafmistral\/general\/6e-musiques-del-mon-al-palau-de-la-musica\/","title":{"rendered":"6\u00e8 M\u00fasiques del m\u00f3n al Palau de la M\u00fasica"},"content":{"rendered":"<p>El passat dimarts dia 19 de febrer, l&#8217;alumnat de 6\u00e8 vam anar al Palau de la M\u00fasica Catalana a veure l&#8217;espectacle &#8220;M\u00fasiques del m\u00f3n&#8221; dins de les activitats programades des de l&#8217;\u00e0rea d&#8217;educaci\u00f3 musical.<\/p>\n<p>La veu ha estat la protagonista de l&#8217;espectacle, amb les seves immenses possibilitats sonores. Ha estat una oportunitat \u00fanica per viatjar pels cinc continents i descobrir algunes de les seves\u00a0 m\u00fasiques tradicionals o populars. Deixant-nos seduir pels violins, trompetes, guitarres, flautes, trombons, maraques, balalaiques, didjerid\u00fas&#8230; que cinc espl\u00e8ndids cantants ens han interpretat exclussivament<em>\u00a0a cappella.\u00a0<\/em>I tot en un entorn inigualable, la sala gran del Palau de la M\u00fasica Catalana de Barcelona.<\/p>\n<p>Per anar cap all\u00e0 vam tenir la oportunitat de fer-ho en el transport p\u00fablic de la ciutat. Una bona alternativa ecosostenible.<\/p>\n<p><a href=\"https:\/\/agora.xtec.cat\/escolafmistral\/wp-content\/uploads\/usu688\/2019\/02\/Captura-de-pantalla-2019-02-24-a-les-23.22.01.png\"><img loading=\"lazy\" decoding=\"async\" class=\"alignnone size-full wp-image-10160\" src=\"https:\/\/agora.xtec.cat\/escolafmistral\/wp-content\/uploads\/usu688\/2019\/02\/Captura-de-pantalla-2019-02-24-a-les-23.22.01.png\" alt=\"\" width=\"968\" height=\"710\" srcset=\"https:\/\/agora.xtec.cat\/escolafmistral\/wp-content\/uploads\/usu688\/2019\/02\/Captura-de-pantalla-2019-02-24-a-les-23.22.01.png 968w, https:\/\/agora.xtec.cat\/escolafmistral\/wp-content\/uploads\/usu688\/2019\/02\/Captura-de-pantalla-2019-02-24-a-les-23.22.01-300x220.png 300w, https:\/\/agora.xtec.cat\/escolafmistral\/wp-content\/uploads\/usu688\/2019\/02\/Captura-de-pantalla-2019-02-24-a-les-23.22.01-768x563.png 768w\" sizes=\"auto, (max-width: 968px) 100vw, 968px\" \/><\/a><\/p>\n","protected":false},"excerpt":{"rendered":"<p>El passat dimarts dia 19 de febrer, l&#8217;alumnat de 6\u00e8 vam anar al Palau de la M\u00fasica Catalana a veure l&#8217;espectacle &#8220;M\u00fasiques del m\u00f3n&#8221; dins de les activitats programades des de l&#8217;\u00e0rea d&#8217;educaci\u00f3 musical. La veu ha estat la protagonista de l&#8217;espectacle, amb les seves immenses possibilitats sonores. Ha estat una oportunitat \u00fanica per viatjar [&hellip;]<\/p>\n","protected":false},"author":25,"featured_media":10160,"comment_status":"open","ping_status":"closed","sticky":false,"template":"","format":"standard","meta":{"_bbp_topic_count":0,"_bbp_reply_count":0,"_bbp_total_topic_count":0,"_bbp_total_reply_count":0,"_bbp_voice_count":0,"_bbp_anonymous_reply_count":0,"_bbp_topic_count_hidden":0,"_bbp_reply_count_hidden":0,"_bbp_forum_subforum_count":0,"site-sidebar-layout":"default","site-content-layout":"","ast-site-content-layout":"","site-content-style":"default","site-sidebar-style":"default","ast-global-header-display":"","ast-banner-title-visibility":"","ast-main-header-display":"","ast-hfb-above-header-display":"","ast-hfb-below-header-display":"","ast-hfb-mobile-header-display":"","site-post-title":"","ast-breadcrumbs-content":"","ast-featured-img":"","footer-sml-layout":"","theme-transparent-header-meta":"","adv-header-id-meta":"","stick-header-meta":"","header-above-stick-meta":"","header-main-stick-meta":"","header-below-stick-meta":"","astra-migrate-meta-layouts":"default","ast-page-background-enabled":"default","ast-page-background-meta":{"desktop":{"background-color":"var(--ast-global-color-4)","background-image":"","background-repeat":"repeat","background-position":"center center","background-size":"auto","background-attachment":"scroll","background-type":"","background-media":"","overlay-type":"","overlay-color":"","overlay-opacity":"","overlay-gradient":""},"tablet":{"background-color":"","background-image":"","background-repeat":"repeat","background-position":"center center","background-size":"auto","background-attachment":"scroll","background-type":"","background-media":"","overlay-type":"","overlay-color":"","overlay-opacity":"","overlay-gradient":""},"mobile":{"background-color":"","background-image":"","background-repeat":"repeat","background-position":"center center","background-size":"auto","background-attachment":"scroll","background-type":"","background-media":"","overlay-type":"","overlay-color":"","overlay-opacity":"","overlay-gradient":""}},"ast-content-background-meta":{"desktop":{"background-color":"var(--ast-global-color-5)","background-image":"","background-repeat":"repeat","background-position":"center center","background-size":"auto","background-attachment":"scroll","background-type":"","background-media":"","overlay-type":"","overlay-color":"","overlay-opacity":"","overlay-gradient":""},"tablet":{"background-color":"var(--ast-global-color-5)","background-image":"","background-repeat":"repeat","background-position":"center center","background-size":"auto","background-attachment":"scroll","background-type":"","background-media":"","overlay-type":"","overlay-color":"","overlay-opacity":"","overlay-gradient":""},"mobile":{"background-color":"var(--ast-global-color-5)","background-image":"","background-repeat":"repeat","background-position":"center center","background-size":"auto","background-attachment":"scroll","background-type":"","background-media":"","overlay-type":"","overlay-color":"","overlay-opacity":"","overlay-gradient":""}},"footnotes":""},"categories":[15,1,49,4],"tags":[],"class_list":["post-10159","post","type-post","status-publish","format-standard","has-post-thumbnail","hentry","category-6e","category-general","category-musica","category-portada"],"post_mailing_queue_ids":[],"_links":{"self":[{"href":"https:\/\/agora.xtec.cat\/escolafmistral\/wp-json\/wp\/v2\/posts\/10159","targetHints":{"allow":["GET"]}}],"collection":[{"href":"https:\/\/agora.xtec.cat\/escolafmistral\/wp-json\/wp\/v2\/posts"}],"about":[{"href":"https:\/\/agora.xtec.cat\/escolafmistral\/wp-json\/wp\/v2\/types\/post"}],"author":[{"embeddable":true,"href":"https:\/\/agora.xtec.cat\/escolafmistral\/wp-json\/wp\/v2\/users\/25"}],"replies":[{"embeddable":true,"href":"https:\/\/agora.xtec.cat\/escolafmistral\/wp-json\/wp\/v2\/comments?post=10159"}],"version-history":[{"count":2,"href":"https:\/\/agora.xtec.cat\/escolafmistral\/wp-json\/wp\/v2\/posts\/10159\/revisions"}],"predecessor-version":[{"id":10162,"href":"https:\/\/agora.xtec.cat\/escolafmistral\/wp-json\/wp\/v2\/posts\/10159\/revisions\/10162"}],"wp:featuredmedia":[{"embeddable":true,"href":"https:\/\/agora.xtec.cat\/escolafmistral\/wp-json\/wp\/v2\/media\/10160"}],"wp:attachment":[{"href":"https:\/\/agora.xtec.cat\/escolafmistral\/wp-json\/wp\/v2\/media?parent=10159"}],"wp:term":[{"taxonomy":"category","embeddable":true,"href":"https:\/\/agora.xtec.cat\/escolafmistral\/wp-json\/wp\/v2\/categories?post=10159"},{"taxonomy":"post_tag","embeddable":true,"href":"https:\/\/agora.xtec.cat\/escolafmistral\/wp-json\/wp\/v2\/tags?post=10159"}],"curies":[{"name":"wp","href":"https:\/\/api.w.org\/{rel}","templated":true}]}}