{"id":78,"count":36,"description":"<h4>ELS ARTISTES D'INFANTIL<\/h4>\r\nEls artistes d'Infantil \u00e9s un projecte d'aula que neix a partir de la visita a diferents museus de la ciutat per a treballar els artistes Joan T\u00e0pies (P3), Joan Mir\u00f3 (P4) i Sol Lewit (P5).\r\n\r\nA partir de la visita es fan diferents activitats a partir de les obres que han vist i s'experimenta amb diferents colors, textures...\r\n\r\nEl projecte es comen\u00e7a el segon trimestre i es treballar\u00e0 setmanalment per treure els artistes que tenim dins.","link":"https:\/\/agora.xtec.cat\/escolafmistral\/categoria\/infantil\/els-artistes-dinfantil\/","name":"Els Artistes d'Infantil","slug":"els-artistes-dinfantil","taxonomy":"category","parent":2,"meta":[],"_links":{"self":[{"href":"https:\/\/agora.xtec.cat\/escolafmistral\/wp-json\/wp\/v2\/categories\/78","targetHints":{"allow":["GET"]}}],"collection":[{"href":"https:\/\/agora.xtec.cat\/escolafmistral\/wp-json\/wp\/v2\/categories"}],"about":[{"href":"https:\/\/agora.xtec.cat\/escolafmistral\/wp-json\/wp\/v2\/taxonomies\/category"}],"up":[{"embeddable":true,"href":"https:\/\/agora.xtec.cat\/escolafmistral\/wp-json\/wp\/v2\/categories\/2"}],"wp:post_type":[{"href":"https:\/\/agora.xtec.cat\/escolafmistral\/wp-json\/wp\/v2\/posts?categories=78"}],"curies":[{"name":"wp","href":"https:\/\/api.w.org\/{rel}","templated":true}]}}