{"id":50,"count":6,"description":"<h3>ART I JO<\/h3>\r\nArt i jo \u00e9s un projecte d'escola dins del qual estan inclossos els tallers que fan els diferents cicles, en els que els alumnes tenen la oportunitat de treballar diferents t\u00e8cniques pl\u00e0stiques i deixar anar la seva creativitat i imaginaci\u00f3.\r\n\r\nEls alumnes gaudeixen molt, ja que els grups d'alumnes del mateix cicle estan barrejats.\r\n\r\nAquesta \u00e9s la manera que tenim a l'escola de treballar de manera col\u00b7laborativa l'educaci\u00f3 visual i pl\u00e0stica dins de l'\u00e0mbit d'Educaci\u00f3 Art\u00edstica.","link":"https:\/\/agora.xtec.cat\/escolafmistral\/categoria\/projectes-i-arees\/art-i-jo\/","name":"Art i Jo","slug":"art-i-jo","taxonomy":"category","parent":47,"meta":[],"_links":{"self":[{"href":"https:\/\/agora.xtec.cat\/escolafmistral\/wp-json\/wp\/v2\/categories\/50","targetHints":{"allow":["GET"]}}],"collection":[{"href":"https:\/\/agora.xtec.cat\/escolafmistral\/wp-json\/wp\/v2\/categories"}],"about":[{"href":"https:\/\/agora.xtec.cat\/escolafmistral\/wp-json\/wp\/v2\/taxonomies\/category"}],"up":[{"embeddable":true,"href":"https:\/\/agora.xtec.cat\/escolafmistral\/wp-json\/wp\/v2\/categories\/47"}],"wp:post_type":[{"href":"https:\/\/agora.xtec.cat\/escolafmistral\/wp-json\/wp\/v2\/posts?categories=50"}],"curies":[{"name":"wp","href":"https:\/\/api.w.org\/{rel}","templated":true}]}}