{"id":49,"count":21,"description":"<strong>Nadales 2019<\/strong>\r\n\r\nP3A: Caga ti\u00f3-<a href=\"https:\/\/www.youtube.com\/watch?v=pTt0Q2KBtpE&amp;feature=emb_logo\">https:\/\/www.youtube.com\/watch?v=pTt0Q2KBtpE&amp;feature=emb_logo<\/a>\r\n\r\nP3B: Ara ve Nadal-<a href=\"https:\/\/www.youtube.com\/watch?v=DYbu-MFx4uw\">https:\/\/www.youtube.com\/watch?v=DYbu-MFx4uw<\/a>\r\n\r\nP4A: M\u2019agrada el Nadal-<a href=\"https:\/\/www.youtube.com\/watch?v=Q3P_lI59qMA\">https:\/\/www.youtube.com\/watch?v=Q3P_lI59qMA<\/a>\r\n\r\nP4B: Els Reis de l\u2019Orient-<a href=\"https:\/\/www.youtube.com\/watch?v=C2hWS_BoAUU&amp;list=PLtmXfnIBVnaDR429334B5JJH2PlChRMPD&amp;index=18&amp;t=0s\">https:\/\/www.youtube.com\/watch?v=C2hWS_BoAUU&amp;list=PLtmXfnIBVnaDR429334B5JJH2PlChRMPD&amp;index=18&amp;t=0s<\/a>\r\n\r\nP5A: El trineu-<a href=\"https:\/\/www.youtube.com\/watch?v=99-4dNQqgUc&amp;list=PLtmXfnIBVnaDR429334B5JJH2PlChRMPD&amp;index=15\">https:\/\/www.youtube.com\/watch?v=99-4dNQqgUc&amp;list=PLtmXfnIBVnaDR429334B5JJH2PlChRMPD&amp;index=15<\/a>\r\n\r\nP5B: Les joguines-<a href=\"https:\/\/www.youtube.com\/watch?v=p4NFkop2i-I&amp;list=PLtmXfnIBVnaDR429334B5JJH2PlChRMPD&amp;index=4\">https:\/\/www.youtube.com\/watch?v=p4NFkop2i-I&amp;list=PLtmXfnIBVnaDR429334B5JJH2PlChRMPD&amp;index=4<\/a>\r\n\r\n&nbsp;\r\n\r\n1A: El tortell-<a href=\"https:\/\/www.youtube.com\/watch?v=9LASQaVNBcY\">https:\/\/www.youtube.com\/watch?v=9LASQaVNBcY<\/a>\r\n\r\n1B: 25 de desembre-<a href=\"https:\/\/www.youtube.com\/watch?v=G9RdVhXOQDs&amp;list=PLtmXfnIBVnaDR429334B5JJH2PlChRMPD&amp;index=14\">https:\/\/www.youtube.com\/watch?v=G9RdVhXOQDs&amp;list=PLtmXfnIBVnaDR429334B5JJH2PlChRMPD&amp;index=14<\/a>\r\n\r\n2A: L\u2019avet de Nadal-<a href=\"https:\/\/www.youtube.com\/watch?v=mh1SLJ4Iids\">https:\/\/www.youtube.com\/watch?v=mh1SLJ4Iids<\/a>\r\n\r\n2B: Les figures del pessebre-<a href=\"https:\/\/www.youtube.com\/watch?v=jCvV8QCBz-8\">https:\/\/www.youtube.com\/watch?v=jCvV8QCBz-8<\/a>\r\n\r\n3A : Sense tu-<a href=\"https:\/\/www.youtube.com\/watch?v=kytfffuI3oY\">https:\/\/www.youtube.com\/watch?v=kytfffuI3oY<\/a>\r\n\r\n3B: Joguines-<a href=\"https:\/\/www.youtube.com\/watch?v=yHm7CalviJM&amp;list=PLtmXfnIBVnaDR429334B5JJH2PlChRMPD&amp;index=19\">https:\/\/www.youtube.com\/watch?v=yHm7CalviJM&amp;list=PLtmXfnIBVnaDR429334B5JJH2PlChRMPD&amp;index=19<\/a>\r\n\r\n4t: Rock age-<a href=\"https:\/\/www.youtube.com\/watch?v=BOIeHgCFyqE&amp;list=PLtmXfnIBVnaDR429334B5JJH2PlChRMPD&amp;index=11\">https:\/\/www.youtube.com\/watch?v=BOIeHgCFyqE&amp;list=PLtmXfnIBVnaDR429334B5JJH2PlChRMPD&amp;index=11<\/a>\r\n\r\n5A: \u00c9s Nadal-<a href=\"https:\/\/www.youtube.com\/watch?v=35yXRbzf7rE&amp;list=PLtmXfnIBVnaDR429334B5JJH2PlChRMPD&amp;index=8\">https:\/\/www.youtube.com\/watch?v=35yXRbzf7rE&amp;list=PLtmXfnIBVnaDR429334B5JJH2PlChRMPD&amp;index=8<\/a>\r\n\r\n5B: Last Christmas-<a href=\"https:\/\/www.youtube.com\/watch?v=5EvTLcYpfx8&amp;list=PLtmXfnIBVnaDR429334B5JJH2PlChRMPD&amp;index=9\">https:\/\/www.youtube.com\/watch?v=5EvTLcYpfx8&amp;list=PLtmXfnIBVnaDR429334B5JJH2PlChRMPD&amp;index=9<\/a>\r\n\r\n6A: Ara \u00e9s Nadal-<a href=\"https:\/\/www.youtube.com\/watch?v=o-WNUUUw5w4&amp;list=PLtmXfnIBVnaDR429334B5JJH2PlChRMPD&amp;index=6\">https:\/\/www.youtube.com\/watch?v=o-WNUUUw5w4&amp;list=PLtmXfnIBVnaDR429334B5JJH2PlChRMPD&amp;index=6<\/a>\r\n\r\n6B: \u00c9s un desig-<a href=\"https:\/\/www.youtube.com\/watch?v=a6w7J9-eh8A&amp;list=PLtmXfnIBVnaDR429334B5JJH2PlChRMPD&amp;index=2\">https:\/\/www.youtube.com\/watch?v=a6w7J9-eh8A&amp;list=PLtmXfnIBVnaDR429334B5JJH2PlChRMPD&amp;index=2<\/a>\r\n\r\n&nbsp;\r\n\r\n&nbsp;\r\n\r\n<a href=\"https:\/\/agora.xtec.cat\/escolafmistral\/wp-content\/uploads\/usu688\/2019\/11\/Calendari-m\u00fasica-1.png\"><img class=\"alignnone size-large wp-image-10961\" src=\"https:\/\/agora.xtec.cat\/escolafmistral\/wp-content\/uploads\/usu688\/2019\/11\/Calendari-m\u00fasica-1-724x1024.png\" alt=\"\" width=\"724\" height=\"1024\" \/><\/a>Aqu\u00ed trobareu totes les not\u00edcies relacionades amb l'\u00e0rea de m\u00fasica.","link":"https:\/\/agora.xtec.cat\/escolafmistral\/categoria\/projectes-i-arees\/musica\/","name":"M\u00fasica","slug":"musica","taxonomy":"category","parent":47,"meta":[],"_links":{"self":[{"href":"https:\/\/agora.xtec.cat\/escolafmistral\/wp-json\/wp\/v2\/categories\/49","targetHints":{"allow":["GET"]}}],"collection":[{"href":"https:\/\/agora.xtec.cat\/escolafmistral\/wp-json\/wp\/v2\/categories"}],"about":[{"href":"https:\/\/agora.xtec.cat\/escolafmistral\/wp-json\/wp\/v2\/taxonomies\/category"}],"up":[{"embeddable":true,"href":"https:\/\/agora.xtec.cat\/escolafmistral\/wp-json\/wp\/v2\/categories\/47"}],"wp:post_type":[{"href":"https:\/\/agora.xtec.cat\/escolafmistral\/wp-json\/wp\/v2\/posts?categories=49"}],"curies":[{"name":"wp","href":"https:\/\/api.w.org\/{rel}","templated":true}]}}