{"id":9925,"date":"2026-03-10T09:27:57","date_gmt":"2026-03-10T08:27:57","guid":{"rendered":"https:\/\/agora.xtec.cat\/escolaflorestasabadell\/?p=9925"},"modified":"2026-03-10T09:28:48","modified_gmt":"2026-03-10T08:28:48","slug":"platja-del-forum","status":"publish","type":"post","link":"https:\/\/agora.xtec.cat\/escolaflorestasabadell\/general\/platja-del-forum\/","title":{"rendered":"Platja del F\u00f2rum"},"content":{"rendered":"\n<p>Sortida a la Platja del F\u00f2rum: Missi\u00f3 completada! Despr\u00e9s de rebre el missatge de la Gota i treballar a l\u2019aula la import\u00e0ncia de cuidar l\u2019aigua i el medi ambient, l\u2019alumnat de 3r hem dut a terme la nostra missi\u00f3: ajudar el mar. A la Platja del F\u00f2rum, amb l\u2019acompanyament de l\u2019entitat Be Ocean, hem participat en una activitat de neteja de platja. Primer hem conegut la problem\u00e0tica dels residus marins i, tot seguit, hem recollit i classificat deixalles trobades a la sorra. Finalment, hem analitzat els residus i hem reflexionat sobre el seu impacte i el temps que triguen a degradar-se. L\u2019experi\u00e8ncia ens ha perm\u00e8s prendre consci\u00e8ncia de com les petites accions poden tenir un gran impacte. Per tancar el projecte, hem treballat les 3R i hem afegit una nova R: Reivindiquem, perqu\u00e8 cuidar el planeta tamb\u00e9 vol dir fer sentir la nostra veu. La missi\u00f3 est\u00e0 completada, per\u00f2 el comprom\u00eds de cuidar el mar continua!<\/p>\n\n\n\n<figure class=\"wp-block-image\"><img loading=\"lazy\" decoding=\"async\" width=\"1156\" height=\"867\" src=\"https:\/\/agora.xtec.cat\/escolaflorestasabadell\/wp-content\/uploads\/usu478\/2026\/03\/20260225_112330.jpg\" alt=\"\" class=\"wp-image-9926\" srcset=\"https:\/\/agora.xtec.cat\/escolaflorestasabadell\/wp-content\/uploads\/usu478\/2026\/03\/20260225_112330.jpg 1156w, https:\/\/agora.xtec.cat\/escolaflorestasabadell\/wp-content\/uploads\/usu478\/2026\/03\/20260225_112330-300x225.jpg 300w, https:\/\/agora.xtec.cat\/escolaflorestasabadell\/wp-content\/uploads\/usu478\/2026\/03\/20260225_112330-1024x768.jpg 1024w, https:\/\/agora.xtec.cat\/escolaflorestasabadell\/wp-content\/uploads\/usu478\/2026\/03\/20260225_112330-768x576.jpg 768w, https:\/\/agora.xtec.cat\/escolaflorestasabadell\/wp-content\/uploads\/usu478\/2026\/03\/20260225_112330-200x150.jpg 200w\" sizes=\"auto, (max-width: 1156px) 100vw, 1156px\" \/><\/figure>\n\n\n\n<figure class=\"wp-block-image\"><img loading=\"lazy\" decoding=\"async\" width=\"1156\" height=\"867\" src=\"https:\/\/agora.xtec.cat\/escolaflorestasabadell\/wp-content\/uploads\/usu478\/2026\/03\/20260225_110053.jpg\" alt=\"\" class=\"wp-image-9930\" srcset=\"https:\/\/agora.xtec.cat\/escolaflorestasabadell\/wp-content\/uploads\/usu478\/2026\/03\/20260225_110053.jpg 1156w, https:\/\/agora.xtec.cat\/escolaflorestasabadell\/wp-content\/uploads\/usu478\/2026\/03\/20260225_110053-300x225.jpg 300w, https:\/\/agora.xtec.cat\/escolaflorestasabadell\/wp-content\/uploads\/usu478\/2026\/03\/20260225_110053-1024x768.jpg 1024w, https:\/\/agora.xtec.cat\/escolaflorestasabadell\/wp-content\/uploads\/usu478\/2026\/03\/20260225_110053-768x576.jpg 768w, https:\/\/agora.xtec.cat\/escolaflorestasabadell\/wp-content\/uploads\/usu478\/2026\/03\/20260225_110053-200x150.jpg 200w\" sizes=\"auto, (max-width: 1156px) 100vw, 1156px\" \/><\/figure>\n\n\n\n<figure class=\"wp-block-image\"><img loading=\"lazy\" decoding=\"async\" width=\"1156\" height=\"867\" src=\"https:\/\/agora.xtec.cat\/escolaflorestasabadell\/wp-content\/uploads\/usu478\/2026\/03\/20260225_104649.jpg\" alt=\"\" class=\"wp-image-9929\" srcset=\"https:\/\/agora.xtec.cat\/escolaflorestasabadell\/wp-content\/uploads\/usu478\/2026\/03\/20260225_104649.jpg 1156w, https:\/\/agora.xtec.cat\/escolaflorestasabadell\/wp-content\/uploads\/usu478\/2026\/03\/20260225_104649-300x225.jpg 300w, https:\/\/agora.xtec.cat\/escolaflorestasabadell\/wp-content\/uploads\/usu478\/2026\/03\/20260225_104649-1024x768.jpg 1024w, https:\/\/agora.xtec.cat\/escolaflorestasabadell\/wp-content\/uploads\/usu478\/2026\/03\/20260225_104649-768x576.jpg 768w, https:\/\/agora.xtec.cat\/escolaflorestasabadell\/wp-content\/uploads\/usu478\/2026\/03\/20260225_104649-200x150.jpg 200w\" sizes=\"auto, (max-width: 1156px) 100vw, 1156px\" \/><\/figure>\n\n\n\n<figure class=\"wp-block-image\"><img loading=\"lazy\" decoding=\"async\" width=\"1156\" height=\"867\" src=\"https:\/\/agora.xtec.cat\/escolaflorestasabadell\/wp-content\/uploads\/usu478\/2026\/03\/20260225_122547.jpg\" alt=\"\" class=\"wp-image-9927\" srcset=\"https:\/\/agora.xtec.cat\/escolaflorestasabadell\/wp-content\/uploads\/usu478\/2026\/03\/20260225_122547.jpg 1156w, https:\/\/agora.xtec.cat\/escolaflorestasabadell\/wp-content\/uploads\/usu478\/2026\/03\/20260225_122547-300x225.jpg 300w, https:\/\/agora.xtec.cat\/escolaflorestasabadell\/wp-content\/uploads\/usu478\/2026\/03\/20260225_122547-1024x768.jpg 1024w, https:\/\/agora.xtec.cat\/escolaflorestasabadell\/wp-content\/uploads\/usu478\/2026\/03\/20260225_122547-768x576.jpg 768w, https:\/\/agora.xtec.cat\/escolaflorestasabadell\/wp-content\/uploads\/usu478\/2026\/03\/20260225_122547-200x150.jpg 200w\" sizes=\"auto, (max-width: 1156px) 100vw, 1156px\" \/><\/figure>\n","protected":false},"excerpt":{"rendered":"<p>Sortida a la Platja del F\u00f2rum: Missi\u00f3 completada! Despr\u00e9s de rebre el missatge de la Gota i treballar a l\u2019aula la import\u00e0ncia de cuidar l\u2019aigua i el medi ambient, l\u2019alumnat de 3r hem dut a terme la nostra missi\u00f3: ajudar el mar. A la Platja&hellip;  <a href=\"https:\/\/agora.xtec.cat\/escolaflorestasabadell\/general\/platja-del-forum\/\" title=\"Read Platja del F\u00f2rum\">Llegeix m\u00e9s\u00bb<\/a><\/p>\n","protected":false},"author":1,"featured_media":9928,"comment_status":"open","ping_status":"open","sticky":false,"template":"","format":"standard","meta":{"_bbp_topic_count":0,"_bbp_reply_count":0,"_bbp_total_topic_count":0,"_bbp_total_reply_count":0,"_bbp_voice_count":0,"_bbp_anonymous_reply_count":0,"_bbp_topic_count_hidden":0,"_bbp_reply_count_hidden":0,"_bbp_forum_subforum_count":0,"footnotes":""},"categories":[1,4],"tags":[],"class_list":["post-9925","post","type-post","status-publish","format-standard","has-post-thumbnail","hentry","category-general","category-portada"],"post_mailing_queue_ids":[],"_links":{"self":[{"href":"https:\/\/agora.xtec.cat\/escolaflorestasabadell\/wp-json\/wp\/v2\/posts\/9925","targetHints":{"allow":["GET"]}}],"collection":[{"href":"https:\/\/agora.xtec.cat\/escolaflorestasabadell\/wp-json\/wp\/v2\/posts"}],"about":[{"href":"https:\/\/agora.xtec.cat\/escolaflorestasabadell\/wp-json\/wp\/v2\/types\/post"}],"author":[{"embeddable":true,"href":"https:\/\/agora.xtec.cat\/escolaflorestasabadell\/wp-json\/wp\/v2\/users\/1"}],"replies":[{"embeddable":true,"href":"https:\/\/agora.xtec.cat\/escolaflorestasabadell\/wp-json\/wp\/v2\/comments?post=9925"}],"version-history":[{"count":2,"href":"https:\/\/agora.xtec.cat\/escolaflorestasabadell\/wp-json\/wp\/v2\/posts\/9925\/revisions"}],"predecessor-version":[{"id":9932,"href":"https:\/\/agora.xtec.cat\/escolaflorestasabadell\/wp-json\/wp\/v2\/posts\/9925\/revisions\/9932"}],"wp:featuredmedia":[{"embeddable":true,"href":"https:\/\/agora.xtec.cat\/escolaflorestasabadell\/wp-json\/wp\/v2\/media\/9928"}],"wp:attachment":[{"href":"https:\/\/agora.xtec.cat\/escolaflorestasabadell\/wp-json\/wp\/v2\/media?parent=9925"}],"wp:term":[{"taxonomy":"category","embeddable":true,"href":"https:\/\/agora.xtec.cat\/escolaflorestasabadell\/wp-json\/wp\/v2\/categories?post=9925"},{"taxonomy":"post_tag","embeddable":true,"href":"https:\/\/agora.xtec.cat\/escolaflorestasabadell\/wp-json\/wp\/v2\/tags?post=9925"}],"curies":[{"name":"wp","href":"https:\/\/api.w.org\/{rel}","templated":true}]}}