{"id":9583,"date":"2025-10-07T09:09:57","date_gmt":"2025-10-07T07:09:57","guid":{"rendered":"https:\/\/agora.xtec.cat\/escolaflorestasabadell\/?p=9583"},"modified":"2025-10-07T09:26:15","modified_gmt":"2025-10-07T07:26:15","slug":"la-classe-de-1r-som-les-muntanyes","status":"publish","type":"post","link":"https:\/\/agora.xtec.cat\/escolaflorestasabadell\/general\/la-classe-de-1r-som-les-muntanyes\/","title":{"rendered":"La classe de 1r som LES MUNTANYES"},"content":{"rendered":"\n<p><br>A primer ja estem agafant el ritme del pas a prim\u00e0ria, de mica en mica ens anem acostumant a les noves din\u00e0miques i ens estem esfor\u00e7ant de valent. Junt amb altres propostes hem escollit el nom de la classe, despr\u00e9s de fer pluja d\u2019idees, conversar i votar, serem la classe de les muntanyes! Quina gran aventura!<\/p>\n\n\n\n<figure class=\"wp-block-image\"><img loading=\"lazy\" decoding=\"async\" width=\"1600\" height=\"1200\" src=\"https:\/\/agora.xtec.cat\/escolaflorestasabadell\/wp-content\/uploads\/usu478\/2025\/10\/foto-grup.jpg\" alt=\"\" class=\"wp-image-9584\" srcset=\"https:\/\/agora.xtec.cat\/escolaflorestasabadell\/wp-content\/uploads\/usu478\/2025\/10\/foto-grup.jpg 1600w, https:\/\/agora.xtec.cat\/escolaflorestasabadell\/wp-content\/uploads\/usu478\/2025\/10\/foto-grup-300x225.jpg 300w, https:\/\/agora.xtec.cat\/escolaflorestasabadell\/wp-content\/uploads\/usu478\/2025\/10\/foto-grup-1024x768.jpg 1024w, https:\/\/agora.xtec.cat\/escolaflorestasabadell\/wp-content\/uploads\/usu478\/2025\/10\/foto-grup-768x576.jpg 768w, https:\/\/agora.xtec.cat\/escolaflorestasabadell\/wp-content\/uploads\/usu478\/2025\/10\/foto-grup-1536x1152.jpg 1536w, https:\/\/agora.xtec.cat\/escolaflorestasabadell\/wp-content\/uploads\/usu478\/2025\/10\/foto-grup-200x150.jpg 200w\" sizes=\"auto, (max-width: 1600px) 100vw, 1600px\" \/><\/figure>\n\n\n\n<figure class=\"wp-block-image\"><img loading=\"lazy\" decoding=\"async\" width=\"1748\" height=\"1240\" src=\"https:\/\/agora.xtec.cat\/escolaflorestasabadell\/wp-content\/uploads\/usu478\/2025\/10\/votacio.jpg\" alt=\"\" class=\"wp-image-9585\" srcset=\"https:\/\/agora.xtec.cat\/escolaflorestasabadell\/wp-content\/uploads\/usu478\/2025\/10\/votacio.jpg 1748w, https:\/\/agora.xtec.cat\/escolaflorestasabadell\/wp-content\/uploads\/usu478\/2025\/10\/votacio-300x213.jpg 300w, https:\/\/agora.xtec.cat\/escolaflorestasabadell\/wp-content\/uploads\/usu478\/2025\/10\/votacio-1024x726.jpg 1024w, https:\/\/agora.xtec.cat\/escolaflorestasabadell\/wp-content\/uploads\/usu478\/2025\/10\/votacio-768x545.jpg 768w, https:\/\/agora.xtec.cat\/escolaflorestasabadell\/wp-content\/uploads\/usu478\/2025\/10\/votacio-1536x1090.jpg 1536w\" sizes=\"auto, (max-width: 1748px) 100vw, 1748px\" \/><\/figure>\n\n\n\n<p><\/p>\n","protected":false},"excerpt":{"rendered":"<p>A primer ja estem agafant el ritme del pas a prim\u00e0ria, de mica en mica ens anem acostumant a les noves din\u00e0miques i ens estem esfor\u00e7ant de valent. Junt amb altres propostes hem escollit el nom de la classe, despr\u00e9s de fer pluja d\u2019idees, conversar&hellip;  <a href=\"https:\/\/agora.xtec.cat\/escolaflorestasabadell\/general\/la-classe-de-1r-som-les-muntanyes\/\" title=\"Read La classe de 1r som LES MUNTANYES\">Llegeix m\u00e9s\u00bb<\/a><\/p>\n","protected":false},"author":1,"featured_media":9584,"comment_status":"open","ping_status":"open","sticky":false,"template":"","format":"standard","meta":{"_bbp_topic_count":0,"_bbp_reply_count":0,"_bbp_total_topic_count":0,"_bbp_total_reply_count":0,"_bbp_voice_count":0,"_bbp_anonymous_reply_count":0,"_bbp_topic_count_hidden":0,"_bbp_reply_count_hidden":0,"_bbp_forum_subforum_count":0,"footnotes":""},"categories":[1,4],"tags":[],"class_list":["post-9583","post","type-post","status-publish","format-standard","has-post-thumbnail","hentry","category-general","category-portada"],"post_mailing_queue_ids":[],"_links":{"self":[{"href":"https:\/\/agora.xtec.cat\/escolaflorestasabadell\/wp-json\/wp\/v2\/posts\/9583","targetHints":{"allow":["GET"]}}],"collection":[{"href":"https:\/\/agora.xtec.cat\/escolaflorestasabadell\/wp-json\/wp\/v2\/posts"}],"about":[{"href":"https:\/\/agora.xtec.cat\/escolaflorestasabadell\/wp-json\/wp\/v2\/types\/post"}],"author":[{"embeddable":true,"href":"https:\/\/agora.xtec.cat\/escolaflorestasabadell\/wp-json\/wp\/v2\/users\/1"}],"replies":[{"embeddable":true,"href":"https:\/\/agora.xtec.cat\/escolaflorestasabadell\/wp-json\/wp\/v2\/comments?post=9583"}],"version-history":[{"count":1,"href":"https:\/\/agora.xtec.cat\/escolaflorestasabadell\/wp-json\/wp\/v2\/posts\/9583\/revisions"}],"predecessor-version":[{"id":9586,"href":"https:\/\/agora.xtec.cat\/escolaflorestasabadell\/wp-json\/wp\/v2\/posts\/9583\/revisions\/9586"}],"wp:featuredmedia":[{"embeddable":true,"href":"https:\/\/agora.xtec.cat\/escolaflorestasabadell\/wp-json\/wp\/v2\/media\/9584"}],"wp:attachment":[{"href":"https:\/\/agora.xtec.cat\/escolaflorestasabadell\/wp-json\/wp\/v2\/media?parent=9583"}],"wp:term":[{"taxonomy":"category","embeddable":true,"href":"https:\/\/agora.xtec.cat\/escolaflorestasabadell\/wp-json\/wp\/v2\/categories?post=9583"},{"taxonomy":"post_tag","embeddable":true,"href":"https:\/\/agora.xtec.cat\/escolaflorestasabadell\/wp-json\/wp\/v2\/tags?post=9583"}],"curies":[{"name":"wp","href":"https:\/\/api.w.org\/{rel}","templated":true}]}}