{"id":9580,"date":"2025-10-07T09:06:34","date_gmt":"2025-10-07T07:06:34","guid":{"rendered":"https:\/\/agora.xtec.cat\/escolaflorestasabadell\/?p=9580"},"modified":"2025-10-07T09:25:46","modified_gmt":"2025-10-07T07:25:46","slug":"som-la-classe-dels-esports-%e2%9a%bd%f0%9f%8f%80%f0%9f%8e%be","status":"publish","type":"post","link":"https:\/\/agora.xtec.cat\/escolaflorestasabadell\/general\/som-la-classe-dels-esports-%e2%9a%bd%f0%9f%8f%80%f0%9f%8e%be\/","title":{"rendered":"Som la classe dels Esports! \u26bd\ud83c\udfc0\ud83c\udfbe"},"content":{"rendered":"\n<h3 class=\"wp-block-heading\"><\/h3>\n\n\n\n<p>Aquest curs hem triat el <strong>nom de la classe<\/strong> entre moltes propostes divertides. Despr\u00e9s vam fer els <strong>recomptes dels vots<\/strong> utilitzant diferents maneres: per grups de deu, amb colors, per taules\u2026 Ens ho vam passar molt b\u00e9! I el nom guanyador ha estat&#8230; <strong>ESPORTS!<\/strong> \ud83c\udfc5<\/p>\n\n\n\n<p>Ens agrada perqu\u00e8 representa <strong>energia, esfor\u00e7 i treball en equip<\/strong>.<br>Comen\u00e7a un curs ple de reptes per\u00f2 tamb\u00e9 de for\u00e7a i il\u00b7lusi\u00f3! \ud83d\udcaa<\/p>\n\n\n\n<figure class=\"wp-block-image\"><img loading=\"lazy\" decoding=\"async\" width=\"2000\" height=\"1414\" src=\"https:\/\/agora.xtec.cat\/escolaflorestasabadell\/wp-content\/uploads\/usu478\/2025\/10\/FOTO-CLASSE-FLORESTA-1.png\" alt=\"\" class=\"wp-image-9581\" srcset=\"https:\/\/agora.xtec.cat\/escolaflorestasabadell\/wp-content\/uploads\/usu478\/2025\/10\/FOTO-CLASSE-FLORESTA-1.png 2000w, https:\/\/agora.xtec.cat\/escolaflorestasabadell\/wp-content\/uploads\/usu478\/2025\/10\/FOTO-CLASSE-FLORESTA-1-300x212.png 300w, https:\/\/agora.xtec.cat\/escolaflorestasabadell\/wp-content\/uploads\/usu478\/2025\/10\/FOTO-CLASSE-FLORESTA-1-1024x724.png 1024w, https:\/\/agora.xtec.cat\/escolaflorestasabadell\/wp-content\/uploads\/usu478\/2025\/10\/FOTO-CLASSE-FLORESTA-1-768x543.png 768w, https:\/\/agora.xtec.cat\/escolaflorestasabadell\/wp-content\/uploads\/usu478\/2025\/10\/FOTO-CLASSE-FLORESTA-1-1536x1086.png 1536w\" sizes=\"auto, (max-width: 2000px) 100vw, 2000px\" \/><\/figure>\n","protected":false},"excerpt":{"rendered":"<p>Aquest curs hem triat el nom de la classe entre moltes propostes divertides. Despr\u00e9s vam fer els recomptes dels vots utilitzant diferents maneres: per grups de deu, amb colors, per taules\u2026 Ens ho vam passar molt b\u00e9! I el nom guanyador ha estat&#8230; ESPORTS! \ud83c\udfc5<\/p>\n<p>Ens&hellip;  <a href=\"https:\/\/agora.xtec.cat\/escolaflorestasabadell\/general\/som-la-classe-dels-esports-%e2%9a%bd%f0%9f%8f%80%f0%9f%8e%be\/\" title=\"Read Som la classe dels Esports! \u26bd\ud83c\udfc0\ud83c\udfbe\">Llegeix m\u00e9s\u00bb<\/a><\/p>\n","protected":false},"author":1,"featured_media":9581,"comment_status":"open","ping_status":"open","sticky":false,"template":"","format":"standard","meta":{"_bbp_topic_count":0,"_bbp_reply_count":0,"_bbp_total_topic_count":0,"_bbp_total_reply_count":0,"_bbp_voice_count":0,"_bbp_anonymous_reply_count":0,"_bbp_topic_count_hidden":0,"_bbp_reply_count_hidden":0,"_bbp_forum_subforum_count":0,"footnotes":""},"categories":[1,4],"tags":[],"class_list":["post-9580","post","type-post","status-publish","format-standard","has-post-thumbnail","hentry","category-general","category-portada"],"post_mailing_queue_ids":[],"_links":{"self":[{"href":"https:\/\/agora.xtec.cat\/escolaflorestasabadell\/wp-json\/wp\/v2\/posts\/9580","targetHints":{"allow":["GET"]}}],"collection":[{"href":"https:\/\/agora.xtec.cat\/escolaflorestasabadell\/wp-json\/wp\/v2\/posts"}],"about":[{"href":"https:\/\/agora.xtec.cat\/escolaflorestasabadell\/wp-json\/wp\/v2\/types\/post"}],"author":[{"embeddable":true,"href":"https:\/\/agora.xtec.cat\/escolaflorestasabadell\/wp-json\/wp\/v2\/users\/1"}],"replies":[{"embeddable":true,"href":"https:\/\/agora.xtec.cat\/escolaflorestasabadell\/wp-json\/wp\/v2\/comments?post=9580"}],"version-history":[{"count":1,"href":"https:\/\/agora.xtec.cat\/escolaflorestasabadell\/wp-json\/wp\/v2\/posts\/9580\/revisions"}],"predecessor-version":[{"id":9582,"href":"https:\/\/agora.xtec.cat\/escolaflorestasabadell\/wp-json\/wp\/v2\/posts\/9580\/revisions\/9582"}],"wp:featuredmedia":[{"embeddable":true,"href":"https:\/\/agora.xtec.cat\/escolaflorestasabadell\/wp-json\/wp\/v2\/media\/9581"}],"wp:attachment":[{"href":"https:\/\/agora.xtec.cat\/escolaflorestasabadell\/wp-json\/wp\/v2\/media?parent=9580"}],"wp:term":[{"taxonomy":"category","embeddable":true,"href":"https:\/\/agora.xtec.cat\/escolaflorestasabadell\/wp-json\/wp\/v2\/categories?post=9580"},{"taxonomy":"post_tag","embeddable":true,"href":"https:\/\/agora.xtec.cat\/escolaflorestasabadell\/wp-json\/wp\/v2\/tags?post=9580"}],"curies":[{"name":"wp","href":"https:\/\/api.w.org\/{rel}","templated":true}]}}