{"id":9556,"date":"2025-09-30T09:32:57","date_gmt":"2025-09-30T07:32:57","guid":{"rendered":"https:\/\/agora.xtec.cat\/escolaflorestasabadell\/?p=9556"},"modified":"2025-09-30T09:33:23","modified_gmt":"2025-09-30T07:33:23","slug":"comencem-sent-els-els-reis-i-les-reines","status":"publish","type":"post","link":"https:\/\/agora.xtec.cat\/escolaflorestasabadell\/general\/comencem-sent-els-els-reis-i-les-reines\/","title":{"rendered":"Comencem sent els Els reis i les reines!"},"content":{"rendered":"\n<figure class=\"wp-block-table\"><table class=\"has-fixed-layout\"><tbody><tr><td>Sis\u00e8 ha comen\u00e7at a tota marxa! Ja han passat dues setmanes i treballem a ple rendiment. Tenim engegada la lectura del trimestre, que ens dur\u00e0 a con\u00e8ixer a l\u2019August; hem comen\u00e7at amb l\u2019\u00fas de la llengua catalana i castellana; repassem els continguts de matem\u00e0tiques de cursos anteriors; i hem engegat els projectes de medi! Aquest \u00faltim, gira al voltant de les formes de govern dels pa\u00efsos, dins del Medi Social. Un inter\u00e8s que ha sorgit a partir del nom de la classe. I \u00e9s que aquest curs 25-26 serem <em>Els reis i les reines<\/em> de l\u2019escola! I aix\u00ed, podrem aprendre qu\u00e8 \u00e9s una monarquia, una rep\u00fablica, la democr\u00e0cia i la resta de formes de govern que podem, trobar arreu d\u2019Europa, i qui sap si del m\u00f3n!<\/td><\/tr><\/tbody><\/table><\/figure>\n\n\n\n<figure class=\"wp-block-image\"><img loading=\"lazy\" decoding=\"async\" width=\"1600\" height=\"900\" src=\"https:\/\/agora.xtec.cat\/escolaflorestasabadell\/wp-content\/uploads\/usu478\/2025\/09\/WhatsApp-Image-2025-09-28-at-22.39.15-1.jpeg\" alt=\"\" class=\"wp-image-9557\" srcset=\"https:\/\/agora.xtec.cat\/escolaflorestasabadell\/wp-content\/uploads\/usu478\/2025\/09\/WhatsApp-Image-2025-09-28-at-22.39.15-1.jpeg 1600w, https:\/\/agora.xtec.cat\/escolaflorestasabadell\/wp-content\/uploads\/usu478\/2025\/09\/WhatsApp-Image-2025-09-28-at-22.39.15-1-300x169.jpeg 300w, https:\/\/agora.xtec.cat\/escolaflorestasabadell\/wp-content\/uploads\/usu478\/2025\/09\/WhatsApp-Image-2025-09-28-at-22.39.15-1-1024x576.jpeg 1024w, https:\/\/agora.xtec.cat\/escolaflorestasabadell\/wp-content\/uploads\/usu478\/2025\/09\/WhatsApp-Image-2025-09-28-at-22.39.15-1-768x432.jpeg 768w, https:\/\/agora.xtec.cat\/escolaflorestasabadell\/wp-content\/uploads\/usu478\/2025\/09\/WhatsApp-Image-2025-09-28-at-22.39.15-1-1536x864.jpeg 1536w\" sizes=\"auto, (max-width: 1600px) 100vw, 1600px\" \/><\/figure>\n\n\n\n<figure class=\"wp-block-image\"><img loading=\"lazy\" decoding=\"async\" width=\"1600\" height=\"900\" src=\"https:\/\/agora.xtec.cat\/escolaflorestasabadell\/wp-content\/uploads\/usu478\/2025\/09\/WhatsApp-Image-2025-09-28-at-22.39.15.jpeg\" alt=\"\" class=\"wp-image-9558\" srcset=\"https:\/\/agora.xtec.cat\/escolaflorestasabadell\/wp-content\/uploads\/usu478\/2025\/09\/WhatsApp-Image-2025-09-28-at-22.39.15.jpeg 1600w, https:\/\/agora.xtec.cat\/escolaflorestasabadell\/wp-content\/uploads\/usu478\/2025\/09\/WhatsApp-Image-2025-09-28-at-22.39.15-300x169.jpeg 300w, https:\/\/agora.xtec.cat\/escolaflorestasabadell\/wp-content\/uploads\/usu478\/2025\/09\/WhatsApp-Image-2025-09-28-at-22.39.15-1024x576.jpeg 1024w, https:\/\/agora.xtec.cat\/escolaflorestasabadell\/wp-content\/uploads\/usu478\/2025\/09\/WhatsApp-Image-2025-09-28-at-22.39.15-768x432.jpeg 768w, https:\/\/agora.xtec.cat\/escolaflorestasabadell\/wp-content\/uploads\/usu478\/2025\/09\/WhatsApp-Image-2025-09-28-at-22.39.15-1536x864.jpeg 1536w\" sizes=\"auto, (max-width: 1600px) 100vw, 1600px\" \/><\/figure>\n\n\n\n<p><\/p>\n","protected":false},"excerpt":{"rendered":"<p>Sis\u00e8 ha comen\u00e7at a tota marxa! Ja han passat dues setmanes i treballem a ple rendiment. Tenim engegada la lectura del trimestre, que ens dur\u00e0 a con\u00e8ixer a l\u2019August; hem comen\u00e7at amb l\u2019\u00fas de la llengua catalana i castellana; repassem els continguts de matem\u00e0tiques de&hellip;  <a href=\"https:\/\/agora.xtec.cat\/escolaflorestasabadell\/general\/comencem-sent-els-els-reis-i-les-reines\/\" title=\"Read Comencem sent els Els reis i les reines!\">Llegeix m\u00e9s\u00bb<\/a><\/p>\n","protected":false},"author":1,"featured_media":9559,"comment_status":"open","ping_status":"open","sticky":false,"template":"","format":"standard","meta":{"_bbp_topic_count":0,"_bbp_reply_count":0,"_bbp_total_topic_count":0,"_bbp_total_reply_count":0,"_bbp_voice_count":0,"_bbp_anonymous_reply_count":0,"_bbp_topic_count_hidden":0,"_bbp_reply_count_hidden":0,"_bbp_forum_subforum_count":0,"footnotes":""},"categories":[1,4],"tags":[],"class_list":["post-9556","post","type-post","status-publish","format-standard","has-post-thumbnail","hentry","category-general","category-portada"],"post_mailing_queue_ids":[],"_links":{"self":[{"href":"https:\/\/agora.xtec.cat\/escolaflorestasabadell\/wp-json\/wp\/v2\/posts\/9556","targetHints":{"allow":["GET"]}}],"collection":[{"href":"https:\/\/agora.xtec.cat\/escolaflorestasabadell\/wp-json\/wp\/v2\/posts"}],"about":[{"href":"https:\/\/agora.xtec.cat\/escolaflorestasabadell\/wp-json\/wp\/v2\/types\/post"}],"author":[{"embeddable":true,"href":"https:\/\/agora.xtec.cat\/escolaflorestasabadell\/wp-json\/wp\/v2\/users\/1"}],"replies":[{"embeddable":true,"href":"https:\/\/agora.xtec.cat\/escolaflorestasabadell\/wp-json\/wp\/v2\/comments?post=9556"}],"version-history":[{"count":1,"href":"https:\/\/agora.xtec.cat\/escolaflorestasabadell\/wp-json\/wp\/v2\/posts\/9556\/revisions"}],"predecessor-version":[{"id":9560,"href":"https:\/\/agora.xtec.cat\/escolaflorestasabadell\/wp-json\/wp\/v2\/posts\/9556\/revisions\/9560"}],"wp:featuredmedia":[{"embeddable":true,"href":"https:\/\/agora.xtec.cat\/escolaflorestasabadell\/wp-json\/wp\/v2\/media\/9559"}],"wp:attachment":[{"href":"https:\/\/agora.xtec.cat\/escolaflorestasabadell\/wp-json\/wp\/v2\/media?parent=9556"}],"wp:term":[{"taxonomy":"category","embeddable":true,"href":"https:\/\/agora.xtec.cat\/escolaflorestasabadell\/wp-json\/wp\/v2\/categories?post=9556"},{"taxonomy":"post_tag","embeddable":true,"href":"https:\/\/agora.xtec.cat\/escolaflorestasabadell\/wp-json\/wp\/v2\/tags?post=9556"}],"curies":[{"name":"wp","href":"https:\/\/api.w.org\/{rel}","templated":true}]}}