{"id":9270,"date":"2025-03-26T11:42:16","date_gmt":"2025-03-26T10:42:16","guid":{"rendered":"https:\/\/agora.xtec.cat\/escolaflorestasabadell\/?p=9270"},"modified":"2025-05-28T16:52:12","modified_gmt":"2025-05-28T14:52:12","slug":"certamen-de-lectura-en-veu-alta","status":"publish","type":"post","link":"https:\/\/agora.xtec.cat\/escolaflorestasabadell\/portada\/certamen-de-lectura-en-veu-alta\/","title":{"rendered":"Certamen de lectura en veu alta"},"content":{"rendered":"\n<p>La Sofia Mart\u00edn, de 6\u00e8, l\u2019Alejandro Galavis, de 5\u00e8, i la Kaddy Sanneh, de 4t, han estat els representants de l\u2019escola en l\u2019edici\u00f3 d\u2019enguany del Certamen de lectura en veu alta organitzat pel Departament d\u2019Educaci\u00f3, el grup Enciclop\u00e8dia Catalana i el Servei Educatiu del Vall\u00e8s Occidental. Els tres van llegir un fragment d\u2019un llibre que l\u2019organitzaci\u00f3 havia seleccionat davant d\u2019un auditori del Casal Pere Quart ple i de les tres membres del jurat. Al finalitzar l\u2019acte, els tres van rebre un diploma i un llibre per haver participat al certamen.<\/p>\n\n\n\n<p><\/p>\n\n\n\n<figure class=\"wp-block-image\"><img loading=\"lazy\" decoding=\"async\" width=\"867\" height=\"1156\" src=\"https:\/\/agora.xtec.cat\/escolaflorestasabadell\/wp-content\/uploads\/usu478\/2025\/03\/20250314_115056-1-1.jpg\" alt=\"\" class=\"wp-image-9271\" srcset=\"https:\/\/agora.xtec.cat\/escolaflorestasabadell\/wp-content\/uploads\/usu478\/2025\/03\/20250314_115056-1-1.jpg 867w, https:\/\/agora.xtec.cat\/escolaflorestasabadell\/wp-content\/uploads\/usu478\/2025\/03\/20250314_115056-1-1-225x300.jpg 225w, https:\/\/agora.xtec.cat\/escolaflorestasabadell\/wp-content\/uploads\/usu478\/2025\/03\/20250314_115056-1-1-768x1024.jpg 768w\" sizes=\"auto, (max-width: 867px) 100vw, 867px\" \/><\/figure>\n","protected":false},"excerpt":{"rendered":"<p>La Sofia Mart\u00edn, de 6\u00e8, l\u2019Alejandro Galavis, de 5\u00e8, i la Kaddy Sanneh, de 4t, han estat els representants de l\u2019escola en l\u2019edici\u00f3 d\u2019enguany del Certamen de lectura en veu alta organitzat pel Departament d\u2019Educaci\u00f3, el grup Enciclop\u00e8dia Catalana i el Servei Educatiu del Vall\u00e8s&hellip;  <a href=\"https:\/\/agora.xtec.cat\/escolaflorestasabadell\/portada\/certamen-de-lectura-en-veu-alta\/\" title=\"Read Certamen de lectura en veu alta\">Llegeix m\u00e9s\u00bb<\/a><\/p>\n","protected":false},"author":1,"featured_media":9476,"comment_status":"open","ping_status":"open","sticky":false,"template":"","format":"standard","meta":{"_bbp_topic_count":0,"_bbp_reply_count":0,"_bbp_total_topic_count":0,"_bbp_total_reply_count":0,"_bbp_voice_count":0,"_bbp_anonymous_reply_count":0,"_bbp_topic_count_hidden":0,"_bbp_reply_count_hidden":0,"_bbp_forum_subforum_count":0,"footnotes":""},"categories":[4],"tags":[],"class_list":["post-9270","post","type-post","status-publish","format-standard","has-post-thumbnail","hentry","category-portada"],"post_mailing_queue_ids":[],"_links":{"self":[{"href":"https:\/\/agora.xtec.cat\/escolaflorestasabadell\/wp-json\/wp\/v2\/posts\/9270","targetHints":{"allow":["GET"]}}],"collection":[{"href":"https:\/\/agora.xtec.cat\/escolaflorestasabadell\/wp-json\/wp\/v2\/posts"}],"about":[{"href":"https:\/\/agora.xtec.cat\/escolaflorestasabadell\/wp-json\/wp\/v2\/types\/post"}],"author":[{"embeddable":true,"href":"https:\/\/agora.xtec.cat\/escolaflorestasabadell\/wp-json\/wp\/v2\/users\/1"}],"replies":[{"embeddable":true,"href":"https:\/\/agora.xtec.cat\/escolaflorestasabadell\/wp-json\/wp\/v2\/comments?post=9270"}],"version-history":[{"count":4,"href":"https:\/\/agora.xtec.cat\/escolaflorestasabadell\/wp-json\/wp\/v2\/posts\/9270\/revisions"}],"predecessor-version":[{"id":9456,"href":"https:\/\/agora.xtec.cat\/escolaflorestasabadell\/wp-json\/wp\/v2\/posts\/9270\/revisions\/9456"}],"wp:featuredmedia":[{"embeddable":true,"href":"https:\/\/agora.xtec.cat\/escolaflorestasabadell\/wp-json\/wp\/v2\/media\/9476"}],"wp:attachment":[{"href":"https:\/\/agora.xtec.cat\/escolaflorestasabadell\/wp-json\/wp\/v2\/media?parent=9270"}],"wp:term":[{"taxonomy":"category","embeddable":true,"href":"https:\/\/agora.xtec.cat\/escolaflorestasabadell\/wp-json\/wp\/v2\/categories?post=9270"},{"taxonomy":"post_tag","embeddable":true,"href":"https:\/\/agora.xtec.cat\/escolaflorestasabadell\/wp-json\/wp\/v2\/tags?post=9270"}],"curies":[{"name":"wp","href":"https:\/\/api.w.org\/{rel}","templated":true}]}}