{"id":8393,"date":"2024-03-06T16:07:12","date_gmt":"2024-03-06T15:07:12","guid":{"rendered":"https:\/\/agora.xtec.cat\/escolaflorestasabadell\/?p=8393"},"modified":"2024-07-09T17:34:56","modified_gmt":"2024-07-09T15:34:56","slug":"observatori-del-garraf-3r-i-4t","status":"publish","type":"post","link":"https:\/\/agora.xtec.cat\/escolaflorestasabadell\/portada\/observatori-del-garraf-3r-i-4t\/","title":{"rendered":"Observatori del Garraf &#8211; 3r i 4t"},"content":{"rendered":"<p><span class=\"TextRun Highlight SCXW85053108 BCX0\" lang=\"CA-ES\" xml:lang=\"CA-ES\" data-contrast=\"auto\"><span class=\"NormalTextRun SCXW85053108 BCX0\">Dimecres 28 de febrer, l\u2019alumnat de 3r i 4t va gaudir d\u2019una sortida a l\u2019observatori del Garraf (Olivella). Va ser una experi\u00e8ncia molt enriquidora<\/span><span class=\"NormalTextRun SCXW85053108 BCX0\">, van poder observar les estrelles, constel\u00b7lacions, el sol i fins i tot van poder imaginar-se a quina dist\u00e0ncia estan els plantes del nostre sistema<\/span><span class=\"NormalTextRun SCXW85053108 BCX0\">, <\/span><span class=\"NormalTextRun SCXW85053108 BCX0\">s\u2019ho van passar d\u2019all\u00f2 m\u00e9s b\u00e9<\/span><span class=\"NormalTextRun SCXW85053108 BCX0\">!<\/span><\/span><span class=\"EOP SCXW85053108 BCX0\" data-ccp-props=\"{&quot;201341983&quot;:0,&quot;335559739&quot;:0,&quot;335559740&quot;:276}\">\u00a0<\/span><\/p>\n\r\n\t<div class=\"slideshow_container slideshow_container_style-light\" style=\"height: 500px; \" data-slideshow-id=\"8381\" data-style-name=\"style-light\" data-style-version=\"2.3.1\" >\r\n\r\n\t\t\t\t\t<div class=\"slideshow_loading_icon\"><\/div>\r\n\t\t\r\n\t\t<div class=\"slideshow_content\" style=\"display: none;\">\r\n\r\n\t\t\t<div class=\"slideshow_view\">\r\n\t\t\t\t<div class=\"slideshow_slide slideshow_slide_image\">\r\n\t\t\t\t\t\t\t\t\t\t\t<img src=\"https:\/\/agora.xtec.cat\/escolaflorestasabadell\/wp-content\/uploads\/usu478\/2024\/03\/IMG-20240306-WA0033.jpg\" alt=\"\" width=\"1200\" height=\"1600\" \/>\r\n\t\t\t\t\t\t\t\t\t\t<div class=\"slideshow_description_box slideshow_transparent\">\r\n\t\t\t\t\t\t\t\t\t\t\t\t\t\t\t\t\t<\/div>\r\n\t\t\t\t<\/div>\r\n\r\n\t\t\t\t\t\t<div style=\"clear: both;\"><\/div><\/div><div class=\"slideshow_view\">\r\n\t\t\t\t<div class=\"slideshow_slide slideshow_slide_image\">\r\n\t\t\t\t\t\t\t\t\t\t\t<img src=\"https:\/\/agora.xtec.cat\/escolaflorestasabadell\/wp-content\/uploads\/usu478\/2024\/03\/IMG-20240306-WA0030.jpg\" alt=\"\" width=\"1200\" height=\"1600\" \/>\r\n\t\t\t\t\t\t\t\t\t\t<div class=\"slideshow_description_box slideshow_transparent\">\r\n\t\t\t\t\t\t\t\t\t\t\t\t\t\t\t\t\t<\/div>\r\n\t\t\t\t<\/div>\r\n\r\n\t\t\t\t\t\t<div style=\"clear: both;\"><\/div><\/div><div class=\"slideshow_view\">\r\n\t\t\t\t<div class=\"slideshow_slide slideshow_slide_image\">\r\n\t\t\t\t\t\t\t\t\t\t\t<img src=\"https:\/\/agora.xtec.cat\/escolaflorestasabadell\/wp-content\/uploads\/usu478\/2024\/03\/IMG-20240306-WA0015.jpg\" alt=\"\" width=\"1600\" height=\"1200\" \/>\r\n\t\t\t\t\t\t\t\t\t\t<div class=\"slideshow_description_box slideshow_transparent\">\r\n\t\t\t\t\t\t\t\t\t\t\t\t\t\t\t\t\t<\/div>\r\n\t\t\t\t<\/div>\r\n\r\n\t\t\t\t\t\t<div style=\"clear: both;\"><\/div><\/div><div class=\"slideshow_view\">\r\n\t\t\t\t<div class=\"slideshow_slide slideshow_slide_image\">\r\n\t\t\t\t\t\t\t\t\t\t\t<img src=\"https:\/\/agora.xtec.cat\/escolaflorestasabadell\/wp-content\/uploads\/usu478\/2024\/03\/IMG-20240306-WA0004.jpg\" alt=\"\" width=\"1600\" height=\"1200\" \/>\r\n\t\t\t\t\t\t\t\t\t\t<div class=\"slideshow_description_box slideshow_transparent\">\r\n\t\t\t\t\t\t\t\t\t\t\t\t\t\t\t\t\t<\/div>\r\n\t\t\t\t<\/div>\r\n\r\n\t\t\t\t\t\t<div style=\"clear: both;\"><\/div><\/div><div class=\"slideshow_view\">\r\n\t\t\t\t<div class=\"slideshow_slide slideshow_slide_image\">\r\n\t\t\t\t\t\t\t\t\t\t\t<img src=\"https:\/\/agora.xtec.cat\/escolaflorestasabadell\/wp-content\/uploads\/usu478\/2024\/03\/IMG-20240306-WA0005.jpg\" alt=\"\" width=\"1200\" height=\"1600\" \/>\r\n\t\t\t\t\t\t\t\t\t\t<div class=\"slideshow_description_box slideshow_transparent\">\r\n\t\t\t\t\t\t\t\t\t\t\t\t\t\t\t\t\t<\/div>\r\n\t\t\t\t<\/div>\r\n\r\n\t\t\t\t\t\t<div style=\"clear: both;\"><\/div><\/div><div class=\"slideshow_view\">\r\n\t\t\t\t<div class=\"slideshow_slide slideshow_slide_image\">\r\n\t\t\t\t\t\t\t\t\t\t\t<img src=\"https:\/\/agora.xtec.cat\/escolaflorestasabadell\/wp-content\/uploads\/usu478\/2024\/03\/IMG-20240306-WA0023.jpg\" alt=\"\" width=\"1600\" height=\"1200\" \/>\r\n\t\t\t\t\t\t\t\t\t\t<div class=\"slideshow_description_box slideshow_transparent\">\r\n\t\t\t\t\t\t\t\t\t\t\t\t\t\t\t\t\t<\/div>\r\n\t\t\t\t<\/div>\r\n\r\n\t\t\t\t\t\t<div style=\"clear: both;\"><\/div><\/div><div class=\"slideshow_view\">\r\n\t\t\t\t<div class=\"slideshow_slide slideshow_slide_image\">\r\n\t\t\t\t\t\t\t\t\t\t\t<img src=\"https:\/\/agora.xtec.cat\/escolaflorestasabadell\/wp-content\/uploads\/usu478\/2024\/03\/IMG-20240306-WA0019.jpg\" alt=\"\" width=\"1600\" height=\"1200\" \/>\r\n\t\t\t\t\t\t\t\t\t\t<div class=\"slideshow_description_box slideshow_transparent\">\r\n\t\t\t\t\t\t\t\t\t\t\t\t\t\t\t\t\t<\/div>\r\n\t\t\t\t<\/div>\r\n\r\n\t\t\t\t\t\t<div style=\"clear: both;\"><\/div><\/div><div class=\"slideshow_view\">\r\n\t\t\t\t<div class=\"slideshow_slide slideshow_slide_image\">\r\n\t\t\t\t\t\t\t\t\t\t\t<img src=\"https:\/\/agora.xtec.cat\/escolaflorestasabadell\/wp-content\/uploads\/usu478\/2024\/03\/IMG-20240306-WA0020.jpg\" alt=\"\" width=\"1200\" height=\"1600\" \/>\r\n\t\t\t\t\t\t\t\t\t\t<div class=\"slideshow_description_box slideshow_transparent\">\r\n\t\t\t\t\t\t\t\t\t\t\t\t\t\t\t\t\t<\/div>\r\n\t\t\t\t<\/div>\r\n\r\n\t\t\t\t\t\t<div style=\"clear: both;\"><\/div><\/div><div class=\"slideshow_view\">\r\n\t\t\t\t<div class=\"slideshow_slide slideshow_slide_image\">\r\n\t\t\t\t\t\t\t\t\t\t\t<img src=\"https:\/\/agora.xtec.cat\/escolaflorestasabadell\/wp-content\/uploads\/usu478\/2024\/03\/IMG-20240306-WA0013.jpg\" alt=\"\" width=\"1200\" height=\"1600\" \/>\r\n\t\t\t\t\t\t\t\t\t\t<div class=\"slideshow_description_box slideshow_transparent\">\r\n\t\t\t\t\t\t\t\t\t\t\t\t\t\t\t\t\t<\/div>\r\n\t\t\t\t<\/div>\r\n\r\n\t\t\t\t\t\t<div style=\"clear: both;\"><\/div><\/div><div class=\"slideshow_view\">\r\n\t\t\t\t<div class=\"slideshow_slide slideshow_slide_image\">\r\n\t\t\t\t\t\t\t\t\t\t\t<img src=\"https:\/\/agora.xtec.cat\/escolaflorestasabadell\/wp-content\/uploads\/usu478\/2024\/03\/IMG-20240306-WA0026.jpg\" alt=\"\" width=\"1600\" height=\"1200\" \/>\r\n\t\t\t\t\t\t\t\t\t\t<div class=\"slideshow_description_box slideshow_transparent\">\r\n\t\t\t\t\t\t\t\t\t\t\t\t\t\t\t\t\t<\/div>\r\n\t\t\t\t<\/div>\r\n\r\n\t\t\t\t\t\t<div style=\"clear: both;\"><\/div><\/div><div class=\"slideshow_view\">\r\n\t\t\t\t<div class=\"slideshow_slide slideshow_slide_image\">\r\n\t\t\t\t\t\t\t\t\t\t\t<img src=\"https:\/\/agora.xtec.cat\/escolaflorestasabadell\/wp-content\/uploads\/usu478\/2024\/03\/IMG-20240306-WA0008.jpg\" alt=\"\" width=\"1600\" height=\"1200\" \/>\r\n\t\t\t\t\t\t\t\t\t\t<div class=\"slideshow_description_box slideshow_transparent\">\r\n\t\t\t\t\t\t\t\t\t\t\t\t\t\t\t\t\t<\/div>\r\n\t\t\t\t<\/div>\r\n\r\n\t\t\t\t\t\t<div style=\"clear: both;\"><\/div><\/div>\r\n\t\t<\/div>\r\n\r\n\t\t<div class=\"slideshow_controlPanel slideshow_transparent\" style=\"display: none;\"><ul><li class=\"slideshow_togglePlay\" data-play-text=\"Visualitza\" data-pause-text=\"Pausa\"><\/li><\/ul><\/div>\r\n\r\n\t\t<div class=\"slideshow_button slideshow_previous slideshow_transparent\" role=\"button\" data-previous-text=\"Anterior\" style=\"display: none;\"><\/div>\r\n\t\t<div class=\"slideshow_button slideshow_next slideshow_transparent\" role=\"button\" data-next-text=\"Seg\u00fcent\" style=\"display: none;\"><\/div>\r\n\r\n\t\t<div class=\"slideshow_pagination\" style=\"display: none;\" data-go-to-text=\"V\u00e9s a la diapositiva\"><div class=\"slideshow_pagination_center\"><\/div><\/div>\r\n\r\n\t\t<!-- WordPress Slideshow Version 2.3.1 -->\r\n\r\n\t\t\t<\/div>\r\n\r\n\n<p><a href=\"https:\/\/agora.xtec.cat\/escolaflorestasabadell\/wp-content\/uploads\/usu478\/2024\/01\/POMOE-NOU-scaled.jpg\"><img loading=\"lazy\" decoding=\"async\" src=\"https:\/\/agora.xtec.cat\/escolaflorestasabadell\/wp-content\/uploads\/usu478\/2024\/01\/POMOE-NOU-1024x137.jpg\" alt=\"\" width=\"1024\" height=\"137\" class=\"alignnone size-large wp-image-8280\" srcset=\"https:\/\/agora.xtec.cat\/escolaflorestasabadell\/wp-content\/uploads\/usu478\/2024\/01\/POMOE-NOU-1024x137.jpg 1024w, https:\/\/agora.xtec.cat\/escolaflorestasabadell\/wp-content\/uploads\/usu478\/2024\/01\/POMOE-NOU-300x40.jpg 300w, https:\/\/agora.xtec.cat\/escolaflorestasabadell\/wp-content\/uploads\/usu478\/2024\/01\/POMOE-NOU-768x103.jpg 768w, https:\/\/agora.xtec.cat\/escolaflorestasabadell\/wp-content\/uploads\/usu478\/2024\/01\/POMOE-NOU-1536x205.jpg 1536w, https:\/\/agora.xtec.cat\/escolaflorestasabadell\/wp-content\/uploads\/usu478\/2024\/01\/POMOE-NOU-2048x273.jpg 2048w\" sizes=\"auto, (max-width: 1024px) 100vw, 1024px\" \/><\/a><\/p>\n","protected":false},"excerpt":{"rendered":"<p>Dimecres 28 de febrer, l\u2019alumnat de 3r i 4t va gaudir d\u2019una sortida a l\u2019observatori del Garraf (Olivella). Va ser una experi\u00e8ncia molt enriquidora, van poder observar les estrelles, constel\u00b7lacions, el sol i fins i tot van poder imaginar-se a quina dist\u00e0ncia estan els plantes&hellip;  <a href=\"https:\/\/agora.xtec.cat\/escolaflorestasabadell\/portada\/observatori-del-garraf-3r-i-4t\/\" title=\"Read Observatori del Garraf &#8211; 3r i 4t\">Llegeix m\u00e9s\u00bb<\/a><\/p>\n","protected":false},"author":1,"featured_media":8387,"comment_status":"open","ping_status":"closed","sticky":false,"template":"","format":"standard","meta":{"_bbp_topic_count":0,"_bbp_reply_count":0,"_bbp_total_topic_count":0,"_bbp_total_reply_count":0,"_bbp_voice_count":0,"_bbp_anonymous_reply_count":0,"_bbp_topic_count_hidden":0,"_bbp_reply_count_hidden":0,"_bbp_forum_subforum_count":0,"footnotes":""},"categories":[11,4],"tags":[],"class_list":["post-8393","post","type-post","status-publish","format-standard","has-post-thumbnail","hentry","category-blogciclemitja","category-portada"],"post_mailing_queue_ids":[],"_links":{"self":[{"href":"https:\/\/agora.xtec.cat\/escolaflorestasabadell\/wp-json\/wp\/v2\/posts\/8393","targetHints":{"allow":["GET"]}}],"collection":[{"href":"https:\/\/agora.xtec.cat\/escolaflorestasabadell\/wp-json\/wp\/v2\/posts"}],"about":[{"href":"https:\/\/agora.xtec.cat\/escolaflorestasabadell\/wp-json\/wp\/v2\/types\/post"}],"author":[{"embeddable":true,"href":"https:\/\/agora.xtec.cat\/escolaflorestasabadell\/wp-json\/wp\/v2\/users\/1"}],"replies":[{"embeddable":true,"href":"https:\/\/agora.xtec.cat\/escolaflorestasabadell\/wp-json\/wp\/v2\/comments?post=8393"}],"version-history":[{"count":2,"href":"https:\/\/agora.xtec.cat\/escolaflorestasabadell\/wp-json\/wp\/v2\/posts\/8393\/revisions"}],"predecessor-version":[{"id":8664,"href":"https:\/\/agora.xtec.cat\/escolaflorestasabadell\/wp-json\/wp\/v2\/posts\/8393\/revisions\/8664"}],"wp:featuredmedia":[{"embeddable":true,"href":"https:\/\/agora.xtec.cat\/escolaflorestasabadell\/wp-json\/wp\/v2\/media\/8387"}],"wp:attachment":[{"href":"https:\/\/agora.xtec.cat\/escolaflorestasabadell\/wp-json\/wp\/v2\/media?parent=8393"}],"wp:term":[{"taxonomy":"category","embeddable":true,"href":"https:\/\/agora.xtec.cat\/escolaflorestasabadell\/wp-json\/wp\/v2\/categories?post=8393"},{"taxonomy":"post_tag","embeddable":true,"href":"https:\/\/agora.xtec.cat\/escolaflorestasabadell\/wp-json\/wp\/v2\/tags?post=8393"}],"curies":[{"name":"wp","href":"https:\/\/api.w.org\/{rel}","templated":true}]}}