{"id":5698,"date":"2021-09-22T09:32:49","date_gmt":"2021-09-22T07:32:49","guid":{"rendered":"https:\/\/agora.xtec.cat\/escolaflorestasabadell\/?p=5698"},"modified":"2021-09-24T09:38:34","modified_gmt":"2021-09-24T07:38:34","slug":"reunions-dinici-de-curs-2021-2022","status":"publish","type":"post","link":"https:\/\/agora.xtec.cat\/escolaflorestasabadell\/general\/reunions-dinici-de-curs-2021-2022\/","title":{"rendered":"Reunions de pares d&#8217;inici de curs 2021-2022"},"content":{"rendered":"<div>Les reunions d&#8217;inici de curs seran de forma presencial respectant el nombre de persones autoritzades (10 com a m\u00e0xim), es faran dos grups en cas que calgui.<\/div>\n<div><\/div>\n<div>Les dates seran les seg\u00fcents:<\/div>\n<div><\/div>\n<div><\/div>\n<div>\n<table style=\"border-collapse: collapse; width: 100%;\">\n<tbody>\n<tr>\n<td style=\"width: 50%; text-align: center;\"><strong>P3- P4- P5<\/strong><\/td>\n<td style=\"width: 50%; text-align: center;\"><strong>dilluns 27 de setembre<\/strong><\/td>\n<\/tr>\n<tr>\n<td style=\"width: 50%; text-align: center;\"><strong>1r i 2n<\/strong><\/td>\n<td style=\"width: 50%; text-align: center;\"><strong>Dimarts 28 de setembre<\/strong><\/td>\n<\/tr>\n<tr>\n<td style=\"width: 50%; text-align: center;\"><strong>3r i 4t<\/strong><\/td>\n<td style=\"width: 50%; text-align: center;\"><strong>Dimecres 29 de setembre<\/strong><\/td>\n<\/tr>\n<tr>\n<td style=\"width: 50%; text-align: center;\"><strong>5\u00e8- 6\u00e8 A- 6\u00e8 B<\/strong><\/td>\n<td style=\"width: 50%; text-align: center;\"><strong>Dijous 30 de setembre<\/strong><\/td>\n<\/tr>\n<\/tbody>\n<\/table>\n<\/div>\n<div><\/div>\n<div><\/div>\n","protected":false},"excerpt":{"rendered":"<p>Les reunions d&#8217;inici de curs seran de forma presencial respectant el nombre de persones autoritzades (10 com a m\u00e0xim), es faran dos grups en cas que calgui.<\/p>\n<p>Les dates seran les seg\u00fcents:<\/p>\n<p>P3- P4- P5<br \/>\ndilluns 27 de setembre<\/p>\n<p>1r i 2n<br \/>\nDimarts 28 de setembre<\/p>\n<p>3r i 4t<br \/>\nDimecres 29 de&hellip;  <a href=\"https:\/\/agora.xtec.cat\/escolaflorestasabadell\/general\/reunions-dinici-de-curs-2021-2022\/\" title=\"Read Reunions de pares d&#8217;inici de curs 2021-2022\">Llegeix m\u00e9s\u00bb<\/a><\/p>\n","protected":false},"author":1,"featured_media":5700,"comment_status":"closed","ping_status":"closed","sticky":false,"template":"","format":"standard","meta":{"_bbp_topic_count":0,"_bbp_reply_count":0,"_bbp_total_topic_count":0,"_bbp_total_reply_count":0,"_bbp_voice_count":0,"_bbp_anonymous_reply_count":0,"_bbp_topic_count_hidden":0,"_bbp_reply_count_hidden":0,"_bbp_forum_subforum_count":0,"footnotes":""},"categories":[10,11,22,34,1,4],"tags":[],"class_list":["post-5698","post","type-post","status-publish","format-standard","has-post-thumbnail","hentry","category-blogcicleinicial","category-blogciclemitja","category-blocciclesuperior","category-ed-infantil","category-general","category-portada"],"post_mailing_queue_ids":[],"_links":{"self":[{"href":"https:\/\/agora.xtec.cat\/escolaflorestasabadell\/wp-json\/wp\/v2\/posts\/5698","targetHints":{"allow":["GET"]}}],"collection":[{"href":"https:\/\/agora.xtec.cat\/escolaflorestasabadell\/wp-json\/wp\/v2\/posts"}],"about":[{"href":"https:\/\/agora.xtec.cat\/escolaflorestasabadell\/wp-json\/wp\/v2\/types\/post"}],"author":[{"embeddable":true,"href":"https:\/\/agora.xtec.cat\/escolaflorestasabadell\/wp-json\/wp\/v2\/users\/1"}],"replies":[{"embeddable":true,"href":"https:\/\/agora.xtec.cat\/escolaflorestasabadell\/wp-json\/wp\/v2\/comments?post=5698"}],"version-history":[{"count":3,"href":"https:\/\/agora.xtec.cat\/escolaflorestasabadell\/wp-json\/wp\/v2\/posts\/5698\/revisions"}],"predecessor-version":[{"id":5702,"href":"https:\/\/agora.xtec.cat\/escolaflorestasabadell\/wp-json\/wp\/v2\/posts\/5698\/revisions\/5702"}],"wp:featuredmedia":[{"embeddable":true,"href":"https:\/\/agora.xtec.cat\/escolaflorestasabadell\/wp-json\/wp\/v2\/media\/5700"}],"wp:attachment":[{"href":"https:\/\/agora.xtec.cat\/escolaflorestasabadell\/wp-json\/wp\/v2\/media?parent=5698"}],"wp:term":[{"taxonomy":"category","embeddable":true,"href":"https:\/\/agora.xtec.cat\/escolaflorestasabadell\/wp-json\/wp\/v2\/categories?post=5698"},{"taxonomy":"post_tag","embeddable":true,"href":"https:\/\/agora.xtec.cat\/escolaflorestasabadell\/wp-json\/wp\/v2\/tags?post=5698"}],"curies":[{"name":"wp","href":"https:\/\/api.w.org\/{rel}","templated":true}]}}