{"id":4463,"date":"2020-01-21T11:29:51","date_gmt":"2020-01-21T10:29:51","guid":{"rendered":"http:\/\/agora.xtec.cat\/escolaflorestasabadell\/?p=4463"},"modified":"2021-09-23T12:22:03","modified_gmt":"2021-09-23T10:22:03","slug":"taller-dhigiene-dental-a-p5","status":"publish","type":"post","link":"https:\/\/agora.xtec.cat\/escolaflorestasabadell\/portada\/taller-dhigiene-dental-a-p5\/","title":{"rendered":"Taller d&#8217;higiene dental a P5."},"content":{"rendered":"<p>Estem seguint un programa d&#8217;innovaci\u00f3 que es diu Programa Salut Integral, i estem molt interessats en millorar els nostres h\u00e0bits de salut. Per aix\u00f2, avui hem rebut la visita de la infermera i dentista del CAP Nord, per realitzar un taller d&#8217;higiene dental als alumnes de P5.<\/p>\n<p>Ens han ensenyat com \u00e9s una boca per dins i la import\u00e0ncia de tenir cura de les nostres dents, menjant s\u00e0 i rentant-les despr\u00e9s de cada \u00e0pat.<\/p>\n<p>Us deixem veure aquestes fotografies de la sessi\u00f3. Esperem que us agradi!<\/p>\n<p><img loading=\"lazy\" decoding=\"async\" class=\"alignleft size-medium wp-image-4465\" src=\"https:\/\/agora.xtec.cat\/escolaflorestasabadell\/wp-content\/uploads\/usu478\/2020\/01\/WhatsApp-Image-2020-01-20-at-19.32.55-300x169.jpeg\" alt=\"\" width=\"300\" height=\"169\" srcset=\"https:\/\/agora.xtec.cat\/escolaflorestasabadell\/wp-content\/uploads\/usu478\/2020\/01\/WhatsApp-Image-2020-01-20-at-19.32.55-300x169.jpeg 300w, https:\/\/agora.xtec.cat\/escolaflorestasabadell\/wp-content\/uploads\/usu478\/2020\/01\/WhatsApp-Image-2020-01-20-at-19.32.55-768x432.jpeg 768w, https:\/\/agora.xtec.cat\/escolaflorestasabadell\/wp-content\/uploads\/usu478\/2020\/01\/WhatsApp-Image-2020-01-20-at-19.32.55-1024x576.jpeg 1024w, https:\/\/agora.xtec.cat\/escolaflorestasabadell\/wp-content\/uploads\/usu478\/2020\/01\/WhatsApp-Image-2020-01-20-at-19.32.55.jpeg 1599w\" sizes=\"auto, (max-width: 300px) 100vw, 300px\" \/> <img loading=\"lazy\" decoding=\"async\" class=\"alignleft size-medium wp-image-4466\" src=\"https:\/\/agora.xtec.cat\/escolaflorestasabadell\/wp-content\/uploads\/usu478\/2020\/01\/WhatsApp-Image-2020-01-20-at-19.32.561-300x169.jpeg\" alt=\"\" width=\"300\" height=\"169\" srcset=\"https:\/\/agora.xtec.cat\/escolaflorestasabadell\/wp-content\/uploads\/usu478\/2020\/01\/WhatsApp-Image-2020-01-20-at-19.32.561-300x169.jpeg 300w, https:\/\/agora.xtec.cat\/escolaflorestasabadell\/wp-content\/uploads\/usu478\/2020\/01\/WhatsApp-Image-2020-01-20-at-19.32.561-768x432.jpeg 768w, https:\/\/agora.xtec.cat\/escolaflorestasabadell\/wp-content\/uploads\/usu478\/2020\/01\/WhatsApp-Image-2020-01-20-at-19.32.561-1024x576.jpeg 1024w, https:\/\/agora.xtec.cat\/escolaflorestasabadell\/wp-content\/uploads\/usu478\/2020\/01\/WhatsApp-Image-2020-01-20-at-19.32.561.jpeg 1599w\" sizes=\"auto, (max-width: 300px) 100vw, 300px\" \/> <img loading=\"lazy\" decoding=\"async\" class=\"alignleft size-medium wp-image-4467\" src=\"https:\/\/agora.xtec.cat\/escolaflorestasabadell\/wp-content\/uploads\/usu478\/2020\/01\/WhatsApp-Image-2020-01-20-at-19.32.562-300x169.jpeg\" alt=\"\" width=\"300\" height=\"169\" srcset=\"https:\/\/agora.xtec.cat\/escolaflorestasabadell\/wp-content\/uploads\/usu478\/2020\/01\/WhatsApp-Image-2020-01-20-at-19.32.562-300x169.jpeg 300w, https:\/\/agora.xtec.cat\/escolaflorestasabadell\/wp-content\/uploads\/usu478\/2020\/01\/WhatsApp-Image-2020-01-20-at-19.32.562-768x432.jpeg 768w, https:\/\/agora.xtec.cat\/escolaflorestasabadell\/wp-content\/uploads\/usu478\/2020\/01\/WhatsApp-Image-2020-01-20-at-19.32.562-1024x576.jpeg 1024w, https:\/\/agora.xtec.cat\/escolaflorestasabadell\/wp-content\/uploads\/usu478\/2020\/01\/WhatsApp-Image-2020-01-20-at-19.32.562.jpeg 1599w\" sizes=\"auto, (max-width: 300px) 100vw, 300px\" \/> <img loading=\"lazy\" decoding=\"async\" class=\"alignleft size-medium wp-image-4468\" src=\"https:\/\/agora.xtec.cat\/escolaflorestasabadell\/wp-content\/uploads\/usu478\/2020\/01\/WhatsApp-Image-2020-01-20-at-19.32.563-300x169.jpeg\" alt=\"\" width=\"300\" height=\"169\" srcset=\"https:\/\/agora.xtec.cat\/escolaflorestasabadell\/wp-content\/uploads\/usu478\/2020\/01\/WhatsApp-Image-2020-01-20-at-19.32.563-300x169.jpeg 300w, https:\/\/agora.xtec.cat\/escolaflorestasabadell\/wp-content\/uploads\/usu478\/2020\/01\/WhatsApp-Image-2020-01-20-at-19.32.563-768x432.jpeg 768w, https:\/\/agora.xtec.cat\/escolaflorestasabadell\/wp-content\/uploads\/usu478\/2020\/01\/WhatsApp-Image-2020-01-20-at-19.32.563-1024x576.jpeg 1024w, https:\/\/agora.xtec.cat\/escolaflorestasabadell\/wp-content\/uploads\/usu478\/2020\/01\/WhatsApp-Image-2020-01-20-at-19.32.563.jpeg 1599w\" sizes=\"auto, (max-width: 300px) 100vw, 300px\" \/> <img loading=\"lazy\" decoding=\"async\" class=\"alignleft size-medium wp-image-4469\" src=\"https:\/\/agora.xtec.cat\/escolaflorestasabadell\/wp-content\/uploads\/usu478\/2020\/01\/WhatsApp-Image-2020-01-20-at-19.32.56-300x169.jpeg\" alt=\"\" width=\"300\" height=\"169\" srcset=\"https:\/\/agora.xtec.cat\/escolaflorestasabadell\/wp-content\/uploads\/usu478\/2020\/01\/WhatsApp-Image-2020-01-20-at-19.32.56-300x169.jpeg 300w, https:\/\/agora.xtec.cat\/escolaflorestasabadell\/wp-content\/uploads\/usu478\/2020\/01\/WhatsApp-Image-2020-01-20-at-19.32.56-768x432.jpeg 768w, https:\/\/agora.xtec.cat\/escolaflorestasabadell\/wp-content\/uploads\/usu478\/2020\/01\/WhatsApp-Image-2020-01-20-at-19.32.56-1024x576.jpeg 1024w, https:\/\/agora.xtec.cat\/escolaflorestasabadell\/wp-content\/uploads\/usu478\/2020\/01\/WhatsApp-Image-2020-01-20-at-19.32.56.jpeg 1599w\" sizes=\"auto, (max-width: 300px) 100vw, 300px\" \/> <img loading=\"lazy\" decoding=\"async\" class=\"alignleft size-medium wp-image-4470\" src=\"https:\/\/agora.xtec.cat\/escolaflorestasabadell\/wp-content\/uploads\/usu478\/2020\/01\/WhatsApp-Image-2020-01-20-at-19.32.571-300x169.jpeg\" alt=\"\" width=\"300\" height=\"169\" srcset=\"https:\/\/agora.xtec.cat\/escolaflorestasabadell\/wp-content\/uploads\/usu478\/2020\/01\/WhatsApp-Image-2020-01-20-at-19.32.571-300x169.jpeg 300w, https:\/\/agora.xtec.cat\/escolaflorestasabadell\/wp-content\/uploads\/usu478\/2020\/01\/WhatsApp-Image-2020-01-20-at-19.32.571-768x432.jpeg 768w, https:\/\/agora.xtec.cat\/escolaflorestasabadell\/wp-content\/uploads\/usu478\/2020\/01\/WhatsApp-Image-2020-01-20-at-19.32.571-1024x576.jpeg 1024w, https:\/\/agora.xtec.cat\/escolaflorestasabadell\/wp-content\/uploads\/usu478\/2020\/01\/WhatsApp-Image-2020-01-20-at-19.32.571.jpeg 1599w\" sizes=\"auto, (max-width: 300px) 100vw, 300px\" \/> <img loading=\"lazy\" decoding=\"async\" class=\"alignleft size-medium wp-image-4471\" src=\"https:\/\/agora.xtec.cat\/escolaflorestasabadell\/wp-content\/uploads\/usu478\/2020\/01\/WhatsApp-Image-2020-01-20-at-19.32.572-300x169.jpeg\" alt=\"\" width=\"300\" height=\"169\" srcset=\"https:\/\/agora.xtec.cat\/escolaflorestasabadell\/wp-content\/uploads\/usu478\/2020\/01\/WhatsApp-Image-2020-01-20-at-19.32.572-300x169.jpeg 300w, https:\/\/agora.xtec.cat\/escolaflorestasabadell\/wp-content\/uploads\/usu478\/2020\/01\/WhatsApp-Image-2020-01-20-at-19.32.572-768x432.jpeg 768w, https:\/\/agora.xtec.cat\/escolaflorestasabadell\/wp-content\/uploads\/usu478\/2020\/01\/WhatsApp-Image-2020-01-20-at-19.32.572-1024x576.jpeg 1024w, https:\/\/agora.xtec.cat\/escolaflorestasabadell\/wp-content\/uploads\/usu478\/2020\/01\/WhatsApp-Image-2020-01-20-at-19.32.572.jpeg 1599w\" sizes=\"auto, (max-width: 300px) 100vw, 300px\" \/> <img loading=\"lazy\" decoding=\"async\" class=\"alignleft size-medium wp-image-4472\" src=\"https:\/\/agora.xtec.cat\/escolaflorestasabadell\/wp-content\/uploads\/usu478\/2020\/01\/WhatsApp-Image-2020-01-20-at-19.32.57-300x169.jpeg\" alt=\"\" width=\"300\" height=\"169\" srcset=\"https:\/\/agora.xtec.cat\/escolaflorestasabadell\/wp-content\/uploads\/usu478\/2020\/01\/WhatsApp-Image-2020-01-20-at-19.32.57-300x169.jpeg 300w, https:\/\/agora.xtec.cat\/escolaflorestasabadell\/wp-content\/uploads\/usu478\/2020\/01\/WhatsApp-Image-2020-01-20-at-19.32.57-768x432.jpeg 768w, https:\/\/agora.xtec.cat\/escolaflorestasabadell\/wp-content\/uploads\/usu478\/2020\/01\/WhatsApp-Image-2020-01-20-at-19.32.57-1024x576.jpeg 1024w, https:\/\/agora.xtec.cat\/escolaflorestasabadell\/wp-content\/uploads\/usu478\/2020\/01\/WhatsApp-Image-2020-01-20-at-19.32.57.jpeg 1600w\" sizes=\"auto, (max-width: 300px) 100vw, 300px\" \/><\/p>\n<p>&nbsp;<\/p>\n<p>&nbsp;<\/p>\n","protected":false},"excerpt":{"rendered":"<p>Estem seguint un programa d&#8217;innovaci\u00f3 que es diu Programa Salut Integral, i estem molt interessats en millorar els nostres h\u00e0bits de salut. Per aix\u00f2, avui hem rebut la visita de la infermera i dentista del CAP Nord, per realitzar un taller d&#8217;higiene dental als alumnes&hellip;  <a href=\"https:\/\/agora.xtec.cat\/escolaflorestasabadell\/portada\/taller-dhigiene-dental-a-p5\/\" title=\"Read Taller d&#8217;higiene dental a P5.\">Llegeix m\u00e9s\u00bb<\/a><\/p>\n","protected":false},"author":11,"featured_media":4470,"comment_status":"open","ping_status":"closed","sticky":false,"template":"","format":"standard","meta":{"_bbp_topic_count":0,"_bbp_reply_count":0,"_bbp_total_topic_count":0,"_bbp_total_reply_count":0,"_bbp_voice_count":0,"_bbp_anonymous_reply_count":0,"_bbp_topic_count_hidden":0,"_bbp_reply_count_hidden":0,"_bbp_forum_subforum_count":0,"footnotes":""},"categories":[34,4],"tags":[],"class_list":["post-4463","post","type-post","status-publish","format-standard","has-post-thumbnail","hentry","category-ed-infantil","category-portada"],"post_mailing_queue_ids":[],"_links":{"self":[{"href":"https:\/\/agora.xtec.cat\/escolaflorestasabadell\/wp-json\/wp\/v2\/posts\/4463","targetHints":{"allow":["GET"]}}],"collection":[{"href":"https:\/\/agora.xtec.cat\/escolaflorestasabadell\/wp-json\/wp\/v2\/posts"}],"about":[{"href":"https:\/\/agora.xtec.cat\/escolaflorestasabadell\/wp-json\/wp\/v2\/types\/post"}],"author":[{"embeddable":true,"href":"https:\/\/agora.xtec.cat\/escolaflorestasabadell\/wp-json\/wp\/v2\/users\/11"}],"replies":[{"embeddable":true,"href":"https:\/\/agora.xtec.cat\/escolaflorestasabadell\/wp-json\/wp\/v2\/comments?post=4463"}],"version-history":[{"count":4,"href":"https:\/\/agora.xtec.cat\/escolaflorestasabadell\/wp-json\/wp\/v2\/posts\/4463\/revisions"}],"predecessor-version":[{"id":5691,"href":"https:\/\/agora.xtec.cat\/escolaflorestasabadell\/wp-json\/wp\/v2\/posts\/4463\/revisions\/5691"}],"wp:featuredmedia":[{"embeddable":true,"href":"https:\/\/agora.xtec.cat\/escolaflorestasabadell\/wp-json\/wp\/v2\/media\/4470"}],"wp:attachment":[{"href":"https:\/\/agora.xtec.cat\/escolaflorestasabadell\/wp-json\/wp\/v2\/media?parent=4463"}],"wp:term":[{"taxonomy":"category","embeddable":true,"href":"https:\/\/agora.xtec.cat\/escolaflorestasabadell\/wp-json\/wp\/v2\/categories?post=4463"},{"taxonomy":"post_tag","embeddable":true,"href":"https:\/\/agora.xtec.cat\/escolaflorestasabadell\/wp-json\/wp\/v2\/tags?post=4463"}],"curies":[{"name":"wp","href":"https:\/\/api.w.org\/{rel}","templated":true}]}}