{"id":4140,"date":"2019-11-04T15:26:06","date_gmt":"2019-11-04T14:26:06","guid":{"rendered":"http:\/\/agora.xtec.cat\/escolaflorestasabadell\/?p=4140"},"modified":"2021-09-23T12:26:46","modified_gmt":"2021-09-23T10:26:46","slug":"els-pares-ens-preparen-un-tastet-de-fruites-de-tardor","status":"publish","type":"post","link":"https:\/\/agora.xtec.cat\/escolaflorestasabadell\/general\/els-pares-ens-preparen-un-tastet-de-fruites-de-tardor\/","title":{"rendered":"ELS PARES ENS PREPAREN UN TASTET DE FRUITES DE TARDOR!!!"},"content":{"rendered":"<p>El dimecres 30 d&#8217;octubre, a l&#8217;hora del pati, <span style=\"font-family: inherit; font-size: 1em;\">pares, mares, avis i tiets ens van venir a portar fruita tallada, per esmorzar.<\/span><\/p>\n<p>Ens ha agradat molt tastar totes les fruites que ens heu portat, i ha sigut molt divertit que ens enganx\u00e9ssiu adhesius per cada fruita tastada. N&#8217;hem fet una bona col\u00b7lecci\u00f3!!!<\/p>\n<p>El tastet de fruita ha sigut un \u00e8xit&#8230; Moltes gr\u00e0cies per cuidar-nos tant b\u00e9!<\/p>\n<p><img loading=\"lazy\" decoding=\"async\" class=\"alignleft size-medium wp-image-4232\" src=\"https:\/\/agora.xtec.cat\/escolaflorestasabadell\/wp-content\/uploads\/usu478\/2019\/11\/WhatsApp-Image-2019-10-30-at-12.04.31-300x169.jpeg\" alt=\"\" width=\"300\" height=\"169\" srcset=\"https:\/\/agora.xtec.cat\/escolaflorestasabadell\/wp-content\/uploads\/usu478\/2019\/11\/WhatsApp-Image-2019-10-30-at-12.04.31-300x169.jpeg 300w, https:\/\/agora.xtec.cat\/escolaflorestasabadell\/wp-content\/uploads\/usu478\/2019\/11\/WhatsApp-Image-2019-10-30-at-12.04.31-768x432.jpeg 768w, https:\/\/agora.xtec.cat\/escolaflorestasabadell\/wp-content\/uploads\/usu478\/2019\/11\/WhatsApp-Image-2019-10-30-at-12.04.31-1024x576.jpeg 1024w, https:\/\/agora.xtec.cat\/escolaflorestasabadell\/wp-content\/uploads\/usu478\/2019\/11\/WhatsApp-Image-2019-10-30-at-12.04.31.jpeg 1600w\" sizes=\"auto, (max-width: 300px) 100vw, 300px\" \/> <img loading=\"lazy\" decoding=\"async\" class=\"alignleft size-medium wp-image-4233\" src=\"https:\/\/agora.xtec.cat\/escolaflorestasabadell\/wp-content\/uploads\/usu478\/2019\/11\/WhatsApp-Image-2019-10-30-at-12.04.321-300x169.jpeg\" alt=\"\" width=\"300\" height=\"169\" srcset=\"https:\/\/agora.xtec.cat\/escolaflorestasabadell\/wp-content\/uploads\/usu478\/2019\/11\/WhatsApp-Image-2019-10-30-at-12.04.321-300x169.jpeg 300w, https:\/\/agora.xtec.cat\/escolaflorestasabadell\/wp-content\/uploads\/usu478\/2019\/11\/WhatsApp-Image-2019-10-30-at-12.04.321-768x432.jpeg 768w, https:\/\/agora.xtec.cat\/escolaflorestasabadell\/wp-content\/uploads\/usu478\/2019\/11\/WhatsApp-Image-2019-10-30-at-12.04.321-1024x576.jpeg 1024w, https:\/\/agora.xtec.cat\/escolaflorestasabadell\/wp-content\/uploads\/usu478\/2019\/11\/WhatsApp-Image-2019-10-30-at-12.04.321.jpeg 1600w\" sizes=\"auto, (max-width: 300px) 100vw, 300px\" \/> <img loading=\"lazy\" decoding=\"async\" class=\"alignleft size-medium wp-image-4234\" src=\"https:\/\/agora.xtec.cat\/escolaflorestasabadell\/wp-content\/uploads\/usu478\/2019\/11\/WhatsApp-Image-2019-10-30-at-12.04.32-300x169.jpeg\" alt=\"\" width=\"300\" height=\"169\" srcset=\"https:\/\/agora.xtec.cat\/escolaflorestasabadell\/wp-content\/uploads\/usu478\/2019\/11\/WhatsApp-Image-2019-10-30-at-12.04.32-300x169.jpeg 300w, https:\/\/agora.xtec.cat\/escolaflorestasabadell\/wp-content\/uploads\/usu478\/2019\/11\/WhatsApp-Image-2019-10-30-at-12.04.32-768x432.jpeg 768w, https:\/\/agora.xtec.cat\/escolaflorestasabadell\/wp-content\/uploads\/usu478\/2019\/11\/WhatsApp-Image-2019-10-30-at-12.04.32-1024x576.jpeg 1024w, https:\/\/agora.xtec.cat\/escolaflorestasabadell\/wp-content\/uploads\/usu478\/2019\/11\/WhatsApp-Image-2019-10-30-at-12.04.32.jpeg 1600w\" sizes=\"auto, (max-width: 300px) 100vw, 300px\" \/> <img loading=\"lazy\" decoding=\"async\" class=\"alignleft size-medium wp-image-4235\" src=\"https:\/\/agora.xtec.cat\/escolaflorestasabadell\/wp-content\/uploads\/usu478\/2019\/11\/WhatsApp-Image-2019-10-30-at-12.04.35-300x169.jpeg\" alt=\"\" width=\"300\" height=\"169\" srcset=\"https:\/\/agora.xtec.cat\/escolaflorestasabadell\/wp-content\/uploads\/usu478\/2019\/11\/WhatsApp-Image-2019-10-30-at-12.04.35-300x169.jpeg 300w, https:\/\/agora.xtec.cat\/escolaflorestasabadell\/wp-content\/uploads\/usu478\/2019\/11\/WhatsApp-Image-2019-10-30-at-12.04.35-768x432.jpeg 768w, https:\/\/agora.xtec.cat\/escolaflorestasabadell\/wp-content\/uploads\/usu478\/2019\/11\/WhatsApp-Image-2019-10-30-at-12.04.35-1024x576.jpeg 1024w, https:\/\/agora.xtec.cat\/escolaflorestasabadell\/wp-content\/uploads\/usu478\/2019\/11\/WhatsApp-Image-2019-10-30-at-12.04.35.jpeg 1600w\" sizes=\"auto, (max-width: 300px) 100vw, 300px\" \/> <img loading=\"lazy\" decoding=\"async\" class=\"alignleft size-medium wp-image-4236\" src=\"https:\/\/agora.xtec.cat\/escolaflorestasabadell\/wp-content\/uploads\/usu478\/2019\/11\/WhatsApp-Image-2019-10-30-at-12.04.37-300x169.jpeg\" alt=\"\" width=\"300\" height=\"169\" srcset=\"https:\/\/agora.xtec.cat\/escolaflorestasabadell\/wp-content\/uploads\/usu478\/2019\/11\/WhatsApp-Image-2019-10-30-at-12.04.37-300x169.jpeg 300w, https:\/\/agora.xtec.cat\/escolaflorestasabadell\/wp-content\/uploads\/usu478\/2019\/11\/WhatsApp-Image-2019-10-30-at-12.04.37-768x432.jpeg 768w, https:\/\/agora.xtec.cat\/escolaflorestasabadell\/wp-content\/uploads\/usu478\/2019\/11\/WhatsApp-Image-2019-10-30-at-12.04.37-1024x576.jpeg 1024w, https:\/\/agora.xtec.cat\/escolaflorestasabadell\/wp-content\/uploads\/usu478\/2019\/11\/WhatsApp-Image-2019-10-30-at-12.04.37.jpeg 1600w\" sizes=\"auto, (max-width: 300px) 100vw, 300px\" \/> <img loading=\"lazy\" decoding=\"async\" class=\"alignleft size-medium wp-image-4237\" src=\"https:\/\/agora.xtec.cat\/escolaflorestasabadell\/wp-content\/uploads\/usu478\/2019\/11\/WhatsApp-Image-2019-10-30-at-12.04.38-300x169.jpeg\" alt=\"\" width=\"300\" height=\"169\" srcset=\"https:\/\/agora.xtec.cat\/escolaflorestasabadell\/wp-content\/uploads\/usu478\/2019\/11\/WhatsApp-Image-2019-10-30-at-12.04.38-300x169.jpeg 300w, https:\/\/agora.xtec.cat\/escolaflorestasabadell\/wp-content\/uploads\/usu478\/2019\/11\/WhatsApp-Image-2019-10-30-at-12.04.38-768x432.jpeg 768w, https:\/\/agora.xtec.cat\/escolaflorestasabadell\/wp-content\/uploads\/usu478\/2019\/11\/WhatsApp-Image-2019-10-30-at-12.04.38-1024x576.jpeg 1024w, https:\/\/agora.xtec.cat\/escolaflorestasabadell\/wp-content\/uploads\/usu478\/2019\/11\/WhatsApp-Image-2019-10-30-at-12.04.38.jpeg 1600w\" sizes=\"auto, (max-width: 300px) 100vw, 300px\" \/> <img loading=\"lazy\" decoding=\"async\" class=\"alignleft size-medium wp-image-4238\" src=\"https:\/\/agora.xtec.cat\/escolaflorestasabadell\/wp-content\/uploads\/usu478\/2019\/11\/WhatsApp-Image-2019-10-30-at-12.04.41-300x169.jpeg\" alt=\"\" width=\"300\" height=\"169\" srcset=\"https:\/\/agora.xtec.cat\/escolaflorestasabadell\/wp-content\/uploads\/usu478\/2019\/11\/WhatsApp-Image-2019-10-30-at-12.04.41-300x169.jpeg 300w, https:\/\/agora.xtec.cat\/escolaflorestasabadell\/wp-content\/uploads\/usu478\/2019\/11\/WhatsApp-Image-2019-10-30-at-12.04.41-768x432.jpeg 768w, https:\/\/agora.xtec.cat\/escolaflorestasabadell\/wp-content\/uploads\/usu478\/2019\/11\/WhatsApp-Image-2019-10-30-at-12.04.41-1024x576.jpeg 1024w, https:\/\/agora.xtec.cat\/escolaflorestasabadell\/wp-content\/uploads\/usu478\/2019\/11\/WhatsApp-Image-2019-10-30-at-12.04.41.jpeg 1600w\" sizes=\"auto, (max-width: 300px) 100vw, 300px\" \/> <img loading=\"lazy\" decoding=\"async\" class=\"alignleft size-medium wp-image-4239\" src=\"https:\/\/agora.xtec.cat\/escolaflorestasabadell\/wp-content\/uploads\/usu478\/2019\/11\/WhatsApp-Image-2019-11-04-at-12.39.55-300x169.jpeg\" alt=\"\" width=\"300\" height=\"169\" srcset=\"https:\/\/agora.xtec.cat\/escolaflorestasabadell\/wp-content\/uploads\/usu478\/2019\/11\/WhatsApp-Image-2019-11-04-at-12.39.55-300x169.jpeg 300w, https:\/\/agora.xtec.cat\/escolaflorestasabadell\/wp-content\/uploads\/usu478\/2019\/11\/WhatsApp-Image-2019-11-04-at-12.39.55-768x432.jpeg 768w, https:\/\/agora.xtec.cat\/escolaflorestasabadell\/wp-content\/uploads\/usu478\/2019\/11\/WhatsApp-Image-2019-11-04-at-12.39.55-1024x576.jpeg 1024w, https:\/\/agora.xtec.cat\/escolaflorestasabadell\/wp-content\/uploads\/usu478\/2019\/11\/WhatsApp-Image-2019-11-04-at-12.39.55.jpeg 2048w\" sizes=\"auto, (max-width: 300px) 100vw, 300px\" \/> <img loading=\"lazy\" decoding=\"async\" class=\"alignleft size-medium wp-image-4240\" src=\"https:\/\/agora.xtec.cat\/escolaflorestasabadell\/wp-content\/uploads\/usu478\/2019\/11\/WhatsApp-Image-2019-11-04-at-12.39.56-300x169.jpeg\" alt=\"\" width=\"300\" height=\"169\" srcset=\"https:\/\/agora.xtec.cat\/escolaflorestasabadell\/wp-content\/uploads\/usu478\/2019\/11\/WhatsApp-Image-2019-11-04-at-12.39.56-300x169.jpeg 300w, https:\/\/agora.xtec.cat\/escolaflorestasabadell\/wp-content\/uploads\/usu478\/2019\/11\/WhatsApp-Image-2019-11-04-at-12.39.56-768x432.jpeg 768w, https:\/\/agora.xtec.cat\/escolaflorestasabadell\/wp-content\/uploads\/usu478\/2019\/11\/WhatsApp-Image-2019-11-04-at-12.39.56-1024x576.jpeg 1024w, https:\/\/agora.xtec.cat\/escolaflorestasabadell\/wp-content\/uploads\/usu478\/2019\/11\/WhatsApp-Image-2019-11-04-at-12.39.56.jpeg 1632w\" sizes=\"auto, (max-width: 300px) 100vw, 300px\" \/> <img loading=\"lazy\" decoding=\"async\" class=\"alignleft size-medium wp-image-4241\" src=\"https:\/\/agora.xtec.cat\/escolaflorestasabadell\/wp-content\/uploads\/usu478\/2019\/11\/WhatsApp-Image-2019-11-04-at-12.40.03-300x169.jpeg\" alt=\"\" width=\"300\" height=\"169\" srcset=\"https:\/\/agora.xtec.cat\/escolaflorestasabadell\/wp-content\/uploads\/usu478\/2019\/11\/WhatsApp-Image-2019-11-04-at-12.40.03-300x169.jpeg 300w, https:\/\/agora.xtec.cat\/escolaflorestasabadell\/wp-content\/uploads\/usu478\/2019\/11\/WhatsApp-Image-2019-11-04-at-12.40.03-768x432.jpeg 768w, https:\/\/agora.xtec.cat\/escolaflorestasabadell\/wp-content\/uploads\/usu478\/2019\/11\/WhatsApp-Image-2019-11-04-at-12.40.03-1024x576.jpeg 1024w, https:\/\/agora.xtec.cat\/escolaflorestasabadell\/wp-content\/uploads\/usu478\/2019\/11\/WhatsApp-Image-2019-11-04-at-12.40.03.jpeg 2048w\" sizes=\"auto, (max-width: 300px) 100vw, 300px\" \/> <img loading=\"lazy\" decoding=\"async\" class=\"alignleft size-medium wp-image-4242\" src=\"https:\/\/agora.xtec.cat\/escolaflorestasabadell\/wp-content\/uploads\/usu478\/2019\/11\/WhatsApp-Image-2019-11-04-at-12.40.04-300x169.jpeg\" alt=\"\" width=\"300\" height=\"169\" srcset=\"https:\/\/agora.xtec.cat\/escolaflorestasabadell\/wp-content\/uploads\/usu478\/2019\/11\/WhatsApp-Image-2019-11-04-at-12.40.04-300x169.jpeg 300w, https:\/\/agora.xtec.cat\/escolaflorestasabadell\/wp-content\/uploads\/usu478\/2019\/11\/WhatsApp-Image-2019-11-04-at-12.40.04-768x432.jpeg 768w, https:\/\/agora.xtec.cat\/escolaflorestasabadell\/wp-content\/uploads\/usu478\/2019\/11\/WhatsApp-Image-2019-11-04-at-12.40.04-1024x576.jpeg 1024w, https:\/\/agora.xtec.cat\/escolaflorestasabadell\/wp-content\/uploads\/usu478\/2019\/11\/WhatsApp-Image-2019-11-04-at-12.40.04.jpeg 2048w\" sizes=\"auto, (max-width: 300px) 100vw, 300px\" \/><\/p>\n<p>&nbsp;<\/p>\n","protected":false},"excerpt":{"rendered":"<p>El dimecres 30 d&#8217;octubre, a l&#8217;hora del pati, pares, mares, avis i tiets ens van venir a portar fruita tallada, per esmorzar.<br \/>\nEns ha agradat molt tastar totes les fruites que ens heu portat, i ha sigut molt divertit que ens enganx\u00e9ssiu adhesius per cada fruita&hellip;  <a href=\"https:\/\/agora.xtec.cat\/escolaflorestasabadell\/general\/els-pares-ens-preparen-un-tastet-de-fruites-de-tardor\/\" title=\"Read ELS PARES ENS PREPAREN UN TASTET DE FRUITES DE TARDOR!!!\">Llegeix m\u00e9s\u00bb<\/a><\/p>\n","protected":false},"author":11,"featured_media":4237,"comment_status":"open","ping_status":"closed","sticky":false,"template":"","format":"standard","meta":{"_bbp_topic_count":0,"_bbp_reply_count":0,"_bbp_total_topic_count":0,"_bbp_total_reply_count":0,"_bbp_voice_count":0,"_bbp_anonymous_reply_count":0,"_bbp_topic_count_hidden":0,"_bbp_reply_count_hidden":0,"_bbp_forum_subforum_count":0,"footnotes":""},"categories":[10,11,22,34,1,4],"tags":[],"class_list":["post-4140","post","type-post","status-publish","format-standard","has-post-thumbnail","hentry","category-blogcicleinicial","category-blogciclemitja","category-blocciclesuperior","category-ed-infantil","category-general","category-portada"],"post_mailing_queue_ids":[],"_links":{"self":[{"href":"https:\/\/agora.xtec.cat\/escolaflorestasabadell\/wp-json\/wp\/v2\/posts\/4140","targetHints":{"allow":["GET"]}}],"collection":[{"href":"https:\/\/agora.xtec.cat\/escolaflorestasabadell\/wp-json\/wp\/v2\/posts"}],"about":[{"href":"https:\/\/agora.xtec.cat\/escolaflorestasabadell\/wp-json\/wp\/v2\/types\/post"}],"author":[{"embeddable":true,"href":"https:\/\/agora.xtec.cat\/escolaflorestasabadell\/wp-json\/wp\/v2\/users\/11"}],"replies":[{"embeddable":true,"href":"https:\/\/agora.xtec.cat\/escolaflorestasabadell\/wp-json\/wp\/v2\/comments?post=4140"}],"version-history":[{"count":3,"href":"https:\/\/agora.xtec.cat\/escolaflorestasabadell\/wp-json\/wp\/v2\/posts\/4140\/revisions"}],"predecessor-version":[{"id":5693,"href":"https:\/\/agora.xtec.cat\/escolaflorestasabadell\/wp-json\/wp\/v2\/posts\/4140\/revisions\/5693"}],"wp:featuredmedia":[{"embeddable":true,"href":"https:\/\/agora.xtec.cat\/escolaflorestasabadell\/wp-json\/wp\/v2\/media\/4237"}],"wp:attachment":[{"href":"https:\/\/agora.xtec.cat\/escolaflorestasabadell\/wp-json\/wp\/v2\/media?parent=4140"}],"wp:term":[{"taxonomy":"category","embeddable":true,"href":"https:\/\/agora.xtec.cat\/escolaflorestasabadell\/wp-json\/wp\/v2\/categories?post=4140"},{"taxonomy":"post_tag","embeddable":true,"href":"https:\/\/agora.xtec.cat\/escolaflorestasabadell\/wp-json\/wp\/v2\/tags?post=4140"}],"curies":[{"name":"wp","href":"https:\/\/api.w.org\/{rel}","templated":true}]}}