{"id":3605,"date":"2019-04-29T13:28:44","date_gmt":"2019-04-29T11:28:44","guid":{"rendered":"http:\/\/agora.xtec.cat\/escolaflorestasabadell\/?p=3605"},"modified":"2019-04-29T13:29:42","modified_gmt":"2019-04-29T11:29:42","slug":"visita-a-lajuntament-curs-18-19","status":"publish","type":"post","link":"https:\/\/agora.xtec.cat\/escolaflorestasabadell\/portada\/visita-a-lajuntament-curs-18-19\/","title":{"rendered":"VISITA A L&#8217;AJUNTAMENT CURS 18\/19"},"content":{"rendered":"<h3>Escola la Floresta<\/h3>\n<p><strong>Visita alumnes de 3r de prim\u00e0ria de l&#8217;Escola la Floresta<\/strong><\/p>\n<p>El passat dijous 25 d&#8217;abril ens van visitar les nenes i els nens de 3r de l&#8217;Escola la Floresta. Van venir en autob\u00fas p\u00fablic des del barri de Can Deu, on es troba la seva escola, i van venir amb moltes ganes de realitzar l&#8217;activitat.<\/p>\n<p>Primerament, vam iniciar la visita a l&#8217;exterior davant l&#8217;Ajuntament i vam explicar moltes coses de la nostra ciutat (habitants, barris i una mica d&#8217;hist\u00f2ria del naixement i creixement de la ciutat). Tot seguit, vam fer una petita volta pels carrers del voltant per seguir explicant els inicis de la ciutat, a la cru\u00eflla dels quatre camins, i per veure els elements hist\u00f2rics que queden dels dos edificis antics que un dia varen ser ajuntaments. Despr\u00e9s vam parar al mig de la pla\u00e7a Sant Roc davant l&#8217;escut de la ciutat que hi ha a terra per explicar-lo i con\u00e8ixer tamb\u00e9 els elements de la fa\u00e7ana de l&#8217;Ajuntament. Abans de pujar a la Sala de Plens, vam parar una estoneta per esmorzar al parc de davant.<\/p>\n<p>Un cop acabada l&#8217;explicaci\u00f3 a l&#8217;exterior, vam entrar a l&#8217;Ajuntament i vam pujar a la Sala de plens on vam fer una breu explicaci\u00f3 del funcionament habitual d&#8217;un ple municipal i qui s\u00f3n els seus participants. Els i les nenes d&#8217;aquesta classe tenien molta curiositat per aprendre i saber totes les coses que passen a la Sala de Plens i com funciona tot. Aix\u00ed doncs, per acabar d\u2019entendre millor com funciona un Ple, els infants en van fer un. Totes i tots tenien molta emoci\u00f3 i ganes de participar i de fer propostes per millorar la nostra ciutat. A continuaci\u00f3 trobareu totes les propostes del seu ple, que van ser totes aprovades:<\/p>\n<ol>\n<li>Fer una escola esportiva molt gran amb tot tipus de pistes per realitzar diferents esports i molts espais per jugar i aprendre esports nous.<\/li>\n<li>Fer m\u00e9s escoles d&#8217;educaci\u00f3 especial per nens i nenes amb discapacitat o poder incloure als infants amb capacitats diferents a les escoles ordin\u00e0ries (escola inclusiva). A m\u00e9s, poder posar un autocar que els reculli per casa seva i els porti a l&#8217;escola.<\/li>\n<li>Millorar la neteja de la ciutat, i, per aquest tema han fet moltes propostes diferents:\u00a0Augmentar el servei de neteja, posar m\u00e9s m\u00e0quines que netegin la ciutat, posar m\u00e9s papereres, posar multes a les persones que tirin escombraries al terra, fer cartells i posar-los per tota la ciutat per fomentar el reciclatge i el civisme, fer un grup de voluntaris que recullin escombraries del terra per diferents espais de la ciutat. I, per \u00faltim, fer m\u00e9s cotxes el\u00e8ctrics per reduir la contaminaci\u00f3 tamb\u00e9.<\/li>\n<li>Cuidar m\u00e9s la naturalesa que tenim a la ciutat, sobretot els nostres boscos i tots els espais verds que tenim a la ciutat. Han proposat poder fer m\u00e9s camins per no trepitjar tant les plantes i posar papereres als boscos tamb\u00e9 per poder tirar les escombraries i no tirar-ho al terra i contaminar.<\/li>\n<\/ol>\n<p>Les nostres regidores i regidors de 3r de l&#8217;Escola la Floresta van fer una espl\u00e8ndida tasca al joc del ple, totes i tots amb molt d&#8217;ordre, educaci\u00f3, serietat, respecte i molta il\u00b7lusi\u00f3 i emoci\u00f3 amb el seu ple.<\/p>\n<p>Ha estat un plaer rebre la seva visita! Moltes gr\u00e0cies a totes i tots per tot, sobretot per les vostres ganes per fer l&#8217;activitat, la vostra atenci\u00f3 i per la vostra participaci\u00f3!<\/p>\n<p><img loading=\"lazy\" decoding=\"async\" class=\"alignleft size-medium wp-image-3607\" src=\"https:\/\/agora.xtec.cat\/escolaflorestasabadell\/wp-content\/uploads\/usu478\/2019\/04\/ESCOLA-FLORESTA-300x225.jpg\" alt=\"\" width=\"300\" height=\"225\" srcset=\"https:\/\/agora.xtec.cat\/escolaflorestasabadell\/wp-content\/uploads\/usu478\/2019\/04\/ESCOLA-FLORESTA-300x225.jpg 300w, https:\/\/agora.xtec.cat\/escolaflorestasabadell\/wp-content\/uploads\/usu478\/2019\/04\/ESCOLA-FLORESTA-768x576.jpg 768w, https:\/\/agora.xtec.cat\/escolaflorestasabadell\/wp-content\/uploads\/usu478\/2019\/04\/ESCOLA-FLORESTA-1024x768.jpg 1024w, https:\/\/agora.xtec.cat\/escolaflorestasabadell\/wp-content\/uploads\/usu478\/2019\/04\/ESCOLA-FLORESTA-200x150.jpg 200w, https:\/\/agora.xtec.cat\/escolaflorestasabadell\/wp-content\/uploads\/usu478\/2019\/04\/ESCOLA-FLORESTA.jpg 1600w\" sizes=\"auto, (max-width: 300px) 100vw, 300px\" \/><\/p>\n","protected":false},"excerpt":{"rendered":"<p>Escola la Floresta<br \/>\nVisita alumnes de 3r de prim\u00e0ria de l&#8217;Escola la Floresta<br \/>\nEl passat dijous 25 d&#8217;abril ens van visitar les nenes i els nens de 3r de l&#8217;Escola la Floresta. Van venir en autob\u00fas p\u00fablic des del barri de Can Deu, on es troba la&hellip;  <a href=\"https:\/\/agora.xtec.cat\/escolaflorestasabadell\/portada\/visita-a-lajuntament-curs-18-19\/\" title=\"Read VISITA A L&#8217;AJUNTAMENT CURS 18\/19\">Llegeix m\u00e9s\u00bb<\/a><\/p>\n","protected":false},"author":1,"featured_media":3607,"comment_status":"open","ping_status":"closed","sticky":false,"template":"","format":"standard","meta":{"_bbp_topic_count":0,"_bbp_reply_count":0,"_bbp_total_topic_count":0,"_bbp_total_reply_count":0,"_bbp_voice_count":0,"_bbp_anonymous_reply_count":0,"_bbp_topic_count_hidden":0,"_bbp_reply_count_hidden":0,"_bbp_forum_subforum_count":0,"footnotes":""},"categories":[11,4],"tags":[],"class_list":["post-3605","post","type-post","status-publish","format-standard","has-post-thumbnail","hentry","category-blogciclemitja","category-portada"],"post_mailing_queue_ids":[],"_links":{"self":[{"href":"https:\/\/agora.xtec.cat\/escolaflorestasabadell\/wp-json\/wp\/v2\/posts\/3605","targetHints":{"allow":["GET"]}}],"collection":[{"href":"https:\/\/agora.xtec.cat\/escolaflorestasabadell\/wp-json\/wp\/v2\/posts"}],"about":[{"href":"https:\/\/agora.xtec.cat\/escolaflorestasabadell\/wp-json\/wp\/v2\/types\/post"}],"author":[{"embeddable":true,"href":"https:\/\/agora.xtec.cat\/escolaflorestasabadell\/wp-json\/wp\/v2\/users\/1"}],"replies":[{"embeddable":true,"href":"https:\/\/agora.xtec.cat\/escolaflorestasabadell\/wp-json\/wp\/v2\/comments?post=3605"}],"version-history":[{"count":3,"href":"https:\/\/agora.xtec.cat\/escolaflorestasabadell\/wp-json\/wp\/v2\/posts\/3605\/revisions"}],"predecessor-version":[{"id":3609,"href":"https:\/\/agora.xtec.cat\/escolaflorestasabadell\/wp-json\/wp\/v2\/posts\/3605\/revisions\/3609"}],"wp:featuredmedia":[{"embeddable":true,"href":"https:\/\/agora.xtec.cat\/escolaflorestasabadell\/wp-json\/wp\/v2\/media\/3607"}],"wp:attachment":[{"href":"https:\/\/agora.xtec.cat\/escolaflorestasabadell\/wp-json\/wp\/v2\/media?parent=3605"}],"wp:term":[{"taxonomy":"category","embeddable":true,"href":"https:\/\/agora.xtec.cat\/escolaflorestasabadell\/wp-json\/wp\/v2\/categories?post=3605"},{"taxonomy":"post_tag","embeddable":true,"href":"https:\/\/agora.xtec.cat\/escolaflorestasabadell\/wp-json\/wp\/v2\/tags?post=3605"}],"curies":[{"name":"wp","href":"https:\/\/api.w.org\/{rel}","templated":true}]}}