{"id":3361,"date":"2019-03-15T12:16:41","date_gmt":"2019-03-15T11:16:41","guid":{"rendered":"http:\/\/agora.xtec.cat\/escolaflorestasabadell\/?p=3361"},"modified":"2019-03-15T13:18:19","modified_gmt":"2019-03-15T12:18:19","slug":"jornada-de-portes-obertes-i-preinscripcio-2019-2020","status":"publish","type":"post","link":"https:\/\/agora.xtec.cat\/escolaflorestasabadell\/general\/jornada-de-portes-obertes-i-preinscripcio-2019-2020\/","title":{"rendered":"JORNADA DE PORTES OBERTES I PREINSCRIPCI\u00d3 2019\/2020"},"content":{"rendered":"<p><strong>Vine a con\u00e8ixer-nos el proper 21 de Mar\u00e7 a les 15:00<\/strong><\/p>\n<table width=\"100%\">\n<tbody>\n<tr>\n<td>\n<h1>Qui som?<\/h1>\n<p>L\u2019Escola Floresta \u00e9s una escola p\u00fablica, d\u2019Educaci\u00f3 Infantil i Prim\u00e0ria, arrelada al barri de Can Deu des de la seva creaci\u00f3 el curs 1974-75.\u00a0 Acumula m\u00e9s de quaranta anys d\u2019experi\u00e8ncia pedag\u00f2gica i t\u00e9 com a missi\u00f3 la recerca continua de la m\u00e0xima qualitat educativa.<\/p>\n<p>Comptem amb un equip de mestres responsable i experimentat que treballa per una escola inclusiva, participativa, innovadora i de qualitat.<\/p>\n<p>La renovaci\u00f3 pedag\u00f2gica constant \u00e9s un dels nostres punts forts i per aix\u00f2 la formaci\u00f3 permanent \u00e9s cabdal.<\/p>\n<p>&nbsp;<\/td>\n<\/tr>\n<\/tbody>\n<\/table>\n<h2><img loading=\"lazy\" decoding=\"async\" class=\"alignleft size-medium wp-image-3366\" src=\"https:\/\/agora.xtec.cat\/escolaflorestasabadell\/wp-content\/uploads\/usu478\/2019\/03\/foto-1-300x275.jpg\" alt=\"\" width=\"300\" height=\"275\" srcset=\"https:\/\/agora.xtec.cat\/escolaflorestasabadell\/wp-content\/uploads\/usu478\/2019\/03\/foto-1-300x275.jpg 300w, https:\/\/agora.xtec.cat\/escolaflorestasabadell\/wp-content\/uploads\/usu478\/2019\/03\/foto-1-768x704.jpg 768w, https:\/\/agora.xtec.cat\/escolaflorestasabadell\/wp-content\/uploads\/usu478\/2019\/03\/foto-1-1024x939.jpg 1024w, https:\/\/agora.xtec.cat\/escolaflorestasabadell\/wp-content\/uploads\/usu478\/2019\/03\/foto-1.jpg 1981w\" sizes=\"auto, (max-width: 300px) 100vw, 300px\" \/><\/h2>\n<h2><\/h2>\n<h2>Qu\u00e8 fem?<\/h2>\n<p>Treballem per aconseguir una formaci\u00f3 integral del nostre alumnat donant una import\u00e0ncia fonamental a les compet\u00e8ncies b\u00e0siques, per\u00f2 sense oblidar l\u2019educaci\u00f3 emocional, art\u00edstica i la creativitat.<\/p>\n<p>Incorporem t\u00e8cniques de treball relacionades amb les\u00a0 tecnologies de la informaci\u00f3 i la comunicaci\u00f3 per formar persones competents en el m\u00f3n actual.<\/p>\n<p>Busquem la implicaci\u00f3 i la col\u00b7laboraci\u00f3 de les fam\u00edlies.<\/p>\n<p>Celebrem les festes tradicionals, la Setmana Cultural i organitzem\u00a0 col\u00f2nies\u00a0 cada dos cursos.<\/p>\n<h2><img loading=\"lazy\" decoding=\"async\" class=\"alignleft size-medium wp-image-3367\" src=\"https:\/\/agora.xtec.cat\/escolaflorestasabadell\/wp-content\/uploads\/usu478\/2019\/03\/foto-2-227x300.jpg\" alt=\"\" width=\"227\" height=\"300\" srcset=\"https:\/\/agora.xtec.cat\/escolaflorestasabadell\/wp-content\/uploads\/usu478\/2019\/03\/foto-2-227x300.jpg 227w, https:\/\/agora.xtec.cat\/escolaflorestasabadell\/wp-content\/uploads\/usu478\/2019\/03\/foto-2.jpg 648w\" sizes=\"auto, (max-width: 227px) 100vw, 227px\" \/><\/h2>\n<h2><\/h2>\n<h2>Projectes:<\/h2>\n<p><strong>Treball per ambients a Infantil<\/strong><\/p>\n<p><strong>Projecte integrat de lleng\u00fces estrangeres<\/strong>: angl\u00e8s des de P3 i a c. inicial a l\u2019\u00e0rea de pl\u00e0stica.<\/p>\n<p><strong>Projecte de sostenibilitat<\/strong>:\u00a0 participem en l\u2019Agenda 21 i al projecte d\u2019hort escolar.<\/p>\n<p><strong>Programa \u201cEls primers a l\u2019aigua\u201d:\u00a0 <\/strong>Pla escolar de nataci\u00f3 impulsat per l\u2019Ajuntament.<\/p>\n<p><strong>Projecte CROMA<\/strong>: es tracta d\u2019un projecte \u00a0assistit per voluntaris de la UAB (alumnes 5\u00e8) en horari extraescolar.<\/p>\n<p><strong>Projecte LECXIT<\/strong>: ajuda a la lectura en la Biblioteca Nord per part de voluntaris (alumnes 4t) en horari extraescolar.<\/p>\n<p><strong>Projecte d\u2019emprenedoria<\/strong>: Fomenta la cultura emprenedora i el treball cooperatiu (alumnes de 6\u00e8).<\/p>\n<p>__________________________________________________________________<\/p>\n<ul>\n<li>Equip de mestres responsable i experimentat<\/li>\n<li>Instal\u00b7lacions amplies amb gimn\u00e0s i pistes esportives<\/li>\n<li>Servei de menjador i de guarderia<\/li>\n<li>Renovaci\u00f3 metodol\u00f2gica amb mitjans inform\u00e0tics i audiovisuals<\/li>\n<li>Programa \u201cEls primers a l\u2019aigua\u201d Pla Escolar de Nataci\u00f3<\/li>\n<li>Introducci\u00f3 de l\u2019Angl\u00e8s des de P3 i a l\u2019\u00e0rea de pl\u00e0stica a cicle inicial<\/li>\n<li>Hort escolar i participaci\u00f3 al projecte Agenda 21<\/li>\n<li>Projecte de socialitzaci\u00f3 de llibres i material escolar<\/li>\n<li>Treball per ambients a Infantil<\/li>\n<li>Aules de psicomotricitat, Joc simb\u00f2lic, Laboratori, Aules d\u2019Angl\u00e8s i Inform\u00e0tica<\/li>\n<li>Col\u00f2nies, sortides i visites did\u00e0ctiques<\/li>\n<li>Activitats Extraescolars i Esportives<\/li>\n<\/ul>\n<p><strong>T&#8217;esperem el proper\u00a021 de Mar\u00e7 a les 15:00!!!<\/strong><\/p>\n<p><img loading=\"lazy\" decoding=\"async\" class=\"alignleft  wp-image-3368\" src=\"https:\/\/agora.xtec.cat\/escolaflorestasabadell\/wp-content\/uploads\/usu478\/2019\/03\/foto-3-300x256.jpg\" alt=\"\" width=\"391\" height=\"335\" srcset=\"https:\/\/agora.xtec.cat\/escolaflorestasabadell\/wp-content\/uploads\/usu478\/2019\/03\/foto-3-300x256.jpg 300w, https:\/\/agora.xtec.cat\/escolaflorestasabadell\/wp-content\/uploads\/usu478\/2019\/03\/foto-3.jpg 671w\" sizes=\"auto, (max-width: 391px) 100vw, 391px\" \/><\/p>\n","protected":false},"excerpt":{"rendered":"<p>Vine a con\u00e8ixer-nos el proper 21 de Mar\u00e7 a les 15:00<\/p>\n<p>Qui som?<br \/>\nL\u2019Escola Floresta \u00e9s una escola p\u00fablica, d\u2019Educaci\u00f3 Infantil i Prim\u00e0ria, arrelada al barri de Can Deu des de la seva creaci\u00f3 el curs 1974-75.\u00a0 Acumula m\u00e9s de quaranta anys d\u2019experi\u00e8ncia pedag\u00f2gica i t\u00e9 com&hellip;  <a href=\"https:\/\/agora.xtec.cat\/escolaflorestasabadell\/general\/jornada-de-portes-obertes-i-preinscripcio-2019-2020\/\" title=\"Read JORNADA DE PORTES OBERTES I PREINSCRIPCI\u00d3 2019\/2020\">Llegeix m\u00e9s\u00bb<\/a><\/p>\n","protected":false},"author":1,"featured_media":0,"comment_status":"closed","ping_status":"closed","sticky":false,"template":"","format":"standard","meta":{"_bbp_topic_count":0,"_bbp_reply_count":0,"_bbp_total_topic_count":0,"_bbp_total_reply_count":0,"_bbp_voice_count":0,"_bbp_anonymous_reply_count":0,"_bbp_topic_count_hidden":0,"_bbp_reply_count_hidden":0,"_bbp_forum_subforum_count":0,"footnotes":""},"categories":[10,11,22,34,1,65,4],"tags":[],"class_list":["post-3361","post","type-post","status-publish","format-standard","hentry","category-blogcicleinicial","category-blogciclemitja","category-blocciclesuperior","category-ed-infantil","category-general","category-musica","category-portada"],"post_mailing_queue_ids":[],"_links":{"self":[{"href":"https:\/\/agora.xtec.cat\/escolaflorestasabadell\/wp-json\/wp\/v2\/posts\/3361","targetHints":{"allow":["GET"]}}],"collection":[{"href":"https:\/\/agora.xtec.cat\/escolaflorestasabadell\/wp-json\/wp\/v2\/posts"}],"about":[{"href":"https:\/\/agora.xtec.cat\/escolaflorestasabadell\/wp-json\/wp\/v2\/types\/post"}],"author":[{"embeddable":true,"href":"https:\/\/agora.xtec.cat\/escolaflorestasabadell\/wp-json\/wp\/v2\/users\/1"}],"replies":[{"embeddable":true,"href":"https:\/\/agora.xtec.cat\/escolaflorestasabadell\/wp-json\/wp\/v2\/comments?post=3361"}],"version-history":[{"count":3,"href":"https:\/\/agora.xtec.cat\/escolaflorestasabadell\/wp-json\/wp\/v2\/posts\/3361\/revisions"}],"predecessor-version":[{"id":3369,"href":"https:\/\/agora.xtec.cat\/escolaflorestasabadell\/wp-json\/wp\/v2\/posts\/3361\/revisions\/3369"}],"wp:attachment":[{"href":"https:\/\/agora.xtec.cat\/escolaflorestasabadell\/wp-json\/wp\/v2\/media?parent=3361"}],"wp:term":[{"taxonomy":"category","embeddable":true,"href":"https:\/\/agora.xtec.cat\/escolaflorestasabadell\/wp-json\/wp\/v2\/categories?post=3361"},{"taxonomy":"post_tag","embeddable":true,"href":"https:\/\/agora.xtec.cat\/escolaflorestasabadell\/wp-json\/wp\/v2\/tags?post=3361"}],"curies":[{"name":"wp","href":"https:\/\/api.w.org\/{rel}","templated":true}]}}