{"id":3080,"date":"2018-10-31T10:48:04","date_gmt":"2018-10-31T09:48:04","guid":{"rendered":"http:\/\/agora.xtec.cat\/escolaflorestasabadell\/?p=3080"},"modified":"2018-10-31T10:48:04","modified_gmt":"2018-10-31T09:48:04","slug":"convocatoria-deleccions-al-consell-escolar-de-centre","status":"publish","type":"post","link":"https:\/\/agora.xtec.cat\/escolaflorestasabadell\/general\/convocatoria-deleccions-al-consell-escolar-de-centre\/","title":{"rendered":"CONVOCAT\u00d2RIA D\u2019ELECCIONS  AL  CONSELL ESCOLAR DE CENTRE"},"content":{"rendered":"<p><strong>EL CONSELL ESCOLAR DEL CENTRE<\/strong><\/p>\n<p>Benvolgudes fam\u00edlies,<\/p>\n<p>Ens plau convocar eleccions al Consell Escolar de la nostra escola per tal de renovar algun membre del mateix i elegir-ne de nous. Aquesta convocat\u00f2ria est\u00e0 regulada per la Resoluci\u00f3 ENS\/2232\/2018, d\u20191 d\u2019octubre, per la qual s\u2019estableix el calendari del proc\u00e9s electoral per renovar de manera parcial els membres dels sectors electius dels consells escolars dels centres p\u00fablics i privats sostinguts amb fons p\u00fablics.<\/p>\n<p>&nbsp;<\/p>\n<p><strong><em>Qu\u00e8 \u00e9s el Consell Escolar?<\/em><\/strong><\/p>\n<p>El Consell Escolar del centre \u00e9s l\u2019\u00f2rgan de participaci\u00f3 de la comunitat escolar en el control i gesti\u00f3 del centre.<\/p>\n<p>&nbsp;<\/p>\n<p><strong><em>Qui composa el consell Escolar ?<\/em><\/strong><\/p>\n<ul>\n<li>El director\/a del centre \u00e9s el President\/a del Consell Escolar.<\/li>\n<li>El\/la Cap d\u2019Estudis.<\/li>\n<li>4 mestres representants del Claustre de professors.<\/li>\n<li>3 pares\/mares escollits en les eleccions.<\/li>\n<li>1 pare\/mare designat per l\u2019AMPA.<\/li>\n<li>1 representant de l\u2019Ajuntament.<\/li>\n<li>1 representant del personal d\u2019administraci\u00f3 i serveis.<\/li>\n<li>La secret\u00e0ria del centre, amb veu per\u00f2 sense vot.<\/li>\n<\/ul>\n<p>&nbsp;<\/p>\n<p><strong><em>Quines compet\u00e8ncies t\u00e9 el Consell Escolar?<\/em><\/strong><\/p>\n<p>Corresponen al consell escolar les funcions seg\u00fcents:<\/p>\n<ol>\n<li>Aprovar el projecte educatiu i les modificacions corresponents per una majoria de tres cinquenes parts dels membres.<\/li>\n<li>Aprovar la programaci\u00f3 general anual del centre i avaluar-ne el desenvolupament i els resultats.<\/li>\n<li>Aprovar les propostes d&#8217;acords de coresponsabilitat, convenis i altres acords de col\u00b7laboraci\u00f3 del centre amb entitats o institucions.<\/li>\n<li>Aprovar les normes d&#8217;organitzaci\u00f3 i funcionament i les modificacions corresponents.<\/li>\n<li>Aprovar la carta de comprom\u00eds educatiu.<\/li>\n<li>Aprovar el pressupost del centre i el rendiment de comptes.<\/li>\n<li>Intervenir en el procediment d&#8217;admissi\u00f3 d&#8217;alumnes.<\/li>\n<li>Participar en el procediment de selecci\u00f3 i en la proposta de cessament del director o directora.<\/li>\n<li>Intervenir en la resoluci\u00f3 dels conflictes i, si escau, revisar les sancions als alumnes.<\/li>\n<li>Aprovar les directrius per a la programaci\u00f3 d&#8217;activitats escolars complement\u00e0ries i d&#8217;activitats extraescolars, i avaluar-ne el desenvolupament.<\/li>\n<li>Participar en les an\u00e0lisis i les avaluacions del funcionament general del centre i con\u00e8ixer l&#8217;evoluci\u00f3 del rendiment escolar.<\/li>\n<li>Aprovar els criteris de col\u00b7laboraci\u00f3 amb altres centres i amb l&#8217;entorn.<\/li>\n<li>Qualsevol altra que li sigui atribu\u00efda per les normes legals o reglament\u00e0ries.<\/li>\n<\/ol>\n<p><strong>Requisits per ser membre del Consell Escolar:\u00a0 <\/strong><\/p>\n<p>Ser pare\/mare d\u2019alumne , presentar la candidatura i ser votat per altres pares\/mares.<\/p>\n<p>S\u2019han de cobrir quatre vacants. Convindria que hi hagu\u00e9s m\u00e9s candidats\/tes\u00a0 per poder escollir i aix\u00ed quedar en llista d\u2019espera per si hi ha alguna baixa m\u00e9s endavant.<\/p>\n<p><strong>CALENDARI ELECTORAL<\/strong><\/p>\n<table width=\"600\">\n<tbody>\n<tr>\n<td width=\"204\"><strong>Proc\u00e9s electoral <\/strong><\/td>\n<td width=\"204\"><strong>Data <\/strong><\/td>\n<td width=\"192\"><strong>Observacions <\/strong><\/td>\n<\/tr>\n<tr>\n<td width=\"204\"><strong>Convocat\u00f2ria d\u2019eleccions al Consell Escolar <\/strong><\/td>\n<td width=\"204\">A partir del 5 de novembre de 2018<\/td>\n<td width=\"192\">&nbsp;<\/td>\n<\/tr>\n<tr>\n<td width=\"204\"><strong>Publicaci\u00f3+ del cens electoral provisional <\/strong><\/td>\n<td width=\"204\">5 de novembre de 2018<\/td>\n<td width=\"192\">Les llistes es situaran a la cartellera de l\u2019edifici de direcci\u00f3<\/td>\n<\/tr>\n<tr>\n<td width=\"204\"><strong>Reclamacions al cens electoral <\/strong><\/td>\n<td width=\"204\">Del 6 al 9 de novembre<\/p>\n<p>de 2018<\/td>\n<td width=\"192\">Les reclamacions s\u2019han de fer mitjan\u00e7ant escrit adre\u00e7at a la direcci\u00f3 de l\u2019escola.<\/td>\n<\/tr>\n<tr>\n<td width=\"204\"><strong>Sorteig per designar els vocals de la mesa electoral del sector pares\/mares <\/strong><\/td>\n<td width=\"204\">9 de novembre de 2018<\/td>\n<td width=\"192\">El sorteig es portar\u00e0 a terme a les 16.30h a la sala de mestres de l\u2019escola. Es demanar\u00e0 la pres\u00e8ncia testimonial d\u2019algunes mares o pares.<\/td>\n<\/tr>\n<tr>\n<td width=\"204\"><strong>Constituci\u00f3 de la mesa electoral <\/strong><\/td>\n<td width=\"204\">14 de novembre de 2018<\/td>\n<td width=\"192\">Es realitzar\u00e0 a les 16.30h a la sala de mestres de l\u2019escola.<\/td>\n<\/tr>\n<tr>\n<td width=\"204\"><strong>Resoluci\u00f3 de les reclamacions als censos electorals <\/strong><\/td>\n<td width=\"204\">14 de novembre de 2018<\/td>\n<td width=\"192\">&nbsp;<\/td>\n<\/tr>\n<tr>\n<td width=\"204\"><strong>Aprovaci\u00f3 i publicaci\u00f3 dels censos electorals definitius <\/strong><\/td>\n<td width=\"204\">14 de novembre de 2018<\/td>\n<td width=\"192\">&nbsp;<\/td>\n<\/tr>\n<tr>\n<td width=\"204\"><strong>Presentaci\u00f3 de candidatures per ser membres del Consell Escolar <\/strong><\/td>\n<td width=\"204\">Fins el 16 de novembre de 2018<\/td>\n<td width=\"192\">Cal presentar les candidatures a la direcci\u00f3 de l\u2019escola en horari lectiu.<\/td>\n<\/tr>\n<tr>\n<td width=\"204\"><strong>Proclamaci\u00f3 i publicaci\u00f3 de les candidatures <\/strong><\/td>\n<td width=\"204\">20 de novembre de 2018<\/td>\n<td width=\"192\">Es publicaran les candidatures a les cartelleres de l\u2019escola.<\/td>\n<\/tr>\n<tr>\n<td width=\"204\"><strong>Votacions sector pares\/mares <\/strong><\/td>\n<td width=\"204\">28 de novembre de 2018<\/p>\n<p>&nbsp;<\/td>\n<td width=\"192\">De 9:9:30, de 12:30 a 13:00, de 15 a 15:30 i de 16.30 a 17:00 h a l\u2019entrada principal de l\u2019escola. S\u2019ha de presentar el DNI per exercir el dret a vot.<\/td>\n<\/tr>\n<tr>\n<td width=\"204\"><strong>Constituci\u00f3 del nou Consell Escolar <\/strong><\/td>\n<td width=\"204\">Abans del 21 de desembre de 2018<\/td>\n<td width=\"192\">A les 16.30h a la sala de mestres<\/td>\n<\/tr>\n<\/tbody>\n<\/table>\n<p><strong>\u00a0<\/strong><strong>Escollir els vostres representants al Consell Escolar \u00e9s un dret que legitima el vincle entre fam\u00edlia i escola i esdev\u00e9 una eina de vital import\u00e0ncia per poder fomentar una visi\u00f3 compartida sobre l\u2019educaci\u00f3 i sobre l\u2019escola que volem: de tots i per a tots.<br \/>\n<\/strong><\/p>\n<p>&nbsp;<\/p>\n<p><strong>PARTICIPA-HI,\u00a0<\/strong><strong>\u00c9S EL TEU DRET!<\/strong><\/p>\n<p>Escola Floresta.<\/p>\n<p><strong><em>\u00a0<\/em><\/strong><\/p>\n","protected":false},"excerpt":{"rendered":"<p>EL CONSELL ESCOLAR DEL CENTRE<br \/>\nBenvolgudes fam\u00edlies,<br \/>\nEns plau convocar eleccions al Consell Escolar de la nostra escola per tal de renovar algun membre del mateix i elegir-ne de nous. Aquesta convocat\u00f2ria est\u00e0 regulada per la Resoluci\u00f3 ENS\/2232\/2018, d\u20191 d\u2019octubre, per la qual s\u2019estableix el calendari del&hellip;  <a href=\"https:\/\/agora.xtec.cat\/escolaflorestasabadell\/general\/convocatoria-deleccions-al-consell-escolar-de-centre\/\" title=\"Read CONVOCAT\u00d2RIA D\u2019ELECCIONS  AL  CONSELL ESCOLAR DE CENTRE\">Llegeix m\u00e9s\u00bb<\/a><\/p>\n","protected":false},"author":1,"featured_media":0,"comment_status":"closed","ping_status":"closed","sticky":false,"template":"","format":"standard","meta":{"_bbp_topic_count":0,"_bbp_reply_count":0,"_bbp_total_topic_count":0,"_bbp_total_reply_count":0,"_bbp_voice_count":0,"_bbp_anonymous_reply_count":0,"_bbp_topic_count_hidden":0,"_bbp_reply_count_hidden":0,"_bbp_forum_subforum_count":0,"footnotes":""},"categories":[10,11,22,34,1,4],"tags":[],"class_list":["post-3080","post","type-post","status-publish","format-standard","hentry","category-blogcicleinicial","category-blogciclemitja","category-blocciclesuperior","category-ed-infantil","category-general","category-portada"],"post_mailing_queue_ids":[],"_links":{"self":[{"href":"https:\/\/agora.xtec.cat\/escolaflorestasabadell\/wp-json\/wp\/v2\/posts\/3080","targetHints":{"allow":["GET"]}}],"collection":[{"href":"https:\/\/agora.xtec.cat\/escolaflorestasabadell\/wp-json\/wp\/v2\/posts"}],"about":[{"href":"https:\/\/agora.xtec.cat\/escolaflorestasabadell\/wp-json\/wp\/v2\/types\/post"}],"author":[{"embeddable":true,"href":"https:\/\/agora.xtec.cat\/escolaflorestasabadell\/wp-json\/wp\/v2\/users\/1"}],"replies":[{"embeddable":true,"href":"https:\/\/agora.xtec.cat\/escolaflorestasabadell\/wp-json\/wp\/v2\/comments?post=3080"}],"version-history":[{"count":1,"href":"https:\/\/agora.xtec.cat\/escolaflorestasabadell\/wp-json\/wp\/v2\/posts\/3080\/revisions"}],"predecessor-version":[{"id":3096,"href":"https:\/\/agora.xtec.cat\/escolaflorestasabadell\/wp-json\/wp\/v2\/posts\/3080\/revisions\/3096"}],"wp:attachment":[{"href":"https:\/\/agora.xtec.cat\/escolaflorestasabadell\/wp-json\/wp\/v2\/media?parent=3080"}],"wp:term":[{"taxonomy":"category","embeddable":true,"href":"https:\/\/agora.xtec.cat\/escolaflorestasabadell\/wp-json\/wp\/v2\/categories?post=3080"},{"taxonomy":"post_tag","embeddable":true,"href":"https:\/\/agora.xtec.cat\/escolaflorestasabadell\/wp-json\/wp\/v2\/tags?post=3080"}],"curies":[{"name":"wp","href":"https:\/\/api.w.org\/{rel}","templated":true}]}}