{"id":2901,"date":"2018-03-19T15:15:34","date_gmt":"2018-03-19T14:15:34","guid":{"rendered":"http:\/\/agora.xtec.cat\/escolaflorestasabadell\/?p=2901"},"modified":"2018-03-19T15:15:34","modified_gmt":"2018-03-19T14:15:34","slug":"taller-de-5ea-fem-un-bocanrol","status":"publish","type":"post","link":"https:\/\/agora.xtec.cat\/escolaflorestasabadell\/general\/taller-de-5ea-fem-un-bocanrol\/","title":{"rendered":"Taller de 5\u00e8A: &#8220;Fem un bocanrol&#8221;"},"content":{"rendered":"<p><img loading=\"lazy\" decoding=\"async\" class=\" wp-image-2902 alignleft\" src=\"http:\/\/agora.xtec.cat\/escolaflorestasabadell\/wp-content\/uploads\/usu478\/2018\/03\/IMG_7792-150x150.jpg\" alt=\"\" width=\"139\" height=\"139\" \/>Els alumnes de 5\u00e8 A tamb\u00e9han fet els seus bocanrols! Us deixem un \u00e0lbum de google amb unes quantes imatges:<\/p>\n<p><a href=\"https:\/\/photos.app.goo.gl\/7CaAcTcz6hBbK7WF2\">https:\/\/photos.app.goo.gl\/7CaAcTcz6hBbK7WF2<\/a><\/p>\n","protected":false},"excerpt":{"rendered":"<p>Els alumnes de 5\u00e8 A tamb\u00e9han fet els seus bocanrols! Us deixem un \u00e0lbum de google amb unes quantes imatges:<br \/>\n<a href=\"https:\/\/photos.app.goo.gl\/7CaAcTcz6hBbK7WF2\">https:\/\/photos.app.goo.gl\/7CaAcTcz6hBbK7WF2<\/a><\/p>\n","protected":false},"author":1,"featured_media":0,"comment_status":"open","ping_status":"closed","sticky":false,"template":"","format":"standard","meta":{"_bbp_topic_count":0,"_bbp_reply_count":0,"_bbp_total_topic_count":0,"_bbp_total_reply_count":0,"_bbp_voice_count":0,"_bbp_anonymous_reply_count":0,"_bbp_topic_count_hidden":0,"_bbp_reply_count_hidden":0,"_bbp_forum_subforum_count":0,"footnotes":""},"categories":[22,1,4],"tags":[],"class_list":["post-2901","post","type-post","status-publish","format-standard","hentry","category-blocciclesuperior","category-general","category-portada"],"post_mailing_queue_ids":[],"_links":{"self":[{"href":"https:\/\/agora.xtec.cat\/escolaflorestasabadell\/wp-json\/wp\/v2\/posts\/2901","targetHints":{"allow":["GET"]}}],"collection":[{"href":"https:\/\/agora.xtec.cat\/escolaflorestasabadell\/wp-json\/wp\/v2\/posts"}],"about":[{"href":"https:\/\/agora.xtec.cat\/escolaflorestasabadell\/wp-json\/wp\/v2\/types\/post"}],"author":[{"embeddable":true,"href":"https:\/\/agora.xtec.cat\/escolaflorestasabadell\/wp-json\/wp\/v2\/users\/1"}],"replies":[{"embeddable":true,"href":"https:\/\/agora.xtec.cat\/escolaflorestasabadell\/wp-json\/wp\/v2\/comments?post=2901"}],"version-history":[{"count":1,"href":"https:\/\/agora.xtec.cat\/escolaflorestasabadell\/wp-json\/wp\/v2\/posts\/2901\/revisions"}],"predecessor-version":[{"id":2903,"href":"https:\/\/agora.xtec.cat\/escolaflorestasabadell\/wp-json\/wp\/v2\/posts\/2901\/revisions\/2903"}],"wp:attachment":[{"href":"https:\/\/agora.xtec.cat\/escolaflorestasabadell\/wp-json\/wp\/v2\/media?parent=2901"}],"wp:term":[{"taxonomy":"category","embeddable":true,"href":"https:\/\/agora.xtec.cat\/escolaflorestasabadell\/wp-json\/wp\/v2\/categories?post=2901"},{"taxonomy":"post_tag","embeddable":true,"href":"https:\/\/agora.xtec.cat\/escolaflorestasabadell\/wp-json\/wp\/v2\/tags?post=2901"}],"curies":[{"name":"wp","href":"https:\/\/api.w.org\/{rel}","templated":true}]}}