{"id":2759,"date":"2017-11-20T16:02:51","date_gmt":"2017-11-20T15:02:51","guid":{"rendered":"http:\/\/agora.xtec.cat\/escolaflorestasabadell\/?p=2759"},"modified":"2017-11-20T16:02:51","modified_gmt":"2017-11-20T15:02:51","slug":"activitat-tandem-familia-escola-a-6ea","status":"publish","type":"post","link":"https:\/\/agora.xtec.cat\/escolaflorestasabadell\/general\/activitat-tandem-familia-escola-a-6ea\/","title":{"rendered":"Activitat t\u00e0ndem fam\u00edlia-escola a 6\u00e8A"},"content":{"rendered":"<p>Avui dilluns alguns familiars dels alumnes de 6\u00e8 han participat en un taller de confecci\u00f3 de garlandes per un arbre de Nadal que es col\u00b7locar\u00e0 al Parc del Nord, prop de la nova estaci\u00f3 de FFCC.<\/p>\n<p>El proper dilluns seran els alumnes de 6\u00e8 B i les seves fam\u00edlies els qui realitzaran aquest taller.<\/p>\n<p>Aquesta activitat s&#8217;emmarca en el projecte T\u00e0ndem de l&#8217;Ajuntament de Sabadell. Si en voleu con\u00e8ixer m\u00e9s detalls podeu visitar el seu <a href=\"http:\/\/www.sabadell.cat\/ca\/viure-a-sabadell\/2012-02-23-11-32-44\/119-noticies-mun\/49996-el-tandem-familia-escola-ofereix-diverses-propostes-a-l-abril-per-facilitar-i-donar-suport-a-les-families-en-la-seva-funcio-educadora\">web (clica!)<\/a><\/p>\n<p>Us compartim l&#8217;\u00e0lbum de fotografies de l&#8217;activitat: <a href=\"https:\/\/photos.app.goo.gl\/o1Qdyrkp2fsqSu3y2\">\u00c0LBUM T\u00c0NDEM 6A<\/a><\/p>\n","protected":false},"excerpt":{"rendered":"<p>Avui dilluns alguns familiars dels alumnes de 6\u00e8 han participat en un taller de confecci\u00f3 de garlandes per un arbre de Nadal que es col\u00b7locar\u00e0 al Parc del Nord, prop de la nova estaci\u00f3 de FFCC.<br \/>\nEl proper dilluns seran els alumnes de 6\u00e8 B i&hellip;  <a href=\"https:\/\/agora.xtec.cat\/escolaflorestasabadell\/general\/activitat-tandem-familia-escola-a-6ea\/\" title=\"Read Activitat t\u00e0ndem fam\u00edlia-escola a 6\u00e8A\">Llegeix m\u00e9s\u00bb<\/a><\/p>\n","protected":false},"author":1,"featured_media":0,"comment_status":"open","ping_status":"closed","sticky":false,"template":"","format":"standard","meta":{"_bbp_topic_count":0,"_bbp_reply_count":0,"_bbp_total_topic_count":0,"_bbp_total_reply_count":0,"_bbp_voice_count":0,"_bbp_anonymous_reply_count":0,"_bbp_topic_count_hidden":0,"_bbp_reply_count_hidden":0,"_bbp_forum_subforum_count":0,"footnotes":""},"categories":[22,1,4],"tags":[],"class_list":["post-2759","post","type-post","status-publish","format-standard","hentry","category-blocciclesuperior","category-general","category-portada"],"post_mailing_queue_ids":[],"_links":{"self":[{"href":"https:\/\/agora.xtec.cat\/escolaflorestasabadell\/wp-json\/wp\/v2\/posts\/2759","targetHints":{"allow":["GET"]}}],"collection":[{"href":"https:\/\/agora.xtec.cat\/escolaflorestasabadell\/wp-json\/wp\/v2\/posts"}],"about":[{"href":"https:\/\/agora.xtec.cat\/escolaflorestasabadell\/wp-json\/wp\/v2\/types\/post"}],"author":[{"embeddable":true,"href":"https:\/\/agora.xtec.cat\/escolaflorestasabadell\/wp-json\/wp\/v2\/users\/1"}],"replies":[{"embeddable":true,"href":"https:\/\/agora.xtec.cat\/escolaflorestasabadell\/wp-json\/wp\/v2\/comments?post=2759"}],"version-history":[{"count":1,"href":"https:\/\/agora.xtec.cat\/escolaflorestasabadell\/wp-json\/wp\/v2\/posts\/2759\/revisions"}],"predecessor-version":[{"id":2760,"href":"https:\/\/agora.xtec.cat\/escolaflorestasabadell\/wp-json\/wp\/v2\/posts\/2759\/revisions\/2760"}],"wp:attachment":[{"href":"https:\/\/agora.xtec.cat\/escolaflorestasabadell\/wp-json\/wp\/v2\/media?parent=2759"}],"wp:term":[{"taxonomy":"category","embeddable":true,"href":"https:\/\/agora.xtec.cat\/escolaflorestasabadell\/wp-json\/wp\/v2\/categories?post=2759"},{"taxonomy":"post_tag","embeddable":true,"href":"https:\/\/agora.xtec.cat\/escolaflorestasabadell\/wp-json\/wp\/v2\/tags?post=2759"}],"curies":[{"name":"wp","href":"https:\/\/api.w.org\/{rel}","templated":true}]}}