{"id":2291,"date":"2016-11-07T15:59:29","date_gmt":"2016-11-07T14:59:29","guid":{"rendered":"http:\/\/agora.xtec.cat\/escolaflorestasabadell\/?p=2291"},"modified":"2016-11-07T16:33:54","modified_gmt":"2016-11-07T15:33:54","slug":"eleccions-al-consell-escolar-1-de-desembre","status":"publish","type":"post","link":"https:\/\/agora.xtec.cat\/escolaflorestasabadell\/portada\/eleccions-al-consell-escolar-1-de-desembre\/","title":{"rendered":"Eleccions al Consell Escolar: 1 de desembre"},"content":{"rendered":"<p style=\"text-align: justify;\">Benvolgudes fam\u00edlies,<br \/>\nEns plau convocar eleccions al Consell Escolar de la nostra escola per tal de renovar algun membre del mateix i elegir-ne de nous. Aquesta convocat\u00f2ria est\u00e0 regulada per la Resoluci\u00f3 ENS\/2172\/2016, de 13 de setembre, per la qual s\u2019estableix el calendari del proc\u00e9s electoral per renovar de manera parcial els membres dels sectors electius dels consells escolars dels centres p\u00fablics i privats sostinguts amb fons p\u00fablics.<\/p>\n<p style=\"text-align: justify;\">Us deixem a continuaci\u00f3 un enlla\u00e7 amb el <a href=\"http:\/\/agora.xtec.cat\/escolaflorestasabadell\/general\/eleccions-al-consel-escolar-2016\/\">calendari de tot el proc\u00e9s<\/a> aix\u00ed com una mica m\u00e9s d&#8217;informaci\u00f3 sobre les funcions del Consell Escolar<\/p>\n<p style=\"text-align: center;\"><a href=\"http:\/\/agora.xtec.cat\/escolaflorestasabadell\/docs\/eleccions-al-consell-escolar-2016\/\">Eleccions al Consell Escolar 2016<\/a><\/p>\n<p style=\"text-align: center;\"><a href=\"http:\/\/familiaiescola.gencat.cat\/web\/.content\/home\/recomanacions\/eleccions_als_consells_escolars\/infografia-consell-escolar.pdf\" target=\"_blank\" rel=\"http:\/\/familiaiescola.gencat.cat\/web\/.content\/home\/recomanacions\/eleccions_als_consells_escolars\/infografia-consell-escolar.pdf\"><img loading=\"lazy\" decoding=\"async\" class=\"aligncenter\" src=\"http:\/\/familiaiescola.gencat.cat\/web\/.content\/butlleti\/butlleti-7\/que-cal-saber-consells-escolars.jpg_1701969008.jpg\" width=\"258\" height=\"156\" \/><\/a><\/p>\n<p style=\"text-align: center;\">Per a m\u00e9s informaci\u00f3 consulteu l&#8217;apartat Consell Escolar al men\u00fa principal<\/p>\n<p><span style=\"border-radius: 2px; text-indent: 20px; width: auto; padding: 0px 4px 0px 0px; text-align: center; font: bold 11px\/20px 'Helvetica Neue',Helvetica,sans-serif; color: #ffffff; background: #bd081c no-repeat scroll 3px 50% \/ 14px 14px; position: absolute; opacity: 1; z-index: 8675309; display: none; cursor: pointer; top: 327px; left: 146px;\">Save<\/span><\/p>\n<p><span style=\"border-radius: 2px; text-indent: 20px; width: auto; padding: 0px 4px 0px 0px; text-align: center; font: bold 11px\/20px 'Helvetica Neue',Helvetica,sans-serif; color: #ffffff; background: #bd081c  no-repeat scroll 3px 50% \/ 14px 14px; position: absolute; opacity: 1; z-index: 8675309; display: none; cursor: pointer; top: 327px; left: 146px;\">Save<\/span><\/p>\n","protected":false},"excerpt":{"rendered":"<p>Benvolgudes fam\u00edlies,<br \/>\nEns plau convocar eleccions al Consell Escolar de la nostra escola per tal de renovar algun membre del mateix i elegir-ne de nous. Aquesta convocat\u00f2ria est\u00e0 regulada per la Resoluci\u00f3 ENS\/2172\/2016, de 13 de setembre, per la qual s\u2019estableix el calendari del proc\u00e9s electoral&hellip;  <a href=\"https:\/\/agora.xtec.cat\/escolaflorestasabadell\/portada\/eleccions-al-consell-escolar-1-de-desembre\/\" title=\"Read Eleccions al Consell Escolar: 1 de desembre\">Llegeix m\u00e9s\u00bb<\/a><\/p>\n","protected":false},"author":1,"featured_media":0,"comment_status":"open","ping_status":"open","sticky":false,"template":"","format":"standard","meta":{"_bbp_topic_count":0,"_bbp_reply_count":0,"_bbp_total_topic_count":0,"_bbp_total_reply_count":0,"_bbp_voice_count":0,"_bbp_anonymous_reply_count":0,"_bbp_topic_count_hidden":0,"_bbp_reply_count_hidden":0,"_bbp_forum_subforum_count":0,"footnotes":""},"categories":[4],"tags":[],"class_list":["post-2291","post","type-post","status-publish","format-standard","hentry","category-portada"],"post_mailing_queue_ids":[],"_links":{"self":[{"href":"https:\/\/agora.xtec.cat\/escolaflorestasabadell\/wp-json\/wp\/v2\/posts\/2291","targetHints":{"allow":["GET"]}}],"collection":[{"href":"https:\/\/agora.xtec.cat\/escolaflorestasabadell\/wp-json\/wp\/v2\/posts"}],"about":[{"href":"https:\/\/agora.xtec.cat\/escolaflorestasabadell\/wp-json\/wp\/v2\/types\/post"}],"author":[{"embeddable":true,"href":"https:\/\/agora.xtec.cat\/escolaflorestasabadell\/wp-json\/wp\/v2\/users\/1"}],"replies":[{"embeddable":true,"href":"https:\/\/agora.xtec.cat\/escolaflorestasabadell\/wp-json\/wp\/v2\/comments?post=2291"}],"version-history":[{"count":3,"href":"https:\/\/agora.xtec.cat\/escolaflorestasabadell\/wp-json\/wp\/v2\/posts\/2291\/revisions"}],"predecessor-version":[{"id":2300,"href":"https:\/\/agora.xtec.cat\/escolaflorestasabadell\/wp-json\/wp\/v2\/posts\/2291\/revisions\/2300"}],"wp:attachment":[{"href":"https:\/\/agora.xtec.cat\/escolaflorestasabadell\/wp-json\/wp\/v2\/media?parent=2291"}],"wp:term":[{"taxonomy":"category","embeddable":true,"href":"https:\/\/agora.xtec.cat\/escolaflorestasabadell\/wp-json\/wp\/v2\/categories?post=2291"},{"taxonomy":"post_tag","embeddable":true,"href":"https:\/\/agora.xtec.cat\/escolaflorestasabadell\/wp-json\/wp\/v2\/tags?post=2291"}],"curies":[{"name":"wp","href":"https:\/\/api.w.org\/{rel}","templated":true}]}}