{"id":2203,"date":"2016-09-13T08:12:54","date_gmt":"2016-09-13T07:12:54","guid":{"rendered":"http:\/\/agora.xtec.cat\/escolaflorestasabadell\/?p=2203"},"modified":"2016-10-21T08:36:20","modified_gmt":"2016-10-21T07:36:20","slug":"atencio-reunions-dinici-de-curs","status":"publish","type":"post","link":"https:\/\/agora.xtec.cat\/escolaflorestasabadell\/general\/atencio-reunions-dinici-de-curs\/","title":{"rendered":"ATENCI\u00d3: Reunions d&#8217;inici de curs"},"content":{"rendered":"<p><img loading=\"lazy\" decoding=\"async\" class=\"alignleft\" src=\"http:\/\/www.mogent.cat\/wp-content\/uploads\/2015\/09\/reunio.jpg\" width=\"289\" height=\"195\" \/><\/p>\n<p style=\"text-align: justify;\">Com cada curs, us fem arribar les dates de convocat\u00f2ria de les reunions que fan els tutors amb les fam\u00edlies per tal de presentar el curs i donar totes aquelles informacions que s\u00f3n importants tant a nivell de funcionament del centre com relacionades amb el curs dels vostres fills (sortides, \u00fas de l&#8217;agenda, deures, pautes de treball, &#8230;).<\/p>\n<p><strong>P4: <\/strong><u>DIMARTS, 4 d\u2019octubre a les 16: 40h.<\/u><\/p>\n<p><strong>P5: <\/strong><u>DIMECRES, 5 d\u2019octubre a les 16:40h.<\/u><\/p>\n<p><strong>P3:<\/strong> <u>DIJOUS, 6 d\u2019octubre\u00a0 a les 16:40h.<\/u><\/p>\n<p><strong>1r curs i 2n curs<\/strong>: <u>DILLUNS, 10 d\u2019octubre a les 16:40h.<\/u><\/p>\n<p><strong>3r curs i 4t curs:<\/strong> <u>DIMARTS, 11\u00a0 d&#8217;octubre a les 16:40h.<\/u><\/p>\n<p><strong>5\u00e8 curs i 6\u00e8 curs<\/strong>: DIJOUS, 13 d&#8217;octubre a les 16:40h<u><br \/>\n<\/u><\/p>\n<p style=\"text-align: center;\"><span style=\"text-decoration: underline; color: #ff0000;\">\u00c9S MOLT IMPORTANT QUE ASSISTIU A LES REUNIONS D&#8217;ESCOLA!<br \/>\n<\/span><\/p>\n<p><span style=\"border-radius: 2px; text-indent: 20px; width: auto; padding: 0px 4px 0px 0px; text-align: center; font: bold 11px\/20px 'Helvetica Neue',Helvetica,sans-serif; color: #ffffff; background: #bd081c no-repeat scroll 3px 50% \/ 14px 14px; position: absolute; opacity: 1; z-index: 8675309; display: none; cursor: pointer;\">Save<\/span><\/p>\n<p><span style=\"border-radius: 2px; text-indent: 20px; width: auto; padding: 0px 4px 0px 0px; text-align: center; font: bold 11px\/20px 'Helvetica Neue',Helvetica,sans-serif; color: #ffffff; background: #bd081c no-repeat scroll 3px 50% \/ 14px 14px; position: absolute; opacity: 1; z-index: 8675309; display: none; cursor: pointer;\">Save<\/span><\/p>\n<p><span style=\"border-radius: 2px; text-indent: 20px; width: auto; padding: 0px 4px 0px 0px; text-align: center; font: bold 11px\/20px 'Helvetica Neue',Helvetica,sans-serif; color: #ffffff; background: #bd081c no-repeat scroll 3px 50% \/ 14px 14px; position: absolute; opacity: 1; z-index: 8675309; display: none; cursor: pointer;\">Save<\/span><\/p>\n<p><span style=\"border-radius: 2px; text-indent: 20px; width: auto; padding: 0px 4px 0px 0px; text-align: center; font: bold 11px\/20px 'Helvetica Neue',Helvetica,sans-serif; color: #ffffff; background: #bd081c no-repeat scroll 3px 50% \/ 14px 14px; position: absolute; opacity: 1; z-index: 8675309; display: none; cursor: pointer;\">Save<\/span><\/p>\n<p><span style=\"border-radius: 2px; text-indent: 20px; width: auto; padding: 0px 4px 0px 0px; text-align: center; font: bold 11px\/20px 'Helvetica Neue',Helvetica,sans-serif; color: #ffffff; background: #bd081c no-repeat scroll 3px 50% \/ 14px 14px; position: absolute; opacity: 1; z-index: 8675309; display: none; cursor: pointer;\">Save<\/span><\/p>\n<p><span style=\"border-radius: 2px; text-indent: 20px; width: auto; padding: 0px 4px 0px 0px; text-align: center; font: bold 11px\/20px 'Helvetica Neue',Helvetica,sans-serif; color: #ffffff; background: #bd081c  no-repeat scroll 3px 50% \/ 14px 14px; position: absolute; opacity: 1; z-index: 8675309; display: none; cursor: pointer;\">Save<\/span><\/p>\n","protected":false},"excerpt":{"rendered":"<p>Com cada curs, us fem arribar les dates de convocat\u00f2ria de les reunions que fan els tutors amb les fam\u00edlies per tal de presentar el curs i donar totes aquelles informacions que s\u00f3n importants tant a nivell de funcionament del centre com relacionades amb el&hellip;  <a href=\"https:\/\/agora.xtec.cat\/escolaflorestasabadell\/general\/atencio-reunions-dinici-de-curs\/\" title=\"Read ATENCI\u00d3: Reunions d&#8217;inici de curs\">Llegeix m\u00e9s\u00bb<\/a><\/p>\n","protected":false},"author":1,"featured_media":0,"comment_status":"open","ping_status":"open","sticky":false,"template":"","format":"standard","meta":{"_bbp_topic_count":0,"_bbp_reply_count":0,"_bbp_total_topic_count":0,"_bbp_total_reply_count":0,"_bbp_voice_count":0,"_bbp_anonymous_reply_count":0,"_bbp_topic_count_hidden":0,"_bbp_reply_count_hidden":0,"_bbp_forum_subforum_count":0,"footnotes":""},"categories":[10,11,22,34,1,4],"tags":[],"class_list":["post-2203","post","type-post","status-publish","format-standard","hentry","category-blogcicleinicial","category-blogciclemitja","category-blocciclesuperior","category-ed-infantil","category-general","category-portada"],"post_mailing_queue_ids":[],"_links":{"self":[{"href":"https:\/\/agora.xtec.cat\/escolaflorestasabadell\/wp-json\/wp\/v2\/posts\/2203","targetHints":{"allow":["GET"]}}],"collection":[{"href":"https:\/\/agora.xtec.cat\/escolaflorestasabadell\/wp-json\/wp\/v2\/posts"}],"about":[{"href":"https:\/\/agora.xtec.cat\/escolaflorestasabadell\/wp-json\/wp\/v2\/types\/post"}],"author":[{"embeddable":true,"href":"https:\/\/agora.xtec.cat\/escolaflorestasabadell\/wp-json\/wp\/v2\/users\/1"}],"replies":[{"embeddable":true,"href":"https:\/\/agora.xtec.cat\/escolaflorestasabadell\/wp-json\/wp\/v2\/comments?post=2203"}],"version-history":[{"count":4,"href":"https:\/\/agora.xtec.cat\/escolaflorestasabadell\/wp-json\/wp\/v2\/posts\/2203\/revisions"}],"predecessor-version":[{"id":2271,"href":"https:\/\/agora.xtec.cat\/escolaflorestasabadell\/wp-json\/wp\/v2\/posts\/2203\/revisions\/2271"}],"wp:attachment":[{"href":"https:\/\/agora.xtec.cat\/escolaflorestasabadell\/wp-json\/wp\/v2\/media?parent=2203"}],"wp:term":[{"taxonomy":"category","embeddable":true,"href":"https:\/\/agora.xtec.cat\/escolaflorestasabadell\/wp-json\/wp\/v2\/categories?post=2203"},{"taxonomy":"post_tag","embeddable":true,"href":"https:\/\/agora.xtec.cat\/escolaflorestasabadell\/wp-json\/wp\/v2\/tags?post=2203"}],"curies":[{"name":"wp","href":"https:\/\/api.w.org\/{rel}","templated":true}]}}