{"id":1953,"date":"2016-04-21T10:19:01","date_gmt":"2016-04-21T09:19:01","guid":{"rendered":"http:\/\/agora.xtec.cat\/escolaflorestasabadell\/?p=1953"},"modified":"2016-05-02T15:17:55","modified_gmt":"2016-05-02T14:17:55","slug":"sant-jordi-i-els-jocs-florals","status":"publish","type":"post","link":"https:\/\/agora.xtec.cat\/escolaflorestasabadell\/general\/sant-jordi-i-els-jocs-florals\/","title":{"rendered":"Sant Jordi i els Jocs Florals"},"content":{"rendered":"<p>Benvolguts, <img loading=\"lazy\" decoding=\"async\" class=\"alignright\" src=\"http:\/\/www.vilanova.cat\/img\/img_36285089_1.jpg\" alt=\"\" width=\"212\" height=\"191\" \/><\/p>\n<p>El proper divendres 22 d&#8217;abril celebrarem la cerim\u00f2nia d&#8217;entrega dels premis dels Jocs Florals d&#8217;aquest curs 2015-2016.<\/p>\n<p>Com cada any en aquesta \u00e8poca, tots els alumnes de prim\u00e0ria han treballat l&#8217;escriptura d&#8217;un text literari (enguany en prosa) i l&#8217;han entregat dins un sobre tancat i sota un pseud\u00f2nim que nom\u00e9s cadasc\u00fa coneix. Aquests textos han estat llegits per un jurat i que ha escollit els textos guanyadors.<\/p>\n<p>L&#8217;entrega de premis de <span style=\"text-decoration: underline;\">tercer a sis\u00e8<\/span> es far\u00e0 a l&#8217;Auditori del Centre C\u00edvic de Can Deu. Des de l&#8217;escola <strong>CONVIDEM A TOTS ELS FAMILIARS D&#8217;AQUESTS ALUMNES A ASSISTIR A L&#8217;ENTREGA DE PREMIS.<\/strong><\/p>\n<p style=\"text-align: center;\">Us desitgem una bona diada de Sant Jordi! <img loading=\"lazy\" decoding=\"async\" class=\"aligncenter\" src=\"http:\/\/xarxanet.org\/sites\/default\/files\/drac_sant_jordi_3.jpg\" alt=\"\" width=\"160\" height=\"93\" \/><\/p>\n","protected":false},"excerpt":{"rendered":"<p>Benvolguts,<br \/>\nEl proper divendres 22 d&#8217;abril celebrarem la cerim\u00f2nia d&#8217;entrega dels premis dels Jocs Florals d&#8217;aquest curs 2015-2016.<br \/>\nCom cada any en aquesta \u00e8poca, tots els alumnes de prim\u00e0ria han treballat l&#8217;escriptura d&#8217;un text literari (enguany en prosa) i l&#8217;han entregat dins un sobre tancat i&hellip;  <a href=\"https:\/\/agora.xtec.cat\/escolaflorestasabadell\/general\/sant-jordi-i-els-jocs-florals\/\" title=\"Read Sant Jordi i els Jocs Florals\">Llegeix m\u00e9s\u00bb<\/a><\/p>\n","protected":false},"author":1,"featured_media":0,"comment_status":"open","ping_status":"open","sticky":false,"template":"","format":"standard","meta":{"_bbp_topic_count":0,"_bbp_reply_count":0,"_bbp_total_topic_count":0,"_bbp_total_reply_count":0,"_bbp_voice_count":0,"_bbp_anonymous_reply_count":0,"_bbp_topic_count_hidden":0,"_bbp_reply_count_hidden":0,"_bbp_forum_subforum_count":0,"footnotes":""},"categories":[11,22,1,4],"tags":[],"class_list":["post-1953","post","type-post","status-publish","format-standard","hentry","category-blogciclemitja","category-blocciclesuperior","category-general","category-portada"],"post_mailing_queue_ids":[],"_links":{"self":[{"href":"https:\/\/agora.xtec.cat\/escolaflorestasabadell\/wp-json\/wp\/v2\/posts\/1953","targetHints":{"allow":["GET"]}}],"collection":[{"href":"https:\/\/agora.xtec.cat\/escolaflorestasabadell\/wp-json\/wp\/v2\/posts"}],"about":[{"href":"https:\/\/agora.xtec.cat\/escolaflorestasabadell\/wp-json\/wp\/v2\/types\/post"}],"author":[{"embeddable":true,"href":"https:\/\/agora.xtec.cat\/escolaflorestasabadell\/wp-json\/wp\/v2\/users\/1"}],"replies":[{"embeddable":true,"href":"https:\/\/agora.xtec.cat\/escolaflorestasabadell\/wp-json\/wp\/v2\/comments?post=1953"}],"version-history":[{"count":2,"href":"https:\/\/agora.xtec.cat\/escolaflorestasabadell\/wp-json\/wp\/v2\/posts\/1953\/revisions"}],"predecessor-version":[{"id":1955,"href":"https:\/\/agora.xtec.cat\/escolaflorestasabadell\/wp-json\/wp\/v2\/posts\/1953\/revisions\/1955"}],"wp:attachment":[{"href":"https:\/\/agora.xtec.cat\/escolaflorestasabadell\/wp-json\/wp\/v2\/media?parent=1953"}],"wp:term":[{"taxonomy":"category","embeddable":true,"href":"https:\/\/agora.xtec.cat\/escolaflorestasabadell\/wp-json\/wp\/v2\/categories?post=1953"},{"taxonomy":"post_tag","embeddable":true,"href":"https:\/\/agora.xtec.cat\/escolaflorestasabadell\/wp-json\/wp\/v2\/tags?post=1953"}],"curies":[{"name":"wp","href":"https:\/\/api.w.org\/{rel}","templated":true}]}}