{"id":1933,"date":"2016-04-01T12:12:49","date_gmt":"2016-04-01T11:12:49","guid":{"rendered":"http:\/\/agora.xtec.cat\/escolaflorestasabadell\/?p=1933"},"modified":"2016-04-01T12:12:49","modified_gmt":"2016-04-01T11:12:49","slug":"preinscripcio-curs-16-17-del-30-de-marc-al-7-dabril","status":"publish","type":"post","link":"https:\/\/agora.xtec.cat\/escolaflorestasabadell\/portada\/preinscripcio-curs-16-17-del-30-de-marc-al-7-dabril\/","title":{"rendered":"Preinscripci\u00f3 curs 16-17:  del 30 de mar\u00e7 al 7 d&#8217;abril"},"content":{"rendered":"<p>Tota la informaci\u00f3 i documentaci\u00f3 que cal portar la trobareu al <a href=\"http:\/\/ca.sabadell.cat\/educacio\/p\/MatInfPrim_cat.asp\">web de l&#8217;Ajuntament de Sabadell<\/a><\/p>\n<p><a href=\"http:\/\/ca.sabadell.cat\/educacio\/p\/CalendariPriESO_cat.asp\"><img loading=\"lazy\" decoding=\"async\" class=\"alignright size-full wp-image-1934\" src=\"http:\/\/agora.xtec.cat\/escolaflorestasabadell\/wp-content\/uploads\/usu478\/2016\/04\/calendari-preins.jpg\" alt=\"calendari preins\" width=\"615\" height=\"482\" srcset=\"https:\/\/agora.xtec.cat\/escolaflorestasabadell\/wp-content\/uploads\/usu478\/2016\/04\/calendari-preins.jpg 615w, https:\/\/agora.xtec.cat\/escolaflorestasabadell\/wp-content\/uploads\/usu478\/2016\/04\/calendari-preins-300x235.jpg 300w\" sizes=\"auto, (max-width: 615px) 100vw, 615px\" \/><\/a><\/p>\n","protected":false},"excerpt":{"rendered":"<p>Tota la informaci\u00f3 i documentaci\u00f3 que cal portar la trobareu al <a href=\"http:\/\/ca.sabadell.cat\/educacio\/p\/MatInfPrim_cat.asp\">web de l&#8217;Ajuntament de Sabadell<\/a><br \/>\n<a href=\"http:\/\/ca.sabadell.cat\/educacio\/p\/CalendariPriESO_cat.asp\"><\/a><\/p>\n","protected":false},"author":1,"featured_media":0,"comment_status":"open","ping_status":"open","sticky":false,"template":"","format":"standard","meta":{"_bbp_topic_count":0,"_bbp_reply_count":0,"_bbp_total_topic_count":0,"_bbp_total_reply_count":0,"_bbp_voice_count":0,"_bbp_anonymous_reply_count":0,"_bbp_topic_count_hidden":0,"_bbp_reply_count_hidden":0,"_bbp_forum_subforum_count":0,"footnotes":""},"categories":[4],"tags":[],"class_list":["post-1933","post","type-post","status-publish","format-standard","hentry","category-portada"],"post_mailing_queue_ids":[],"_links":{"self":[{"href":"https:\/\/agora.xtec.cat\/escolaflorestasabadell\/wp-json\/wp\/v2\/posts\/1933","targetHints":{"allow":["GET"]}}],"collection":[{"href":"https:\/\/agora.xtec.cat\/escolaflorestasabadell\/wp-json\/wp\/v2\/posts"}],"about":[{"href":"https:\/\/agora.xtec.cat\/escolaflorestasabadell\/wp-json\/wp\/v2\/types\/post"}],"author":[{"embeddable":true,"href":"https:\/\/agora.xtec.cat\/escolaflorestasabadell\/wp-json\/wp\/v2\/users\/1"}],"replies":[{"embeddable":true,"href":"https:\/\/agora.xtec.cat\/escolaflorestasabadell\/wp-json\/wp\/v2\/comments?post=1933"}],"version-history":[{"count":1,"href":"https:\/\/agora.xtec.cat\/escolaflorestasabadell\/wp-json\/wp\/v2\/posts\/1933\/revisions"}],"predecessor-version":[{"id":1935,"href":"https:\/\/agora.xtec.cat\/escolaflorestasabadell\/wp-json\/wp\/v2\/posts\/1933\/revisions\/1935"}],"wp:attachment":[{"href":"https:\/\/agora.xtec.cat\/escolaflorestasabadell\/wp-json\/wp\/v2\/media?parent=1933"}],"wp:term":[{"taxonomy":"category","embeddable":true,"href":"https:\/\/agora.xtec.cat\/escolaflorestasabadell\/wp-json\/wp\/v2\/categories?post=1933"},{"taxonomy":"post_tag","embeddable":true,"href":"https:\/\/agora.xtec.cat\/escolaflorestasabadell\/wp-json\/wp\/v2\/tags?post=1933"}],"curies":[{"name":"wp","href":"https:\/\/api.w.org\/{rel}","templated":true}]}}