{"id":1471,"date":"2016-01-18T15:00:56","date_gmt":"2016-01-18T14:00:56","guid":{"rendered":"http:\/\/agora.xtec.cat\/escolaflorestasabadell\/?p=1471"},"modified":"2016-01-18T15:08:44","modified_gmt":"2016-01-18T14:08:44","slug":"xerrada-per-a-pares-i-mares-eduquem-la-intel%c2%b7ligencia-emocional","status":"publish","type":"post","link":"https:\/\/agora.xtec.cat\/escolaflorestasabadell\/general\/xerrada-per-a-pares-i-mares-eduquem-la-intel%c2%b7ligencia-emocional\/","title":{"rendered":"Xerrada per a pares i mares: \u201cEduquem la intel\u00b7lig\u00e8ncia emocional\u201d"},"content":{"rendered":"<h6><strong>Dia:<\/strong>\u00a0\u00a0\u00a0\u00a0\u00a0\u00a0\u00a0\u00a0 Dimarts 26 de gener de 2016<a href=\"http:\/\/agora.xtec.cat\/escolaflorestasabadell\/wp-content\/uploads\/usu478\/2016\/01\/iemo.png\"><img loading=\"lazy\" decoding=\"async\" class=\"alignright size-thumbnail wp-image-1475\" src=\"http:\/\/agora.xtec.cat\/escolaflorestasabadell\/wp-content\/uploads\/usu478\/2016\/01\/iemo-150x150.png\" alt=\"iemo\" width=\"150\" height=\"150\" \/><\/a><\/h6>\n<h6><strong>Hora:<\/strong>\u00a0\u00a0\u00a0\u00a0 15:00h \u2013 17 h<\/h6>\n<h6><\/h6>\n<h6><strong>Lloc:<\/strong>\u00a0\u00a0\u00a0\u00a0\u00a0\u00a0 a la Biblioteca de l\u2019escola<\/h6>\n<h6><strong>Preu:<\/strong>\u00a0\u00a0\u00a0\u00a0<strong> gratu\u00eft<\/strong><\/h6>\n<p>&nbsp;<\/p>\n<p>Dins el Programa T\u00e0ndem Fam\u00edlia-Escola que organitza l\u2019Ajuntament de Sabadell junt amb les AMPA i les escoles de la ciutat, us proposem una activitat que pret\u00e9n conscienciar de <span style=\"text-decoration: underline;\">la import\u00e0ncia i la necessitat d\u2019educar emocionalment els nostres fills i filles i generar estrat\u00e8gies per ajudar-los a desenvolupar les seves compet\u00e8ncies emocionals<\/span>. La xerrada \u00e9s a c\u00e0rrec de la N\u00faria Ribera, psic\u00f2loga, professora de la Universitat de Barcelona i formadora de FaPaC.<\/p>\n<p>Per venir-hi heu d\u2019omplir la butlleta adjunta, indicant el vostre nom, la relaci\u00f3 familiar de l\u2019adult amb l\u2019alumne, la classe del nen o nena, un correu electr\u00f2nic i\/o tel\u00e8fon de contacte. La butlleta l\u2019heu de deixar a la b\u00fastia de l\u2019AMPA abans del dijous 21 de gener. Us hi esperem!<\/p>\n<p><a href=\"http:\/\/agora.xtec.cat\/escolaflorestasabadell\/general\/xerrada-per-a-pares-i-mares-eduquem-la-intel%c2%b7ligencia-emocional\/attachment\/full-inscripcio-xerrada-intel%c2%b7ligencia-emocional\/\" rel=\"attachment wp-att-1473\">Full inscripci\u00f3 Xerrada intel\u00b7lig\u00e8ncia emocional<\/a><\/p>\n<p><a href=\"http:\/\/agora.xtec.cat\/escolaflorestasabadell\/general\/xerrada-per-a-pares-i-mares-eduquem-la-intel%c2%b7ligencia-emocional\/attachment\/cartell-difusio-xerrada-intel%c2%b7ligencia-emocional-gener\/\" rel=\"attachment wp-att-1474\">Cartell difusi\u00f3 Xerrada intel\u00b7lig\u00e8ncia emocional, gener<\/a><\/p>\n","protected":false},"excerpt":{"rendered":"<p>Dia:\u00a0\u00a0\u00a0\u00a0\u00a0\u00a0\u00a0\u00a0 Dimarts 26 de gener de 2016<a href=\"http:\/\/agora.xtec.cat\/escolaflorestasabadell\/wp-content\/uploads\/usu478\/2016\/01\/iemo.png\"><\/a><br \/>\nHora:\u00a0\u00a0\u00a0\u00a0 15:00h \u2013 17 h<\/p>\n<p>Lloc:\u00a0\u00a0\u00a0\u00a0\u00a0\u00a0 a la Biblioteca de l\u2019escola<br \/>\nPreu:\u00a0\u00a0\u00a0\u00a0 gratu\u00eft<br \/>\n&nbsp;<br \/>\nDins el Programa T\u00e0ndem Fam\u00edlia-Escola que organitza l\u2019Ajuntament de Sabadell junt amb les AMPA i les escoles de la ciutat, us proposem una activitat que pret\u00e9n conscienciar de&hellip;  <a href=\"https:\/\/agora.xtec.cat\/escolaflorestasabadell\/general\/xerrada-per-a-pares-i-mares-eduquem-la-intel%c2%b7ligencia-emocional\/\" title=\"Read Xerrada per a pares i mares: \u201cEduquem la intel\u00b7lig\u00e8ncia emocional\u201d\">Llegeix m\u00e9s\u00bb<\/a><\/p>\n","protected":false},"author":1,"featured_media":1475,"comment_status":"open","ping_status":"open","sticky":false,"template":"","format":"standard","meta":{"_bbp_topic_count":0,"_bbp_reply_count":0,"_bbp_total_topic_count":0,"_bbp_total_reply_count":0,"_bbp_voice_count":0,"_bbp_anonymous_reply_count":0,"_bbp_topic_count_hidden":0,"_bbp_reply_count_hidden":0,"_bbp_forum_subforum_count":0,"footnotes":""},"categories":[1,4],"tags":[],"class_list":["post-1471","post","type-post","status-publish","format-standard","has-post-thumbnail","hentry","category-general","category-portada"],"post_mailing_queue_ids":[],"_links":{"self":[{"href":"https:\/\/agora.xtec.cat\/escolaflorestasabadell\/wp-json\/wp\/v2\/posts\/1471","targetHints":{"allow":["GET"]}}],"collection":[{"href":"https:\/\/agora.xtec.cat\/escolaflorestasabadell\/wp-json\/wp\/v2\/posts"}],"about":[{"href":"https:\/\/agora.xtec.cat\/escolaflorestasabadell\/wp-json\/wp\/v2\/types\/post"}],"author":[{"embeddable":true,"href":"https:\/\/agora.xtec.cat\/escolaflorestasabadell\/wp-json\/wp\/v2\/users\/1"}],"replies":[{"embeddable":true,"href":"https:\/\/agora.xtec.cat\/escolaflorestasabadell\/wp-json\/wp\/v2\/comments?post=1471"}],"version-history":[{"count":2,"href":"https:\/\/agora.xtec.cat\/escolaflorestasabadell\/wp-json\/wp\/v2\/posts\/1471\/revisions"}],"predecessor-version":[{"id":1476,"href":"https:\/\/agora.xtec.cat\/escolaflorestasabadell\/wp-json\/wp\/v2\/posts\/1471\/revisions\/1476"}],"wp:featuredmedia":[{"embeddable":true,"href":"https:\/\/agora.xtec.cat\/escolaflorestasabadell\/wp-json\/wp\/v2\/media\/1475"}],"wp:attachment":[{"href":"https:\/\/agora.xtec.cat\/escolaflorestasabadell\/wp-json\/wp\/v2\/media?parent=1471"}],"wp:term":[{"taxonomy":"category","embeddable":true,"href":"https:\/\/agora.xtec.cat\/escolaflorestasabadell\/wp-json\/wp\/v2\/categories?post=1471"},{"taxonomy":"post_tag","embeddable":true,"href":"https:\/\/agora.xtec.cat\/escolaflorestasabadell\/wp-json\/wp\/v2\/tags?post=1471"}],"curies":[{"name":"wp","href":"https:\/\/api.w.org\/{rel}","templated":true}]}}