{"id":3915,"date":"2024-10-23T16:27:18","date_gmt":"2024-10-23T14:27:18","guid":{"rendered":"https:\/\/agora.xtec.cat\/escolaeuropa\/?p=3915"},"modified":"2024-10-23T16:28:38","modified_gmt":"2024-10-23T14:28:38","slug":"treballem-lautoestima-i-el-benestar-emocional","status":"publish","type":"post","link":"https:\/\/agora.xtec.cat\/escolaeuropa\/general\/treballem-lautoestima-i-el-benestar-emocional\/","title":{"rendered":"Treballem l\u2019autoestima i el benestar emocional"},"content":{"rendered":"<p>L\u2019alumnat de cinqu\u00e8 ha realitzat un taller a c\u00e0rrec de l\u2019associaci\u00f3 irlandesa Made For More. Han treballat valors importants com l\u2019autoestima i el benestar emocional passant-s\u2019ho d\u2019all\u00f2 m\u00e9s b\u00e9. Aquest taller s&#8217;ha realitzat en llengua anglesa.<\/p>\n<p><a href=\"https:\/\/agora.xtec.cat\/escolaeuropa\/general\/treballem-lautoestima-i-el-benestar-emocional\/attachment\/img_6468-1\/\" rel=\"attachment wp-att-3916\"><img loading=\"lazy\" decoding=\"async\" class=\"alignnone size-full wp-image-3916\" src=\"https:\/\/agora.xtec.cat\/escolaeuropa\/wp-content\/uploads\/usu2148\/2024\/10\/IMG_6468-1-scaled.jpg\" alt=\"\" width=\"2560\" height=\"1920\" srcset=\"https:\/\/agora.xtec.cat\/escolaeuropa\/wp-content\/uploads\/usu2148\/2024\/10\/IMG_6468-1-scaled.jpg 2560w, https:\/\/agora.xtec.cat\/escolaeuropa\/wp-content\/uploads\/usu2148\/2024\/10\/IMG_6468-1-300x225.jpg 300w, https:\/\/agora.xtec.cat\/escolaeuropa\/wp-content\/uploads\/usu2148\/2024\/10\/IMG_6468-1-1024x768.jpg 1024w, https:\/\/agora.xtec.cat\/escolaeuropa\/wp-content\/uploads\/usu2148\/2024\/10\/IMG_6468-1-768x576.jpg 768w, https:\/\/agora.xtec.cat\/escolaeuropa\/wp-content\/uploads\/usu2148\/2024\/10\/IMG_6468-1-1536x1152.jpg 1536w, https:\/\/agora.xtec.cat\/escolaeuropa\/wp-content\/uploads\/usu2148\/2024\/10\/IMG_6468-1-2048x1536.jpg 2048w, https:\/\/agora.xtec.cat\/escolaeuropa\/wp-content\/uploads\/usu2148\/2024\/10\/IMG_6468-1-200x150.jpg 200w\" sizes=\"auto, (max-width: 2560px) 100vw, 2560px\" \/><\/a><\/p>\n","protected":false},"excerpt":{"rendered":"<p>L\u2019alumnat de cinqu\u00e8 ha realitzat un taller a c\u00e0rrec de l\u2019associaci\u00f3 irlandesa Made For More. Han treballat valors importants com l\u2019autoestima i el benestar emocional passant-s\u2019ho d\u2019all\u00f2 m\u00e9s b\u00e9. Aquest taller s&#8217;ha realitzat en llengua anglesa.<\/p>\n","protected":false},"author":6,"featured_media":0,"comment_status":"open","ping_status":"closed","sticky":false,"template":"","format":"standard","meta":{"_bbp_topic_count":0,"_bbp_reply_count":0,"_bbp_total_topic_count":0,"_bbp_total_reply_count":0,"_bbp_voice_count":0,"_bbp_anonymous_reply_count":0,"_bbp_topic_count_hidden":0,"_bbp_reply_count_hidden":0,"_bbp_forum_subforum_count":0,"site-sidebar-layout":"default","site-content-layout":"","ast-site-content-layout":"","site-content-style":"default","site-sidebar-style":"default","ast-global-header-display":"","ast-banner-title-visibility":"","ast-main-header-display":"","ast-hfb-above-header-display":"","ast-hfb-below-header-display":"","ast-hfb-mobile-header-display":"","site-post-title":"","ast-breadcrumbs-content":"","ast-featured-img":"","footer-sml-layout":"","theme-transparent-header-meta":"","adv-header-id-meta":"","stick-header-meta":"","header-above-stick-meta":"","header-main-stick-meta":"","header-below-stick-meta":"","astra-migrate-meta-layouts":"default","ast-page-background-enabled":"default","ast-page-background-meta":{"desktop":{"background-color":"var(--ast-global-color-4)","background-image":"","background-repeat":"repeat","background-position":"center center","background-size":"auto","background-attachment":"scroll","background-type":"","background-media":"","overlay-type":"","overlay-color":"","overlay-opacity":"","overlay-gradient":""},"tablet":{"background-color":"","background-image":"","background-repeat":"repeat","background-position":"center center","background-size":"auto","background-attachment":"scroll","background-type":"","background-media":"","overlay-type":"","overlay-color":"","overlay-opacity":"","overlay-gradient":""},"mobile":{"background-color":"","background-image":"","background-repeat":"repeat","background-position":"center center","background-size":"auto","background-attachment":"scroll","background-type":"","background-media":"","overlay-type":"","overlay-color":"","overlay-opacity":"","overlay-gradient":""}},"ast-content-background-meta":{"desktop":{"background-color":"var(--ast-global-color-5)","background-image":"","background-repeat":"repeat","background-position":"center center","background-size":"auto","background-attachment":"scroll","background-type":"","background-media":"","overlay-type":"","overlay-color":"","overlay-opacity":"","overlay-gradient":""},"tablet":{"background-color":"var(--ast-global-color-5)","background-image":"","background-repeat":"repeat","background-position":"center center","background-size":"auto","background-attachment":"scroll","background-type":"","background-media":"","overlay-type":"","overlay-color":"","overlay-opacity":"","overlay-gradient":""},"mobile":{"background-color":"var(--ast-global-color-5)","background-image":"","background-repeat":"repeat","background-position":"center center","background-size":"auto","background-attachment":"scroll","background-type":"","background-media":"","overlay-type":"","overlay-color":"","overlay-opacity":"","overlay-gradient":""}},"footnotes":""},"categories":[10,1,4],"tags":[365,132],"class_list":["post-3915","post","type-post","status-publish","format-standard","hentry","category-6e","category-general","category-portada","tag-angles","tag-educacio-emocional"],"post_mailing_queue_ids":[],"_links":{"self":[{"href":"https:\/\/agora.xtec.cat\/escolaeuropa\/wp-json\/wp\/v2\/posts\/3915","targetHints":{"allow":["GET"]}}],"collection":[{"href":"https:\/\/agora.xtec.cat\/escolaeuropa\/wp-json\/wp\/v2\/posts"}],"about":[{"href":"https:\/\/agora.xtec.cat\/escolaeuropa\/wp-json\/wp\/v2\/types\/post"}],"author":[{"embeddable":true,"href":"https:\/\/agora.xtec.cat\/escolaeuropa\/wp-json\/wp\/v2\/users\/6"}],"replies":[{"embeddable":true,"href":"https:\/\/agora.xtec.cat\/escolaeuropa\/wp-json\/wp\/v2\/comments?post=3915"}],"version-history":[{"count":4,"href":"https:\/\/agora.xtec.cat\/escolaeuropa\/wp-json\/wp\/v2\/posts\/3915\/revisions"}],"predecessor-version":[{"id":3920,"href":"https:\/\/agora.xtec.cat\/escolaeuropa\/wp-json\/wp\/v2\/posts\/3915\/revisions\/3920"}],"wp:attachment":[{"href":"https:\/\/agora.xtec.cat\/escolaeuropa\/wp-json\/wp\/v2\/media?parent=3915"}],"wp:term":[{"taxonomy":"category","embeddable":true,"href":"https:\/\/agora.xtec.cat\/escolaeuropa\/wp-json\/wp\/v2\/categories?post=3915"},{"taxonomy":"post_tag","embeddable":true,"href":"https:\/\/agora.xtec.cat\/escolaeuropa\/wp-json\/wp\/v2\/tags?post=3915"}],"curies":[{"name":"wp","href":"https:\/\/api.w.org\/{rel}","templated":true}]}}